{"id":28420,"date":"2021-01-17T21:55:59","date_gmt":"2021-01-17T20:55:59","guid":{"rendered":"http:\/\/fegrama.cat\/web\/?p=28420"},"modified":"2021-01-17T22:06:59","modified_gmt":"2021-01-17T21:06:59","slug":"el-cerdanyola-es-lider-a-costa-de-la-grama","status":"publish","type":"post","link":"http:\/\/fegrama.cat\/web\/el-cerdanyola-es-lider-a-costa-de-la-grama\/","title":{"rendered":"El Cerdanyola \u00e9s l\u00edder a costa de la Grama"},"content":{"rendered":"\n<p class=\"has-medium-font-size\"><strong>Derrota colomenca contra un Cerdanyola l\u00edder que va tenir prou amb una bona segona part per doblegar a l\u2019equip de Pons.<\/strong> (foto: Joan Villagrasa)<\/p>\n\n\n\n<p>Amb tres baixes molt importants com les de Adil, Juan Carlos i Machuca es presentava la Grama al partit de la jornada 12 del campionat contra un rival molt regular que est\u00e0 en la lluita pel liderat. El t\u00e8cnic de la Grama&nbsp; sortia d\u2019inici amb: Guiseris en porteria; Lucas i V\u00edctor a l\u2019eix de la defensa; Linares i Pe\u00f1a als laterals; Anto, Yeray i Roger al centre del camp; \u00c1ngel i Franco a les bandes; I \u00d3scar Mu\u00f1oz en punta.<\/p>\n\n\n\n<p>La pilota comen\u00e7ava a rodar justament a les 11:45h i, dos minuts despr\u00e9s, l\u2019equip del Vall\u00e9s ja gaudia de la primera gran ocasi\u00f3 del partit. Pr\u00e0cticament a la primera jugada, un c\u00f3rner a l\u2019esquerra de Guiseris acaba a les botes d\u2019Uri que engaltava a la frontal de la petita. Tots cantaven el gol per\u00f2 all\u00e0 estava sota pals Roger Garc\u00eda per treure l\u2019esf\u00e8ric i salvar als colomencs d\u2019un gol tan matiner. &nbsp;<\/p>\n\n\n\n<p>La resposta de la Grama no va trigar en arribar encara que de manera molt t\u00edmida. Jonathan Linares va ca\u00e7ar una pilota a la frontal i el xut centradet no va suposar problemes per la porteria vallesana.<\/p>\n\n\n\n<p>Encara aix\u00ed, \u00d3scar Mu\u00f1oz va tenir una altra ocasi\u00f3 guanyant l\u2019esquena als centrals i encarant al porter del Cerdanyola. El davanter blau va picar la piloteta per sota de les cames de Manu que, in extremis, va enviar la pilota a c\u00f3rner al minut 9 de joc.<\/p>\n\n\n\n<p>Amb el pas dels minuts el centre campisme es va imposar mostrant una igualtat m\u00e0xima entre els dos equips i poques ocasions a les \u00e0rees. La Grama es mostrava com un equip ordenat al darrera i capacitat per fer mal al Cerdanyola amb un \u00d3scar Mu\u00f1oz insistint davant dels centrals visitants.<\/p>\n\n\n\n<p>Entre les poques ocasions que hi van haver en aquesta primera meitat cal destacar tamb\u00e9 una bona centrada per banda esquerra d\u2019\u00c0ngel que esperava en boca de can\u00f3 \u00d3scar per\u00f2 que va refusar Mart\u00ed enviant-la a corner al minut 38.<\/p>\n\n\n\n<p>El col\u00b7legiat va assenyalar el cam\u00ed de vestidors amb una primera part molt igualada on els nostres van donar la cara i on el Cerdanyola no va fer notar la seva posici\u00f3 a la classificaci\u00f3. 0-0 al descans.<\/p>\n\n\n\n<p>Ja a la segona meitat el guio va canviar radicalment. La xerrada al descans de Toni Carrillo es va reflectir a la perfecci\u00f3 en el plantejament de la represa i podem dir que el Cerdanyola va esborrar del camp a l\u2019equip de Pons durant gran part del segon temps.<\/p>\n\n\n\n<p>En aquest inici de pressi\u00f3 extrema del Cerdanyola la Grama es defensava al seu camp amb bloc baix i tractant de mantenir el tipus.<\/p>\n\n\n\n<p>La insist\u00e8ncia dels visitants va provocar un seguit de corners i faltes a la frontal de l\u2019\u00e0rea de la Grama durant els primers minuts de la represa. I si alguna cosa t\u00e9 apresa l\u2019equip de Carrillo \u00e9s aprofitar al m\u00e0xim les ocasions a pilota aturada. En una d\u2019elles, al minut 56, l\u2019esf\u00e8ric que semblava pr\u00e0cticament inofensiu va picar al cap de Roger Pe\u00f1a, anotant el 0-1. Gol en pr\u00f2pia porta que donava premi a un Cerdanyola amb les idees molt clares.<\/p>\n\n\n\n<p>El gol va fer molt de mal a l\u2019equip de Juanma Pons. An\u00edmicament van acusar el cop i el domini inicial del Cerdanyola es va fer m\u00e9s notable.<\/p>\n\n\n\n<p>De nou a pilota aturada, amb una centrada des de banda esquerra, el pitxitxi del grup, Javi L\u00f3pez va guanyar la partida a tots els defensors colomencs anotant el 0-2 quan s\u2019havien jugat 62 minuts de partit.<\/p>\n\n\n\n<p>La superioritat del Cerdanyola en la segona meitat i el pas endavant de Carrillo, eren ja un fet demostrable amb els n\u00fameros del marcador per\u00f2 no s\u2019havia d\u2019aturar aqu\u00ed. En deu minuts nefastos, l\u2019equip colomenc va sucumbir. Per arrodonir el resultat, &nbsp;Servetti va finalitzar una contra excel\u00b7lent del Cerdanyola creuant la pilota sobre Guiseris al minut 67.<\/p>\n\n\n\n<p>Des de la consecuci\u00f3 del tercer gol, els vallesans no van fer m\u00e9s sang i va comen\u00e7ar el carrusel de canvis en ambd\u00f3s equips. Per part de la Grama hem de destacar dos debuts dels quals ens sentim orgullosos. Van debutar en categoria nacional dos nois de la casa com Bruno Villagrasa i Aleix D\u00edaz. Ambd\u00f3s han esperat pacientment la seva oportunitat durant una volta completa del campionat per\u00f2 ha merescut la pena i, tot i el resultat, es una data que no oblidaran.<\/p>\n\n\n\n<p>La seva incorporaci\u00f3 i els canvis que va introduir Juanma Pons amb un marcador molt advers van servir per aguantar l\u2019equip durant la recta final del matx on els nostres no van abaixar els bra\u00e7os.<\/p>\n\n\n\n<p>El Cerdanyola es sabia guanyador del partit i, com era d\u2019esperar, va limitar-se a tancar espais i sortir a la contra de manera molt perillosa mentre la Grama intentava maquillar el resultat amb m\u00e9s cor que cap.<\/p>\n\n\n\n<p>Finalment el marcador no es va moure i els colomencs van caure en aquesta primera jornada de la segona volta. Encara queda molt campionat per davant i estem conven\u00e7uts que els nostres s\u2019hi deixaran la pell cada setmana per aconseguir l\u2019objectiu. La propera cita ser\u00e0 la setmana que ve a Vilatenim contra el Figueres.<\/p>\n\n\n\n<p><a href=\"https:\/\/www.fcf.cat\/es\/acta\/2021\/futbol-11\/tercera-divisio-nacional\/grup-5b\/aa\/fundacio-esportiva-grama-a\/aa\/cerdanyola-valles-fc-a\">CLIQUEU PER VEURE L\u2019ACTA DEL PARTIT<\/a><\/p>\n\n\n\n<p><a href=\"https:\/\/www.fcf.cat\/es\/classificacio\/2021\/futbol-11\/tercera-divisio-nacional\/grup-5b\">CLIQUEU PER VEURE LA CLASSIFICACI\u00d3 DE 3DIV5<\/a><\/p>\n\n\n\n<hr class=\"wp-block-separator\"\/>\n\n\n\n<figure class=\"wp-block-image size-large is-resized\"><img loading=\"lazy\" decoding=\"async\" src=\"http:\/\/fegrama.cat\/web\/wp-content\/uploads\/2021\/01\/3fc59c84-dd83-4415-a5d3-f3bde5d13199-1024x759.jpg\" alt=\"\" class=\"wp-image-28423\" width=\"686\" height=\"508\" srcset=\"http:\/\/fegrama.cat\/web\/wp-content\/uploads\/2021\/01\/3fc59c84-dd83-4415-a5d3-f3bde5d13199-1024x759.jpg 1024w, http:\/\/fegrama.cat\/web\/wp-content\/uploads\/2021\/01\/3fc59c84-dd83-4415-a5d3-f3bde5d13199-300x222.jpg 300w, http:\/\/fegrama.cat\/web\/wp-content\/uploads\/2021\/01\/3fc59c84-dd83-4415-a5d3-f3bde5d13199-768x569.jpg 768w, http:\/\/fegrama.cat\/web\/wp-content\/uploads\/2021\/01\/3fc59c84-dd83-4415-a5d3-f3bde5d13199-1536x1139.jpg 1536w, http:\/\/fegrama.cat\/web\/wp-content\/uploads\/2021\/01\/3fc59c84-dd83-4415-a5d3-f3bde5d13199.jpg 2048w\" sizes=\"auto, (max-width: 686px) 100vw, 686px\" \/><figcaption>Once inicial de la jormada 12 (Foto: Sergi Garc\u00eda)<\/figcaption><\/figure>\n\n\n\n<p class=\"has-medium-font-size\"><strong>Derrota colomense contra un Cerdanyola l\u00edder que tuvo suficiente con una buena segunda parte para doblegar al equipo de Pons.<\/strong><\/p>\n\n\n\n<p>Con tres bajas muy importantes como las de Adil, Juan Carlos y Machuca se presentaba la Grama al partido de la jornada 12 del campeonato contra un rival muy regular que est\u00e1 en la lucha por el liderato. El t\u00e9cnico de la Grama sal\u00eda de inicio con: Guiseris en porter\u00eda; Lucas y V\u00edctor en el eje de la defensa; Linares y Pe\u00f1a en los laterales; Anto, Yeray y Roger en el centro del campo; \u00c1ngel y Franco en las bandas; Y \u00d3scar Mu\u00f1oz en punta.<\/p>\n\n\n\n<p>El bal\u00f3n empezaba a rodar justamente a las 11: 45h y, dos minutos despu\u00e9s, el equipo del Vall\u00e9s ya gozaba de la primera gran ocasi\u00f3n del partido. Pr\u00e1cticamente en la primera jugada, un c\u00f3rner a la izquierda de Guiseris termina en las botas de Uri que la enganch\u00f3 en la frontal de la peque\u00f1a. Todos cantaban el gol pero all\u00ed estaba bajo palos Roger Garc\u00eda para sacar el esf\u00e9rico y salvar a los colomenses de un gol tan tempranero.<\/p>\n\n\n\n<p>La respuesta de la Grama no tard\u00f3 en llegar aunque de manera muy t\u00edmida. Jonathan Linares caz\u00f3 un bal\u00f3n en la frontal y el disparo centradito no supuso problemas para la porter\u00eda vallesana.<br>A\u00fan as\u00ed, \u00d3scar Mu\u00f1oz tuvo otra ocasi\u00f3n ganando la espalda a los centrales y encarando al portero del Cerdanyola. El delantero azul pic\u00f3 la pelotita por debajo de las piernas de Manu que, in extremis, envi\u00f3 el bal\u00f3n a c\u00f3rner en el minuto 9 de juego.<\/p>\n\n\n\n<p>Con el paso de los minutos el centrocampismo se impuso mostrando una igualdad m\u00e1xima entre los dos equipos y pocas ocasiones en las \u00e1reas. La Grama se mostraba como un equipo ordenado atr\u00e1s y con capacidad para hacer da\u00f1o al Cerdanyola con un \u00d3scar Mu\u00f1oz insistiendo ante los centrales visitantes.<br>Entre las pocas ocasiones que tuvieron en esta primera mitad cabe destacar tambi\u00e9n un buen centro por banda izquierda de \u00c1ngel que esperaba en boca de ca\u00f1\u00f3n \u00d3scar pero que despej\u00f3 Mart\u00ed envi\u00e1ndola a c\u00f3rner en el minuto 38.<\/p>\n\n\n\n<p>El colegiado se\u00f1al\u00f3 el camino de vestuarios con una primera parte muy igualada donde los nuestros dieron la cara y donde el Cerdanyola no hizo notar su posici\u00f3n en la clasificaci\u00f3n. 0-0 al descanso.<\/p>\n\n\n\n<p>Ya en la segunda mitad el gui\u00f3n cambi\u00f3 radicalmente. La charla en el descanso de Toni Carrillo se reflej\u00f3 a la perfecci\u00f3n en el planteamiento de la reanudaci\u00f3n y podemos decir que el Cerdanyola borr\u00f3 del campo al equipo de Pons durante gran parte del segundo tiempo.<br>En este inicio de presi\u00f3n extrema del Cerdanyola la Grama se defend\u00eda en su campo con bloque bajo y tratando de mantener el tipo.<\/p>\n\n\n\n<p>La insistencia de los visitantes provoc\u00f3 una serie de corners y faltas en la frontal del \u00e1rea de la Grama durante los primeros minutos de la reanudaci\u00f3n. Y si algo tiene aprendido el equipo de Carrillo es aprovechar al m\u00e1ximo las ocasiones a bal\u00f3n parado. En una de ellas, en el minuto 56, un esf\u00e9rico que parec\u00eda pr\u00e1cticamente inofensivo pic\u00f3 en la cabeza de Roger Pe\u00f1a, anotando el 0-1. Gol en propia puerta que daba premio a un Cerdanyola con las ideas muy claras.<\/p>\n\n\n\n<p><br>El gol hizo mucho da\u00f1o al equipo de Juanma Pons. An\u00edmicamente acusaron el golpe y el dominio inicial del Cerdanyola se hizo m\u00e1s notable.<br>De nuevo a bal\u00f3n parado, con una pelota centrada desde banda izquierda, el pichichi del grupo, Javi L\u00f3pez gan\u00f3 la partida a todos los defensores colomenses anotando el 0-2 cuando se hab\u00edan jugado 62 minutos de partido.<\/p>\n\n\n\n<p>La superioridad del Cerdanyola en la segunda mitad y el paso adelante de Carrillo, eran ya un hecho demostrable con los n\u00fameros del marcador pero no se iba a detener aqu\u00ed. En diez minutos nefastos, el equipo colomense sucumbi\u00f3. Para redondear el resultado, Servetti finaliz\u00f3 una contra excelente del Cerdanyola cruzando el bal\u00f3n sobre Guiseris el minuto 67.<\/p>\n\n\n\n<p>Desde la consecuci\u00f3n del tercer gol, los vallesanos no hicieron m\u00e1s sangre y comenz\u00f3 el carrusel de cambios en ambos equipos. Por parte de la Grama debemos destacar dos debuts de los que nos sentimos orgullosos. Debutaron en categor\u00eda nacional dos chicos de la casa como Bruno Villagrasa y Aleix D\u00edaz. Ambos han esperado pacientemente su oportunidad durante una vuelta completa del campeonato pero ha merecido la pena y, a pesar del resultado, es una fecha que no olvidar\u00e1n.<\/p>\n\n\n\n<p>Su incorporaci\u00f3n y los cambios que introdujo Juanma Pons con un marcador muy adverso sirvieron para aguantar el equipo durante la recta final del encuentro donde los nuestros no bajaron los brazos.<br>El Cerdanyola se sab\u00eda ganador del partido y, como era de esperar, se limit\u00f3 a cerrar espacios y salir a la contra de manera muy peligrosa mientras la Grama intentaba maquillar el resultado con m\u00e1s coraz\u00f3n que cabeza.<\/p>\n\n\n\n<p>Finalmente el marcador no se movi\u00f3 y los colomenses cayeron en esta primera jornada de la segunda vuelta. A\u00fan queda mucho campeonato por delante y estamos convencidos de que los nuestros se dejar\u00e1n la piel cada semana para conseguir el objetivo. La pr\u00f3xima cita ser\u00e1 la semana que viene en Vilatenim contra el Figueres.<\/p>\n\n\n\n<p><a href=\"https:\/\/www.fcf.cat\/es\/acta\/2021\/futbol-11\/tercera-divisio-nacional\/grup-5b\/aa\/fundacio-esportiva-grama-a\/aa\/cerdanyola-valles-fc-a\">CLICAD PARA VER EL ACTA DEL PARTIDO<\/a><br><a href=\"https:\/\/www.fcf.cat\/es\/classificacio\/2021\/futbol-11\/tercera-divisio-nacional\/grup-5b\">CLICAD PARA VER LA CLASIFICACI\u00d3N DE 3DIV5<\/a><\/p>\n","protected":false},"excerpt":{"rendered":"<p>Derrota colomenca contra un Cerdanyola l\u00edder que va tenir prou amb una bona segona part per doblegar a l\u2019equip de Pons. (foto: Joan Villagrasa) Amb tres baixes molt importants com les de Adil, Juan Carlos i Machuca es presentava la Grama al partit de la jornada 12 del campionat contra un rival molt regular que [&hellip;]<\/p>\n","protected":false},"author":1,"featured_media":28422,"comment_status":"closed","ping_status":"closed","sticky":false,"template":"","format":"standard","meta":{"footnotes":""},"categories":[4,5],"tags":[],"class_list":["post-28420","post","type-post","status-publish","format-standard","has-post-thumbnail","hentry","category-base-inclusiu","category-primer-equip"],"_links":{"self":[{"href":"http:\/\/fegrama.cat\/web\/wp-json\/wp\/v2\/posts\/28420","targetHints":{"allow":["GET"]}}],"collection":[{"href":"http:\/\/fegrama.cat\/web\/wp-json\/wp\/v2\/posts"}],"about":[{"href":"http:\/\/fegrama.cat\/web\/wp-json\/wp\/v2\/types\/post"}],"author":[{"embeddable":true,"href":"http:\/\/fegrama.cat\/web\/wp-json\/wp\/v2\/users\/1"}],"replies":[{"embeddable":true,"href":"http:\/\/fegrama.cat\/web\/wp-json\/wp\/v2\/comments?post=28420"}],"version-history":[{"count":1,"href":"http:\/\/fegrama.cat\/web\/wp-json\/wp\/v2\/posts\/28420\/revisions"}],"predecessor-version":[{"id":28424,"href":"http:\/\/fegrama.cat\/web\/wp-json\/wp\/v2\/posts\/28420\/revisions\/28424"}],"wp:featuredmedia":[{"embeddable":true,"href":"http:\/\/fegrama.cat\/web\/wp-json\/wp\/v2\/media\/28422"}],"wp:attachment":[{"href":"http:\/\/fegrama.cat\/web\/wp-json\/wp\/v2\/media?parent=28420"}],"wp:term":[{"taxonomy":"category","embeddable":true,"href":"http:\/\/fegrama.cat\/web\/wp-json\/wp\/v2\/categories?post=28420"},{"taxonomy":"post_tag","embeddable":true,"href":"http:\/\/fegrama.cat\/web\/wp-json\/wp\/v2\/tags?post=28420"}],"curies":[{"name":"wp","href":"https:\/\/api.w.org\/{rel}","templated":true}]}}