{"id":28416,"date":"2021-01-11T17:02:28","date_gmt":"2021-01-11T16:02:28","guid":{"rendered":"http:\/\/fegrama.cat\/web\/?p=28416"},"modified":"2021-01-11T17:02:28","modified_gmt":"2021-01-11T16:02:28","slug":"punt-in-extremis-pel-juvenil-a-llagostera","status":"publish","type":"post","link":"http:\/\/fegrama.cat\/web\/punt-in-extremis-pel-juvenil-a-llagostera\/","title":{"rendered":"Punt in extremis pel Juvenil a Llagostera"},"content":{"rendered":"\n<div class=\"wp-block-group\"><div class=\"wp-block-group__inner-container is-layout-flow wp-block-group-is-layout-flow\">\n<h3>Amb m\u00e8rits per endur-se la vict\u00f2ria, els nois de Manu Pel\u00e1ez\u00a0empaten contra un rival invicte.<\/h3>\n<p>Sortien molt concentrats els colomencs lluint l\u2019equipaci\u00f3 vermella. Les primeres aproximacions a l\u2019\u00e0rea van ser pels nostres amb un xut d\u2019Oliver que va sortit desviat i amb una altra ocasi\u00f3 per Nemil amb un remat que aturava el porter local.<\/p>\n<p>La Grama estava ben plantada \u00a0per\u00f2 \u00a0la Llagostera va reaccionar amb un xut des de la frontal que Pedro va poder enviar a corner i amb una nova ocasi\u00f3 que aquesta vegada s\u00ed que va moure el marcador. Va ser al minut 25 quan un desajust defensiu dels nois de Manu Pelaez, ho aprofitaven els locals per posar l\u20191-0 al marcador.<\/p>\n<p>Sense baixar els bra\u00e7os, els nostres van buscar l\u2019empat tan aviat com fos possible i la insist\u00e8ncia no es va reflectir al marcador durant la primera meitat per\u00f2 s\u00ed que va suposar un cop dur pels gironins que van veure com Adri\u00e0 Garc\u00eda rebia la segona groga als 44 minuts i deixava al seu equip amb un home menys amb tota la segona part per davant.<\/p>\n<p>Amb superioritat num\u00e8rica pels colomencs, el guio de la represa es preveia com un mon\u00f2leg de la Grama i realment va ser aix\u00ed.<\/p>\n<p>Nemil ho va intentar insistentment durant tot el matx i va gaudir de dues ocasions molt clares en la segona part fent lluir-se a Arnau Torras.<\/p>\n<p>Movia la banqueta Manu Pelaez posant tota l\u2019artilleria sobre el terreny de joc amb quatre nois ofensius com Vicen\u00e7, Rub\u00e9n, Hugo i \u00d3scar. Es tractava de buscar l\u2019empat de totes totes i el primer en tenir-ho a prop va ser Rub\u00e9n amb un xut des de la frontal que va sortit fregant el pal. Despr\u00e9s ho va intentar Hugo amb un remat que va poder refusar un defensor.<\/p>\n<p>De tant insistir, despr\u00e9s de tenir a l\u2019equip local tancat al seu terreny de joc durant molts minuts, Vicen\u00e7 va engaltar un potent xut amb l\u2019esquerra que es va allotjar a les xarxes per l\u2019escaire anotant l\u2019empat al minut 90.<\/p>\n<p>I amb aquest gol que significava l\u2019empat el col\u00b7legiat va \u00a0assenyalar la fi del partit. Bon punt dels colomencs per comen\u00e7ar l\u2019any contra un rival dif\u00edcil i que ocupa la segona posici\u00f3 a la classificaci\u00f3.<\/p>\n<p><a href=\"https:\/\/www.fcf.cat\/acta\/2021\/futbol-11\/lliga-nacional-juvenil\/grup-7b\/nj\/llagostera-ue-a\/nj\/fundacio-esportiva-grama-a\">CLIQUEU PER VEURE L\u2019ACTA DEL PARTIT<\/a><\/p>\n<p><a href=\"https:\/\/www.fcf.cat\/classificacio\/2021\/futbol-11\/lliga-nacional-juvenil\/grup-7b\">CLIQUEU PER VEURE LA CLASSIFICACI\u00d3 DE LNJ7<\/a><\/p>\n<p class=\"has-medium-font-size\" style=\"margin: 0cm 0cm 0.0001pt; text-align: center;\">&#8212;&#8212;&#8212;&#8212;&#8212;&#8212;&#8212;&#8212;&#8212;&#8212;&#8212;&#8212;&#8212;&#8212;&#8212;&#8212;-<\/p>\n\n\n\n<p class=\"has-medium-font-size\"><strong>Con m\u00e9ritos para llevarse la victoria, los chicos de Manu Pel\u00e1ez empatan contra un rival invicto.<\/strong><\/p>\n\n\n\n<p><br>Sal\u00edan muy concentrados los colomenses luciendo la equipaci\u00f3n roja. Las primeras aproximaciones al \u00e1rea fueron para los nuestros con un disparo de Oliver que sali\u00f3 desviado y con otra ocasi\u00f3n para Nemil con un chute que paraba el portero local.<\/p>\n\n\n\n<p>La Grama estaba bien plantada pero la Llagostera reaccion\u00f3 con un disparo desde la frontal que Pedro pudo enviar a corner y con una nueva ocasi\u00f3n que esta vez s\u00ed que movi\u00f3 el marcador. Fue en el minuto 25 cuando un desajuste defensivo de los chicos de Manu Pelaez, lo aprovechaban los locales para poner el 1-0 en el marcador.<\/p>\n\n\n\n<p>Sin bajar los brazos, los nuestros buscaron el empate tan pronto como fuera posible y la insistencia no se reflej\u00f3 en el marcador durante la primera mitad pero s\u00ed supuso un duro golpe para los gerundenses que vieron como Adri\u00e0 Garc\u00eda recib\u00eda la segunda amarilla a los 44 minutos y dejaba a su equipo con un hombre menos con toda la segunda parte por delante.<\/p>\n\n\n\n<p>Con superioridad num\u00e9rica para los colomenses, el gui\u00f3n de la reanudaci\u00f3n se preve\u00eda como un mon\u00f3logo de la Grama y realmente fue as\u00ed.<br>Nemil lo intent\u00f3 insistentemente durante todo el encuentro y disfrut\u00f3 de dos ocasiones muy claras en la segunda parte haciendo lucirse a Arnau Torras.<\/p>\n\n\n\n<p>Mov\u00eda el banquillo Manu Pelaez poniendo toda la artiller\u00eda sobre el terreno de juego con cuatro chicos ofensivos como Vicen\u00e7, Rub\u00e9n, Hugo y \u00d3scar. Se trataba de buscar el empate a toda costa y el primero en tenerlo cerca fue Rub\u00e9n con un disparo desde la frontal que sali\u00f3 rozando el palo. Luego lo intent\u00f3 Hugo con un remate que pudo rechazar un defensor.<\/p>\n\n\n\n<p>De tanto insistir, despu\u00e9s de tener al equipo local encerrado en su terreno de juego durante muchos minutos, Vicen\u00e7 enganch\u00f3 un potente zurdazo que se aloj\u00f3 en las redes por la escuadra anotando el empate en el minuto 90 .<\/p>\n\n\n\n<p>Y con este gol que significaba el empate el colegiado se\u00f1al\u00f3 el final del partido. Buen punto para los colomenses, buen comienzo de a\u00f1o contra un rival dif\u00edcil y que ocupa la segunda posici\u00f3n en la clasificaci\u00f3n.<\/p>\n\n\n\n<p><a href=\"https:\/\/www.fcf.cat\/acta\/2021\/futbol-11\/lliga-nacional-juvenil\/grup-7b\/nj\/llagostera-ue-a\/nj\/fundacio-esportiva-grama-a\">CLICAD PARA VER EL ACTA DEL PARTIDO<\/a><br><a href=\"https:\/\/www.fcf.cat\/classificacio\/2021\/futbol-11\/lliga-nacional-juvenil\/grup-7b\">CLICAD PARA VER LA CLASIFICACI\u00d3N DE LNJ7<\/a><\/p>\n<\/div><\/div>\n","protected":false},"excerpt":{"rendered":"<p>Amb m\u00e8rits per endur-se la vict\u00f2ria, els nois de Manu Pel\u00e1ez\u00a0empaten contra un rival invicte. Sortien molt concentrats els colomencs lluint l\u2019equipaci\u00f3 vermella. Les primeres aproximacions a l\u2019\u00e0rea van ser pels nostres amb un xut d\u2019Oliver que va sortit desviat i amb una altra ocasi\u00f3 per Nemil amb un remat que aturava el porter local. [&hellip;]<\/p>\n","protected":false},"author":1,"featured_media":28417,"comment_status":"closed","ping_status":"closed","sticky":false,"template":"","format":"standard","meta":{"footnotes":""},"categories":[4,6],"tags":[],"class_list":["post-28416","post","type-post","status-publish","format-standard","has-post-thumbnail","hentry","category-base-inclusiu","category-juvenils"],"_links":{"self":[{"href":"http:\/\/fegrama.cat\/web\/wp-json\/wp\/v2\/posts\/28416","targetHints":{"allow":["GET"]}}],"collection":[{"href":"http:\/\/fegrama.cat\/web\/wp-json\/wp\/v2\/posts"}],"about":[{"href":"http:\/\/fegrama.cat\/web\/wp-json\/wp\/v2\/types\/post"}],"author":[{"embeddable":true,"href":"http:\/\/fegrama.cat\/web\/wp-json\/wp\/v2\/users\/1"}],"replies":[{"embeddable":true,"href":"http:\/\/fegrama.cat\/web\/wp-json\/wp\/v2\/comments?post=28416"}],"version-history":[{"count":1,"href":"http:\/\/fegrama.cat\/web\/wp-json\/wp\/v2\/posts\/28416\/revisions"}],"predecessor-version":[{"id":28418,"href":"http:\/\/fegrama.cat\/web\/wp-json\/wp\/v2\/posts\/28416\/revisions\/28418"}],"wp:featuredmedia":[{"embeddable":true,"href":"http:\/\/fegrama.cat\/web\/wp-json\/wp\/v2\/media\/28417"}],"wp:attachment":[{"href":"http:\/\/fegrama.cat\/web\/wp-json\/wp\/v2\/media?parent=28416"}],"wp:term":[{"taxonomy":"category","embeddable":true,"href":"http:\/\/fegrama.cat\/web\/wp-json\/wp\/v2\/categories?post=28416"},{"taxonomy":"post_tag","embeddable":true,"href":"http:\/\/fegrama.cat\/web\/wp-json\/wp\/v2\/tags?post=28416"}],"curies":[{"name":"wp","href":"https:\/\/api.w.org\/{rel}","templated":true}]}}