{"id":28409,"date":"2020-12-07T17:31:10","date_gmt":"2020-12-07T16:31:10","guid":{"rendered":"http:\/\/fegrama.cat\/web\/?p=28409"},"modified":"2020-12-07T17:31:10","modified_gmt":"2020-12-07T16:31:10","slug":"els-nois-de-manu-ja-guanyen","status":"publish","type":"post","link":"http:\/\/fegrama.cat\/web\/els-nois-de-manu-ja-guanyen\/","title":{"rendered":"Els nois de Manu ja guanyen."},"content":{"rendered":"\n<p class=\"has-medium-font-size\"><strong> Els colomencs, estrenant l&#8217;equipaci\u00f3 vermella, van aconseguir 3 punts importants a la Dani Jarque mostrant un gran nivell.<\/strong><\/p>\n\n\n\n<p>El matx va comen\u00e7ar amb els nois de Manu Pel\u00e1ez mostrant una clara aposta ofensiva i buscant una pressi\u00f3 molt alta al camp de l&#8217;Espanyol. Fruit d&#8217;aquesta pressi\u00f3 arribarien les imprecisions dels nois de Mois\u00e9s Hurtado sentint-se molt inc\u00f2modes sobre el terreny de joc.<\/p>\n\n\n\n<p id=\"block-5e55ae17-390e-409f-bed7-c1d28f7e2ec7\">La Grama tenia la seva maquin\u00e0ria en marxa i era q\u00fcesti\u00f3 de temps que els pericos acabessin cometent una errada en camp propi.\u00a0 Als \u00a010 minuts de Joc va ser Oliver el primer en generar perill sobre la porteria local. La seva rematada de cap en un c\u00f3rner va sortir desviada per poc.<\/p>\n\n\n\n<p>Minuts despr\u00e9s, una gran jugada individual de Ca\u00f1ete no es va veure recompensada ja que el xut final va marxar massa creuat.<\/p>\n\n\n\n<p>Resistia el conjunt perico les embranzides colomenques per\u00f2 encara havien d\u2019arribar les ocasions m\u00e9s clares. A la mitja hora de joc va ser Baul\u00f3 qui, amb un llan\u00e7ament de falta des de la frontal de l\u2019\u00e0rea, estavellava la pilota al travesser.<\/p>\n\n\n\n<p>\u00a1Aquesta no va ser la \u00faltma! Abans del descans, de nou Oliver va ser el protagonista amb una internada per banda esquerra que el deixava m\u00e0 a m\u00e0 contra el porter. Iker Venteo, va salvar per dos vegades les rematades del davanter de la Grama.<\/p>\n\n\n\n<p>Finalment, amb bones sensacions pel Juvenil de la Grama per\u00f2 sense obrir la llauna, el col\u00b7legiat va assenyalar el cam\u00ed de vestidors amb 0-0 a l\u2019electr\u00f2nic.<\/p>\n\n\n\n<p>La represa ens havia de deparar un nou escenari. L\u2019equip dirigit per Mois\u00e9s Hurtado volia canviar la din\u00e0mica i ho va aconseguir. La Grama ja no es sentia tan c\u00f2mode, els pericos circulaven la pilota amb m\u00e9s flu\u00efdesa i obligaven als nostres a marcar dos l\u00ednies ben ordenades i ben col\u00b7locades.<\/p>\n\n\n\n<p>Ning\u00fa pensa venir a la Dani Jarque de passeig i els nois de Manu Pel\u00e1ez ja tenien preparat un pla davant del control per part de l\u2019Espanyol. Es sabien la lli\u00e7\u00f3 de mem\u00f2ria i la van aplicar sobre la gespa de la ciutat espanyolista: havien de curtcircuitar el joc blanc-i-blau i aprofitar les errades rivals per fer transicions r\u00e0pides.<\/p>\n\n\n\n<p>Precisament en una d\u2019aquestes contres, Albert, que havia substitu\u00eft a Oscar al descans, va allotjar la pilota a la xarxa per\u00f2 el col\u00b7legiat va anular el gol per un fora de joc justet.<\/p>\n\n\n\n<p>&nbsp;I l\u2019apoteosi va arribar al minut 61. Un corner tancadet a favor dels colomencs que ni el porter ni els defensors van poder refusar, el va aprofitar Ca\u00f1ete per&nbsp; anotar el 0-1.<\/p>\n\n\n\n<p>Despr\u00e9s de fer m\u00e8rits, per fi els colomencs estaven per davant al marcador i s\u2019havia de patir fins al final.<\/p>\n\n\n\n<p>Els locals no van conformar-se amb el resultat i van buscar l\u2019empat insistentment. Mentre l\u2019Espanyol responia al gol, la Grama tancava espais i es mantenia amb les l\u00ednies ben juntes. Era l\u2019hora del porter colomenc, Marcos Olmo, que va salvar l\u2019empat amb dos grans intervencions.<\/p>\n\n\n\n<p>No estava disposada la Grama a deixar anar la vict\u00f2ria i, fins i tot, la van poder ampliar amb una bona contra d\u2019Albert als 89 minuts de joc. Va respondre b\u00e9 el porter perico evitant el 0-2 i ho van seguir intentant els seus companys bombardejant la porteria colomenca amb Olmo com a figura als instants finals.<\/p>\n\n\n\n<p>El marcador no es va moure i els nois del Juvenil A sumen la primera vict\u00f2ria de la era Manu Pel\u00e1ez amb un partit seri\u00f3s i molt complet. La propera setmana viatgem a Girona per enfrontar-nos a un dels aspirants del grup.<\/p>\n\n\n\n<p><a href=\"https:\/\/www.fcf.cat\/acta\/2021\/futbol-11\/lliga-nacional-juvenil\/grup-7b\/nj\/espanyol-rcd-b\/nj\/fundacio-esportiva-grama-a\" data-type=\"URL\" data-id=\"https:\/\/www.fcf.cat\/acta\/2021\/futbol-11\/lliga-nacional-juvenil\/grup-7b\/nj\/espanyol-rcd-b\/nj\/fundacio-esportiva-grama-a\">CLIQUEU PER VEURE L\u2019ACTA DEL PARTIT<\/a><\/p>\n\n\n\n<p><a href=\"https:\/\/www.fcf.cat\/classificacio\/2021\/futbol-11\/lliga-nacional-juvenil\/grup-7b\" data-type=\"URL\" data-id=\"https:\/\/www.fcf.cat\/classificacio\/2021\/futbol-11\/lliga-nacional-juvenil\/grup-7b\">CLIQUEU PER VEURE LA CLASSIFICACI\u00d3 DE LNJ7B<\/a><\/p>\n\n\n\n<hr class=\"wp-block-separator\"\/>\n\n\n\n<p class=\"has-medium-font-size\"><strong>Los colomenses, estrenando equipaci\u00f3n roja, consiguieron 3 puntos en la Dani Jarque mostrando un gran nivel.<\/strong><\/p>\n\n\n\n<p>El encuentro comenz\u00f3 con los chicos de Manu Pel\u00e1ez mostrando una clara apuesta ofensiva y buscando una presi\u00f3n muy alta en el campo del Espanyol. Fruto de esta presi\u00f3n llegar\u00edan las imprecisiones de los chicos de Mois\u00e9s Hurtado sinti\u00e9ndose muy inc\u00f3modos sobre el terreno de juego.<\/p>\n\n\n\n<p>La Grama ten\u00eda su maquinaria en marcha y era cuesti\u00f3n de tiempo que los pericos acabaran cometiendo un error en campo propio. A los 10 minutos de juego fue Oliver el primero en generar peligro sobre la porter\u00eda local. Su remate de cabeza en un c\u00f3rner sali\u00f3 desviado por poco.<br>Minutos despu\u00e9s, una gran jugada individual de Ca\u00f1ete no se vio recompensada ya que el disparo final se march\u00f3 demasiado cruzado.<\/p>\n\n\n\n<p>Resist\u00eda el conjunto perico los envites colomenses pero todav\u00eda ten\u00edan que llegar las ocasiones m\u00e1s claras. A la media hora de juego fue Baul\u00f3 quien, con un lanzamiento de falta desde la frontal del \u00e1rea, estrellaba el bal\u00f3n en el larguero.<br>\u00a1Esta no fue la \u00faltima! Antes del descanso, de nuevo Oliver fue el protagonista con una internada por banda izquierda que lo dejaba mano a mano contra el portero. Iker Venteo, salv\u00f3 por dos veces los remates del delantero de la Grama.<br>Finalmente, con buenas sensaciones para el Juvenil de la Grama pero sin abrir la lata, el colegiado se\u00f1al\u00f3 el camino de vestuarios con 0-0 en el electr\u00f3nico.<\/p>\n\n\n\n<p>La reanudaci\u00f3n nos deb\u00eda deparar un nuevo escenario. El equipo dirigido por Mois\u00e9s Hurtado quer\u00eda cambiar la din\u00e1mica y lo consigui\u00f3. La Grama ya no se sent\u00eda tan c\u00f3moda, los pericos circulaban el bal\u00f3n con m\u00e1s fluidez y obligaban a los nuestros a marcar dos l\u00edneas bien ordenadas y bien colocadas.<\/p>\n\n\n\n<p>Nadie piensa ir a la Dani Jarque de paseo y los chicos de Manu Pel\u00e1ez ya ten\u00edan preparado un plan ante el control por parte del Espanyol. Se sab\u00edan la lecci\u00f3n de memoria y su aplicaci\u00f3n  sobre el c\u00e9sped de la ciudad espa\u00f1olista: deb\u00edan cortocircuitar el juego blanquiazul y aprovechar los errores rivales para hacer transiciones r\u00e1pidas.<br>Precisamente en una de estas contras, Albert, que hab\u00eda sustituido a Oscar en el descanso, aloj\u00f3 el bal\u00f3n en la red pero el colegiado anul\u00f3 el gol por un fuera de juego justito.<\/p>\n\n\n\n<p>Y la apoteosis lleg\u00f3 en el minuto 61. Un corner cerradito a favor de los colomenses que ni el portero ni los defensores pudieron rechazar, lo aprovech\u00f3 Ca\u00f1ete para anotar el 0-1.<br>Despu\u00e9s de hacer m\u00e9ritos, por fin, los colomenses estaban por delante en el marcador y hab\u00eda que sufrir hasta el final.<\/p>\n\n\n\n<p>Los locales no se conformaron con el resultado y buscaron el empate insistentemente. Mientras el Espanyol respond\u00eda al gol, la Grama cerraba espacios y se manten\u00eda con las l\u00edneas bien juntas. Era la hora del portero colomense, Marcos Olmo, que salv\u00f3 el empate con dos grandes intervenciones.<\/p>\n\n\n\n<p>No estaba dispuesta la Grama a soltar la victoria e, incluso, la pudieron ampliar con una buena contra de Albert a los 89 minutos de juego. Respondi\u00f3 bien el portero perico evitando el 0-2 y lo siguieron intentando sus compa\u00f1eros bombardeando la porter\u00eda colomense con Olmo como figura en los instantes finales.<\/p>\n\n\n\n<p>El marcador no se movi\u00f3 y los chicos del Juvenil A suman la primera victoria de la era Manu Pel\u00e1ez con un partido serio y muy completo. La pr\u00f3xima semana viajamos a Girona para enfrentarnos a uno de los aspirantes del grupo.<\/p>\n\n\n\n<p><a href=\"https:\/\/www.fcf.cat\/acta\/2021\/futbol-11\/lliga-nacional-juvenil\/grup-7b\/nj\/espanyol-rcd-b\/nj\/fundacio-esportiva-grama-a\" data-type=\"URL\" data-id=\"https:\/\/www.fcf.cat\/acta\/2021\/futbol-11\/lliga-nacional-juvenil\/grup-7b\/nj\/espanyol-rcd-b\/nj\/fundacio-esportiva-grama-a\">CLICAD PARA VER EL ACTA DEL PARTIDO<\/a><br><a href=\"https:\/\/www.fcf.cat\/classificacio\/2021\/futbol-11\/lliga-nacional-juvenil\/grup-7b\" data-type=\"URL\" data-id=\"https:\/\/www.fcf.cat\/classificacio\/2021\/futbol-11\/lliga-nacional-juvenil\/grup-7b\">CLICAD PARA VER LA CLASIFICACI\u00d3N DE LNJ7B<\/a><\/p>\n","protected":false},"excerpt":{"rendered":"<p>Els colomencs, estrenant l&#8217;equipaci\u00f3 vermella, van aconseguir 3 punts importants a la Dani Jarque mostrant un gran nivell. El matx va comen\u00e7ar amb els nois de Manu Pel\u00e1ez mostrant una clara aposta ofensiva i buscant una pressi\u00f3 molt alta al camp de l&#8217;Espanyol. Fruit d&#8217;aquesta pressi\u00f3 arribarien les imprecisions dels nois de Mois\u00e9s Hurtado sentint-se [&hellip;]<\/p>\n","protected":false},"author":1,"featured_media":28410,"comment_status":"closed","ping_status":"closed","sticky":false,"template":"","format":"standard","meta":{"footnotes":""},"categories":[4,6],"tags":[],"class_list":["post-28409","post","type-post","status-publish","format-standard","has-post-thumbnail","hentry","category-base-inclusiu","category-juvenils"],"_links":{"self":[{"href":"http:\/\/fegrama.cat\/web\/wp-json\/wp\/v2\/posts\/28409","targetHints":{"allow":["GET"]}}],"collection":[{"href":"http:\/\/fegrama.cat\/web\/wp-json\/wp\/v2\/posts"}],"about":[{"href":"http:\/\/fegrama.cat\/web\/wp-json\/wp\/v2\/types\/post"}],"author":[{"embeddable":true,"href":"http:\/\/fegrama.cat\/web\/wp-json\/wp\/v2\/users\/1"}],"replies":[{"embeddable":true,"href":"http:\/\/fegrama.cat\/web\/wp-json\/wp\/v2\/comments?post=28409"}],"version-history":[{"count":1,"href":"http:\/\/fegrama.cat\/web\/wp-json\/wp\/v2\/posts\/28409\/revisions"}],"predecessor-version":[{"id":28411,"href":"http:\/\/fegrama.cat\/web\/wp-json\/wp\/v2\/posts\/28409\/revisions\/28411"}],"wp:featuredmedia":[{"embeddable":true,"href":"http:\/\/fegrama.cat\/web\/wp-json\/wp\/v2\/media\/28410"}],"wp:attachment":[{"href":"http:\/\/fegrama.cat\/web\/wp-json\/wp\/v2\/media?parent=28409"}],"wp:term":[{"taxonomy":"category","embeddable":true,"href":"http:\/\/fegrama.cat\/web\/wp-json\/wp\/v2\/categories?post=28409"},{"taxonomy":"post_tag","embeddable":true,"href":"http:\/\/fegrama.cat\/web\/wp-json\/wp\/v2\/tags?post=28409"}],"curies":[{"name":"wp","href":"https:\/\/api.w.org\/{rel}","templated":true}]}}