{"id":28405,"date":"2020-12-06T20:09:40","date_gmt":"2020-12-06T19:09:40","guid":{"rendered":"http:\/\/fegrama.cat\/web\/?p=28405"},"modified":"2020-12-06T20:09:40","modified_gmt":"2020-12-06T19:09:40","slug":"victoria-de-prestigi-per-la-pissarra-de-pons","status":"publish","type":"post","link":"http:\/\/fegrama.cat\/web\/victoria-de-prestigi-per-la-pissarra-de-pons\/","title":{"rendered":"Vict\u00f2ria de prestigi per la pissarra de Pons."},"content":{"rendered":"\n<p class=\"has-medium-font-size\"><strong>Juanma Pons li guanya la partida a Azparren en un matx on els andreuencs mai van estar c\u00f2modes sobre el terreny de joc.<\/strong> (FOTO: Sergi Garc\u00eda)<\/p>\n\n\n\n<p>La visita del totpoder\u00f3s Sant Andreu a Santa Coloma sempre \u00e9s especial i els jugadors de la Grama ho sabien. Aquest equip va coneixent, jornada a jornada, quin \u00e9s el seu potencial despr\u00e9s de que tots els jugadors debutants a la categoria ja van agafant el ritme de la competici\u00f3. El m\u00edster tamb\u00e9 n\u2019\u00e9s conscient de la plantilla que t\u00e9 i sap que pot confiar en les diferents variables per enfrontar-nos a rivals poderosos com el Sant Andreu. Contra els ve\u00efns de l\u2019altra banda del Besos estren\u00e0vem dibuix amb tres jugadors pel centre i amb aquest onze inicial: Guiseris; Linares, &nbsp;Pe\u00f1a, Juan Carlos, V\u00edctor; Machuca, Yeray, Roger; Franco, \u00c1ngel; i Adil.<\/p>\n\n\n\n<p>Les intencions inicials dels colomencs eren les de sortit a mossegar al rival i el pla va sortir b\u00e9. Sense temps a assentar-se sobre el terreny de joc, Adil controlava una pilota a dins de l\u2019\u00e0rea visitant i rebia una clara falta de Yaya que cometia penal. Corria el minut 5 i Roger Garc\u00eda anotava la pena m\u00e0xima fent pujar l\u20191-0 al marcador.<\/p>\n\n\n\n<p>Lluny de conformar-se, la Grama va seguir dominant el partit i&nbsp; va trepitjar \u00e0rea rival. De fet, Franco Gauna va tenir el segon gol a les seves botes als 10 minuts de joc amb un xut ajustadet que va sortir fora per ben poc despr\u00e9s d\u2019una bona centrada de Pe\u00f1a.<\/p>\n\n\n\n<p>Despr\u00e9s d\u2019aquest inici fulgurant de l\u2019equip de Pons, els quatribarrats van aconseguir la possessi\u00f3 de l\u2019esf\u00e8ric mentre la Grama es feia fort amb dos l\u00ednies de 4 en camp propi. Tot i que Ton Alcover ho va intentar t\u00edmidament als 21 minuts, els visitants no es sentien superiors ni aconseguien generar el perill que se li pressuposa a un equip invicte. Els blaus es mantenien ferms en el seu pla amb seguretat al darrera i amb una constant lluita d\u2019Adil contra els centrals. &nbsp;<\/p>\n\n\n\n<p>El Sant Andreu nom\u00e9s podia intentar-ho a pilota aturada. Una falta llunyana assenyalada en zona d\u2019extrem esquerra de Yeray sobre Ton Alcover, als 40 minuts de joc, va acabar amb el capit\u00e0 andreuenc enviant un llan\u00e7ament enverinat i ajustadet sobre l\u2019escaire esquerra de la porteria de Guiseris. El porter de la Grama va tornar a reivindicar-se amb una estirada espectacular que va enviar la pilota a c\u00f3rner.<\/p>\n\n\n\n<p>La resposta colomenca va arribar als 44 minuts amb una jugada d\u2019estrat\u00e8gia des de banda dreta. Linares penjava la pilota al segon pal i Yeray Sabariego l\u2019enviava fora en la \u00faltima ocasi\u00f3 de la primera meitat. Els jugadors marxaven a vestidors amb 1-0 al marcador.<\/p>\n\n\n\n<p>Per la represa, Mikel Azparren, movia les seves peces intentant donar m\u00e9s verticalitat al Sant Andreu. Deixava al vestidor a Alberto, que havia vist targeta groga, i feia entrar al perill\u00f3s Kuku des de l\u2019inici de la segona meitat.<\/p>\n\n\n\n<p>El pas endavant es feia notar en els instants inicials amb la Grama cedint la possessi\u00f3 per\u00f2 mantenint el nivell defensiu i sense oblidar les r\u00e0pides transicions per fer mal a la contra. I aix\u00ed, la primera gran ocasi\u00f3 de la segona meitat va arribar als 55 minuts amb una bona centrada d\u2019\u00c0ngel que no pot orientar Franco cap a porteria.<\/p>\n\n\n\n<p>Responia el Sant Andreu a la seg\u00fcent jugada amb una penetraci\u00f3 de Serramitja als 57 minuts que acabava a dins de la xarxa per\u00f2 amb la bandera de l\u2019assistent aixecada per un clar fora de joc.<\/p>\n\n\n\n<p>Amb el pas dels minuts, els nois de Juanma Pons aconseguien asserenar l\u2019\u00edmpetu andreuenc i van anar mantenint a ratlla el ritme de partit que volien imposar els visitants. Potser no van ser minuts de futbol vist\u00f3s per\u00f2 s\u00ed una cosa hem apr\u00e9s a Tercera Divisi\u00f3 es que i han diferents temps de partit i s\u2019ha de saber patir quan toca pensant en fer mal al rival a la contra. &nbsp;<\/p>\n\n\n\n<p>I el mal ho va fer Franco amb una bona recuperaci\u00f3 que va orientar perfectament cap a banda esquerra perqu\u00e8 \u00c1ngel arrib\u00e9s a l\u00ednia de fons i envi\u00e9s una bona centrada. Adil, als 67 minuts, no la va rematar per ben poc.<\/p>\n\n\n\n<p>El partit s\u2019igualava de cara a la recta final i ambd\u00f3s entrenadors movien les banquetes. Azparren asseia a Lanzarote per donar entrada a Poves (67\u2019) i Pons donava descans a \u00c1ngel per fer jugar a Peris (74\u2019). &nbsp;Despr\u00e9s dels canvis, va ser la Grama la primera en fer mal a la defensa quatribarrada. Va ser Roger Garc\u00eda qui va engaltar una canonada als 76 minuts i, per ben poc, el xut va sortir fregant el pal de la porteria d\u2019Arnau.<\/p>\n\n\n\n<p>Per\u00f2 els visitants es resistien a doblegar el genoll i Ton Alcover va tornar la ocasi\u00f3 als 77 minuts. Al igual que Roger, va enviar un potent ob\u00fas a la frontal de l\u2019\u00e0rea obligant a Dani Guiseris a lluir-se. Segona gran aturada del porter de la Grama que evitava l\u2019empat dels nois del Sant Andreu.<\/p>\n\n\n\n<p>Per afrontar els minuts finals de manera decidida, Juanma Pons va retirar del terreny de joc a Roger Garc\u00eda per posar un segon punta. Entrava \u00d3scar Mu\u00f1oz als 80 minuts.<\/p>\n\n\n\n<p>Mentre, el Sant Andreu cremava les naus intentant enviar pilotes penjades a l\u2019\u00e0rea i en una d\u2019aquestes va tenir la que potser va ser la ocasi\u00f3 m\u00e9s clara del matx. Als 87 minuts, Kuku rematava de tisora una centrada de Baquero i responia de manera impressionant Dani Guiseris enviant la pilota a c\u00f3rner.<\/p>\n\n\n\n<p>Semblava que el partit moriria en aquesta jugada, Pons feia un \u00faltim canvi en temps afegit per fer c\u00f3rrer el rellotge, entrava Lucas en substituci\u00f3 de Franco, i quan el temps s\u2019esgotava va apar\u00e8ixer \u201cl\u2019ex\u201d per donar el toc de gr\u00e0cia al partit. \u00d3scar Mu\u00f1oz aprofitava una greu errada de Yaya i una mala sortida d\u2019Arnau per anotar el 2-0 sobre el xiulet final de l\u2019\u00e0rbitre als 94 minuts.<\/p>\n\n\n\n<p>Tres punts m\u00e9s pels colomencs en el millor partit de la temporada. Amb aquesta versi\u00f3 d\u2019equip s\u00f2lid sembla que la Grama podr\u00e0 donar guerra a qualsevol rival&nbsp; i ja va b\u00e9 de cara a afrontar una nova final la propera setmana contra el Girona B.<\/p>\n\n\n\n<p><a href=\"https:\/\/www.fcf.cat\/acta\/2021\/futbol-11\/tercera-divisio-nacional\/grup-5b\/aa\/fundacio-esportiva-grama-a\/aa\/sant-andreu-ue-a\" data-type=\"URL\" data-id=\"https:\/\/www.fcf.cat\/acta\/2021\/futbol-11\/tercera-divisio-nacional\/grup-5b\/aa\/fundacio-esportiva-grama-a\/aa\/sant-andreu-ue-a\">CLIQUEU PER VEURE L\u2019ACTA DEL PARTIT<\/a><\/p>\n\n\n\n<p><a href=\"https:\/\/www.fcf.cat\/classificacio\/2021\/futbol-11\/tercera-divisio-nacional\/grup-5b\" data-type=\"URL\" data-id=\"https:\/\/www.fcf.cat\/classificacio\/2021\/futbol-11\/tercera-divisio-nacional\/grup-5b\">CLIQUEU PER VEURE LA CLASSIFICACI\u00d3 DE 3DIV5<\/a><\/p>\n\n\n\n<hr class=\"wp-block-separator\"\/>\n\n\n\n<figure class=\"wp-block-image size-large is-resized\"><img loading=\"lazy\" decoding=\"async\" src=\"http:\/\/fegrama.cat\/web\/wp-content\/uploads\/2020\/12\/cc1a56cc-7220-4292-bec6-f2f32c4321cf-1024x840.jpg\" alt=\"\" class=\"wp-image-28407\" width=\"831\" height=\"681\" srcset=\"http:\/\/fegrama.cat\/web\/wp-content\/uploads\/2020\/12\/cc1a56cc-7220-4292-bec6-f2f32c4321cf-1024x840.jpg 1024w, http:\/\/fegrama.cat\/web\/wp-content\/uploads\/2020\/12\/cc1a56cc-7220-4292-bec6-f2f32c4321cf-300x246.jpg 300w, http:\/\/fegrama.cat\/web\/wp-content\/uploads\/2020\/12\/cc1a56cc-7220-4292-bec6-f2f32c4321cf-768x630.jpg 768w, http:\/\/fegrama.cat\/web\/wp-content\/uploads\/2020\/12\/cc1a56cc-7220-4292-bec6-f2f32c4321cf-1536x1260.jpg 1536w, http:\/\/fegrama.cat\/web\/wp-content\/uploads\/2020\/12\/cc1a56cc-7220-4292-bec6-f2f32c4321cf.jpg 1600w\" sizes=\"auto, (max-width: 831px) 100vw, 831px\" \/><figcaption>Once inicial de la Grama contra la UE Sant Andreu (Foto: Sergi Garc\u00eda)<\/figcaption><\/figure>\n\n\n\n<p class=\"has-medium-font-size\"><strong>Juanma Pons le gana la partida a Azparren en un encuentro donde los visitantes nunca estuvieron c\u00f3modos sobre el terreno de juego.<\/strong><\/p>\n\n\n\n<p>La visita del todopoderoso San Andreu a Santa Coloma siempre es especial y los jugadores de la Grama lo sab\u00edan. Este equipo va conociendo, jornada a jornada, cu\u00e1l es su potencial despu\u00e9s de que todos los jugadores debutantes en la categor\u00eda ya van cogiendo el ritmo de la competici\u00f3n. El m\u00edster tambi\u00e9n es consciente de la plantilla que tiene y sabe que puede confiar en las diferentes variables para enfrentarnos a rivales poderosos como el Sant Andreu. Contra los vecinos del otro lado del Besos estren\u00e1bamos dibujo con tres jugadores por el centro y con este once inicial: Guiseris; Linares, Pe\u00f1a, Juan Carlos, V\u00edctor; Machuca, Yeray, Roger; Franco, \u00c1ngel; y Adil.<\/p>\n\n\n\n<p>Las intenciones iniciales de los colomenses eran, de salida, ir a morder al rival y el plan sali\u00f3 bien. Sin tiempo a asentarse sobre el terreno de juego, Adil controlaba un bal\u00f3n dentro del \u00e1rea visitante y recib\u00eda una clara falta de Yaya que comet\u00eda penalti. Corr\u00eda el minuto 5 y Roger Garc\u00eda anotaba la pena m\u00e1xima haciendo subir el 1-0 al marcador<br>Lejos de conformarse, la Grama sigui\u00f3 dominando el partido y pis\u00f3 \u00e1rea rival. De hecho, Franco Gauna tuvo el segundo gol en sus botas a los 10 minutos de juego con un disparo ajustadito que sali\u00f3 fuera por poco tras un buen centro de Pe\u00f1a.<\/p>\n\n\n\n<p>Tras este inicio fulgurante del equipo de Pons, los cuatribarrados lograron la posesi\u00f3n del esf\u00e9rico mientras la Grama se hac\u00eda fuerte con dos l\u00edneas de 4 en campo propio. Aunque Ton Alcover lo intent\u00f3 t\u00edmidamente a los 21 minutos, los visitantes no se sent\u00edan superiores ni consegu\u00edan generar el peligro que se le presupone a un equipo invicto. Los azules se manten\u00edan firmes en su plan con seguridad atr\u00e1s y con una constante lucha de Adil contra los centrales.<\/p>\n\n\n\n<p>El Sant Andreu s\u00f3lo pod\u00eda intentarlo a bal\u00f3n parado. Una falta lejana se\u00f1alada en zona de extremo zurdo de Yeray sobre Ton Alcover, a los 40 minutos de juego, acab\u00f3 con el capit\u00e1n cuadribarrado enviando un lanzamiento envenenado y ajustadito sobre la escuadra izquierda de la porter\u00eda de Guiseris. El portero de la Grama volvi\u00f3 a reivindicarse con una estirada espectacular que envi\u00f3 el bal\u00f3n a c\u00f3rner.<br>La respuesta colomense lleg\u00f3 a los 44 minutos en una jugada de estrategia desde banda derecha. Linares colgaba el bal\u00f3n al segundo palo y Yeray Sabariego lo enviaba fuera en la \u00faltima ocasi\u00f3n de la primera mitad. Los jugadores se marchaban a vestuarios con 1-0 en el marcador.<\/p>\n\n\n\n<p>Para la reanudaci\u00f3n, Mikel Azparren, mov\u00eda sus piezas intentando dar m\u00e1s verticalidad al Sant Andreu. Dejaba en el vestuario a Alberto, que hab\u00eda visto tarjeta amarilla, y hac\u00eda entrar al peligroso Kuku desde el inicio de la segunda mitad.<br>El paso adelante se hac\u00eda notar en los instantes iniciales con la Grama cediendo la posesi\u00f3n pero manteniendo el nivel defensivo y sin olvidar las r\u00e1pidas transiciones para hacer da\u00f1o a la contra. Y as\u00ed, la primera gran ocasi\u00f3n de la segunda mitad lleg\u00f3 a los 55 minutos con un buen centro de \u00c1ngel que no puede orientar Franco hacia porter\u00eda.<br>Respond\u00eda el Sant Andreu en la siguiente jugada con una penetraci\u00f3n de Serramitja a los 57 minutos que acababa dentro de la red pero con la bandera del asistente levantada por un claro fuera de juego.<br><\/p>\n\n\n\n<p>Con el paso de los minutos, los chicos de Juanma Pons consegu\u00edan serenar el \u00edmpetu visitante y fueron manteniendo a raya el ritmo de partido que quer\u00edan imponer nuestros vecinos. Quiz\u00e1s no fueron minutos de f\u00fatbol vistoso pero s\u00ed algo hemos aprendido en Tercera Divisi\u00f3n es que hay diferentes tiempos de partido y hay que saber sufrir cuando toca pensando en hacer da\u00f1o al rival a la contra.<br>Y el da\u00f1olo hizo Franco con una buena recuperaci\u00f3n que orient\u00f3 perfectamente hacia banda izquierda para que \u00c1ngel llegara a l\u00ednea de fondo y enviara un buen centro. Adil, a los 67 minutos, no lo remat\u00f3 por poco.<\/p>\n\n\n\n<p>El partido se igualaba de cara a la recta final y ambos entrenadores mov\u00edan los banquillos. Azparren sentaba a Lanzarote para dar entrada a Poves (67&#8242;) y Pons daba descanso a \u00c1ngel para hacer jugar a Peris (74&#8242;). Despu\u00e9s de los cambios, fue la Grama la primera en hacer da\u00f1o a la defensa cuadribarrada. Fue Roger Garc\u00eda quien enganch\u00f3 un ca\u00f1onazo a los 76 minutos y, por poco, el disparo sali\u00f3 rozando el poste de la porter\u00eda de Arnau.<br>Pero los visitantes se resist\u00edan a doblar la rodilla y Ton Alcover devolvi\u00f3 la ocasi\u00f3n a los 77 minutos. Al igual que Roger, envi\u00f3 un potente ob\u00fas desde la frontal del \u00e1rea obligando a Dani Guiseris a lucirse. Segunda gran parada del portero de la Grama que evitaba el empate de los chicos del Sant Andreu.<\/p>\n\n\n\n<p>Para afrontar los minutos finales de manera decidida, Juanma Pons retir\u00f3 del terreno de juego a Roger Garc\u00eda para poner un segundo punta. Entraba \u00d3scar Mu\u00f1oz a los 80 minutos.<br>Mientras, el Sant Andreu quemaba las naves intentando enviar balones colgados al \u00e1rea y en uno de ellos tuvo la que quiz\u00e1s fue la ocasi\u00f3n m\u00e1s clara del encuentro. A los 87 minutos, Kuku remataba de tijera un centro de Baquero y respond\u00eda de manera impresionante Dani Guiseris enviando el bal\u00f3n a c\u00f3rner.<\/p>\n\n\n\n<p>Parec\u00eda que el partido morir\u00eda en esta jugada, Pons hac\u00eda un \u00faltimo cambio en tiempo a\u00f1adido para hacer correr el reloj, entraba Lucas en sustituci\u00f3n de Franco, y cuando el tiempo se agotaba apareci\u00f3 \u00abel ex\u00bb para dar el toque de gracia al partido. \u00d3scar Mu\u00f1oz aprovechaba un grave error de Yaya y una mala salida de Arnau para anotar el 2-0 sobre el pitido final del \u00e1rbitro a los 94 minutos.<\/p>\n\n\n\n<p>Tres puntos m\u00e1s para los colomenses en el mejor partido de la temporada. Con esta versi\u00f3n de equipo s\u00f3lido parece que la Grama podr\u00e1 dar guerra a cualquier rival y ya va bien de cara a afrontar una nueva final la pr\u00f3xima semana contra el Girona B.<\/p>\n\n\n\n<p><a href=\"https:\/\/www.fcf.cat\/acta\/2021\/futbol-11\/tercera-divisio-nacional\/grup-5b\/aa\/fundacio-esportiva-grama-a\/aa\/sant-andreu-ue-a\" data-type=\"URL\" data-id=\"https:\/\/www.fcf.cat\/acta\/2021\/futbol-11\/tercera-divisio-nacional\/grup-5b\/aa\/fundacio-esportiva-grama-a\/aa\/sant-andreu-ue-a\">PULSAR PARA VER EL ACTA DEL PARTIDO<\/a><br><a href=\"https:\/\/www.fcf.cat\/classificacio\/2021\/futbol-11\/tercera-divisio-nacional\/grup-5b\" data-type=\"URL\" data-id=\"https:\/\/www.fcf.cat\/classificacio\/2021\/futbol-11\/tercera-divisio-nacional\/grup-5b\">PULSAR PARA VER LA CLASIFICACI\u00d3N DE 3DIV5<\/a><\/p>\n","protected":false},"excerpt":{"rendered":"<p>Juanma Pons li guanya la partida a Azparren en un matx on els andreuencs mai van estar c\u00f2modes sobre el terreny de joc. (FOTO: Sergi Garc\u00eda) La visita del totpoder\u00f3s Sant Andreu a Santa Coloma sempre \u00e9s especial i els jugadors de la Grama ho sabien. Aquest equip va coneixent, jornada a jornada, quin \u00e9s [&hellip;]<\/p>\n","protected":false},"author":1,"featured_media":28406,"comment_status":"closed","ping_status":"closed","sticky":false,"template":"","format":"standard","meta":{"footnotes":""},"categories":[4,5],"tags":[],"class_list":["post-28405","post","type-post","status-publish","format-standard","has-post-thumbnail","hentry","category-base-inclusiu","category-primer-equip"],"_links":{"self":[{"href":"http:\/\/fegrama.cat\/web\/wp-json\/wp\/v2\/posts\/28405","targetHints":{"allow":["GET"]}}],"collection":[{"href":"http:\/\/fegrama.cat\/web\/wp-json\/wp\/v2\/posts"}],"about":[{"href":"http:\/\/fegrama.cat\/web\/wp-json\/wp\/v2\/types\/post"}],"author":[{"embeddable":true,"href":"http:\/\/fegrama.cat\/web\/wp-json\/wp\/v2\/users\/1"}],"replies":[{"embeddable":true,"href":"http:\/\/fegrama.cat\/web\/wp-json\/wp\/v2\/comments?post=28405"}],"version-history":[{"count":1,"href":"http:\/\/fegrama.cat\/web\/wp-json\/wp\/v2\/posts\/28405\/revisions"}],"predecessor-version":[{"id":28408,"href":"http:\/\/fegrama.cat\/web\/wp-json\/wp\/v2\/posts\/28405\/revisions\/28408"}],"wp:featuredmedia":[{"embeddable":true,"href":"http:\/\/fegrama.cat\/web\/wp-json\/wp\/v2\/media\/28406"}],"wp:attachment":[{"href":"http:\/\/fegrama.cat\/web\/wp-json\/wp\/v2\/media?parent=28405"}],"wp:term":[{"taxonomy":"category","embeddable":true,"href":"http:\/\/fegrama.cat\/web\/wp-json\/wp\/v2\/categories?post=28405"},{"taxonomy":"post_tag","embeddable":true,"href":"http:\/\/fegrama.cat\/web\/wp-json\/wp\/v2\/tags?post=28405"}],"curies":[{"name":"wp","href":"https:\/\/api.w.org\/{rel}","templated":true}]}}