{"id":28398,"date":"2020-12-01T04:41:47","date_gmt":"2020-12-01T03:41:47","guid":{"rendered":"http:\/\/fegrama.cat\/web\/?p=28398"},"modified":"2021-08-17T13:18:20","modified_gmt":"2021-08-17T12:18:20","slug":"la-grama-rep-un-correctiu-a-peralada","status":"publish","type":"post","link":"http:\/\/fegrama.cat\/web\/la-grama-rep-un-correctiu-a-peralada\/","title":{"rendered":"La Grama rep un correctiu a Peralada"},"content":{"rendered":"\n<p class=\"has-medium-font-size\"><strong> La Grama de Juanma Pons va visitar el complicat estadi del CF Peralada. L&#8217;efectivitat local va portar a un volumin\u00f3s resultat de 5-2. Dur c\u00e0stig al joc mostrat pels de Santa Coloma, no aix\u00ed a la feble defensa.<\/strong> (FOTO: OSCAR P. DEL CAMPO)<\/p>\n\n\n\n<p>-D. LLAMAS &#8211; Primers 45 minuts de tu a tu, amb m\u00faltiples alternatives, joc d&#8217;atac el\u00e8ctric i amb molts gols. Ho va intentar primer el Peralada amb un xut molt desviat, per\u00f2 va ser la Grama qui va tenir la primera gran ocasi\u00f3. Una rematada de cap d&#8217;\u00d3scar Mu\u00f1oz no va ser gol per poc, entre el porter i el pal ho van evitar.<\/p>\n\n\n\n<p>Aviat va arribar el primer gol. Una internada per banda esquerra va acabar en centre a al segon pal i rematada de Casanovas de xilena. L&#8217;1-0 al minut 9.<\/p>\n\n\n\n<p>Els de Pons van reaccionar amb ocasions d&#8217;\u00c0ngel i Adil, tots dos dues vegades i es van topar amb el porter Aroca. Mereixien l&#8217;empat per\u00f2 va arribar el 2-0 despr\u00e9s d&#8217;una centrada la \u00e0rea i rematada de Puig al segon pal entrant des del darrera.<\/p>\n\n\n\n<p>Era la mitja hora de joc quan van arribar els minuts bojos. al 32 Adil retallava difer\u00e8ncies despr\u00e9s d&#8217;una gran deixada de Oscar que li deixava en el punt de penal. Dos minuts despr\u00e9s Josu amb un gol\u00e0s creuant la pilota cap al 3-1. Finalment, al 35 \u00d3scar Mu\u00f1oz va aixecar la pilota per sobre del porter, quan ja es cantava gol un defensa la treia de dins i Adil atent rematava a la xarxa.<\/p>\n\n\n\n<p>La Grama va buscar l&#8217;empat en els deu minuts que quedaven fins al descans per\u00f2 sense sort alguna. Els segons 45 minuts van comen\u00e7ar el\u00e8ctrics, la Grama va atacar primer i de nou el Peralada va ser el que va anotar. Al 49 una pilota filtrada a l&#8217;\u00e0rea va acabar en definici\u00f3 del 9 local (4-2).<\/p>\n\n\n\n<p>Amb pilotes penjades a l&#8217;\u00e0rea, internades per bandes o pilotes filtrades els de Santa Coloma ho van intentar per\u00f2 a mesura que passaven els minuts es va comen\u00e7ar a veure menys en acci\u00f3 al porter del Peralada.<\/p>\n\n\n\n<p>Guiseris va salvar el cinqu\u00e8 amb una bona estirada a baix per\u00f2 poc va poder fer en la seg\u00fcent ocasi\u00f3. Al 71 novament Casanova marcava, hattrick amb el que matava el partit remantat sol al punt de penal.<\/p>\n\n\n\n<p>D&#8217;aqu\u00ed a la fin domini verd-. Una parada m\u00e9s de Guiseris i intents a la desesperada d&#8217;una Grama que no va poder rascar punts de Peralada.<\/p>\n\n\n\n<p><a href=\"https:\/\/www.fcf.cat\/acta\/2021\/futbol-11\/tercera-divisio-nacional\/grup-5b\/aa\/peralada-cf-a\/aa\/fundacio-esportiva-grama-a\">CLIQUEU PER VEURE L&#8217;ACTA DEL PARTIT<\/a><\/p>\n\n\n\n<p><a href=\"https:\/\/www.fcf.cat\/classificacio\/2021\/futbol-11\/tercera-divisio-nacional\/grup-5b\" data-type=\"URL\" data-id=\"https:\/\/www.fcf.cat\/classificacio\/2021\/futbol-11\/tercera-divisio-nacional\/grup-5b\">CLIQUEU PER VEURE LA CLASSIFICACI\u00d3 DE 3DIV5<\/a><\/p>\n\n\n\n<p class=\"has-text-align-center\">&#8212;&#8212;&#8212;&#8212;&#8212;&#8212;&#8212;&#8212;&#8212;&#8212;&#8212;&#8212;&#8212;&#8212;&#8212;&#8212;&#8212;&#8212;&#8212;&#8212;&#8212;&#8212;&#8211;<\/p>\n\n\n\n<figure class=\"wp-block-image size-large\"><img loading=\"lazy\" decoding=\"async\" width=\"683\" height=\"1024\" src=\"http:\/\/fegrama.cat\/web\/wp-content\/uploads\/2020\/12\/2e0d4bf0-7371-4a01-9200-d8cd85e2da27-683x1024.jpg\" alt=\"\" class=\"wp-image-28400\" srcset=\"http:\/\/fegrama.cat\/web\/wp-content\/uploads\/2020\/12\/2e0d4bf0-7371-4a01-9200-d8cd85e2da27-683x1024.jpg 683w, http:\/\/fegrama.cat\/web\/wp-content\/uploads\/2020\/12\/2e0d4bf0-7371-4a01-9200-d8cd85e2da27-200x300.jpg 200w, http:\/\/fegrama.cat\/web\/wp-content\/uploads\/2020\/12\/2e0d4bf0-7371-4a01-9200-d8cd85e2da27-768x1152.jpg 768w, http:\/\/fegrama.cat\/web\/wp-content\/uploads\/2020\/12\/2e0d4bf0-7371-4a01-9200-d8cd85e2da27-1024x1536.jpg 1024w, http:\/\/fegrama.cat\/web\/wp-content\/uploads\/2020\/12\/2e0d4bf0-7371-4a01-9200-d8cd85e2da27.jpg 1066w\" sizes=\"auto, (max-width: 683px) 100vw, 683px\" \/><figcaption>Linares en su debut como titular &#8211; Foto: \u00d2scar P. Del Campo<\/figcaption><\/figure>\n\n\n\n<p>La Grama de Juanma Pons visit\u00f3 el complicado estadio del CF Peralada. La efectividad local llev\u00f3 a un abultado resultado de 5-2. Duro castigo al juego mostrado por los de Santa Coloma, no as\u00ed a la endeble defensa.<\/p>\n\n\n\n<p>Primeros 45 minutos de t\u00fa a t\u00fa, con m\u00faltiples alternativas, juego de ataque el\u00e9ctrico y con muchos goles. Lo intent\u00f3 primero el Peralada con un tiro muy desviado, pero fue la Grama quien tuvo la primera gran ocasi\u00f3n. Un remate de cabezas de \u00d3scar Mu\u00f1oz no fue gol por poco, entre el portero y el palo lo evitaron.<\/p>\n\n\n\n<p>Pronto lleg\u00f3 el primer gol. Una internada por banda izquierda termin\u00f3 en centro al segundo palo y remate de Casanovas de chilena. El 1-0 en el minuto 9.<\/p>\n\n\n\n<p>Los de Pons reaccionaron con ocasiones de \u00c1ngel y Adil, ambos dos veces y se toparon con el portero Aroca. Merec\u00edan el empate pero lleg\u00f3 el 2-0 tras un centro la \u00e1rea y remate en el segundo palo al entrar por la espalda de la defensa.<\/p>\n\n\n\n<p>Era la media hora de juego cuando llegaron los minutos locos. En el 30 Puig, en el 32 Adil recortaba diferencias tras una gran dejada de Oscar que le dejaba en el punto de penalti. Dos minutos despu\u00e9s Josu con un golazo cruzando la pelota hacia el 3-1.&nbsp; Por \u00faltimo, en el 35 \u00d3scar Mu\u00f1oz levanto la pelota por encima del portero, cuando ya se cantaba gol un defensa la sacaba de dentro y Adil atento remachaba a gol.<\/p>\n\n\n\n<p>La Grama busc\u00f3 el empate en los diez minutos que quedaban hasta el descanso pero sin suerte alguna. Los segundos 45 minutos empezaron el\u00e9ctricos, la Grama atac\u00f3 primero y de nuevo el Peralada fue el que anot\u00f3. En el 49 un bal\u00f3n filtrado al \u00e1rea termin\u00f3 en definici\u00f3n del 9 local (4-2).<\/p>\n\n\n\n<p>Con balones colgados al \u00e1rea, internadas por bandas o balones filtrados los de Santa Coloma lo intentaron pero conforme pasaban los minutos se empez\u00f3 a ver menos en acci\u00f3n al portero del Peralada.<\/p>\n\n\n\n<p>Guiseris salv\u00f3 el quinto con una buena estirada abajo pero poco pudo hacer en la siguiente ocasi\u00f3n. En el 71 nuevamente Casanova marcaba, hattrick con el que mataba el partido remantando solo en el punto de penalti.<\/p>\n\n\n\n<p>De aqu\u00ed al final dominio verdiblanco. Una parada m\u00e1s de Guiseris e intentos a la desesperada de una Grama que no pudo rascar puntos de Peralada.<\/p>\n\n\n\n<p><a href=\"https:\/\/www.fcf.cat\/acta\/2021\/futbol-11\/tercera-divisio-nacional\/grup-5b\/aa\/peralada-cf-a\/aa\/fundacio-esportiva-grama-a\">CLICAD PARA VER EL ACTA DEL PARTIDO<\/a><\/p>\n\n\n\n<p><a href=\"https:\/\/www.fcf.cat\/classificacio\/2021\/futbol-11\/tercera-divisio-nacional\/grup-5b\" data-type=\"URL\" data-id=\"https:\/\/www.fcf.cat\/classificacio\/2021\/futbol-11\/tercera-divisio-nacional\/grup-5b\">CLICAD PARA VER LA CLASIFICACI\u00d3N DE  3DIV5<\/a><\/p>\n","protected":false},"excerpt":{"rendered":"<p>La Grama de Juanma Pons va visitar el complicat estadi del CF Peralada. L&#8217;efectivitat local va portar a un volumin\u00f3s resultat de 5-2. Dur c\u00e0stig al joc mostrat pels de Santa Coloma, no aix\u00ed a la feble defensa. (FOTO: OSCAR P. DEL CAMPO) -D. LLAMAS &#8211; Primers 45 minuts de tu a tu, amb m\u00faltiples [&hellip;]<\/p>\n","protected":false},"author":1,"featured_media":28399,"comment_status":"closed","ping_status":"closed","sticky":false,"template":"","format":"standard","meta":{"footnotes":""},"categories":[5],"tags":[],"class_list":["post-28398","post","type-post","status-publish","format-standard","has-post-thumbnail","hentry","category-primer-equip"],"_links":{"self":[{"href":"http:\/\/fegrama.cat\/web\/wp-json\/wp\/v2\/posts\/28398","targetHints":{"allow":["GET"]}}],"collection":[{"href":"http:\/\/fegrama.cat\/web\/wp-json\/wp\/v2\/posts"}],"about":[{"href":"http:\/\/fegrama.cat\/web\/wp-json\/wp\/v2\/types\/post"}],"author":[{"embeddable":true,"href":"http:\/\/fegrama.cat\/web\/wp-json\/wp\/v2\/users\/1"}],"replies":[{"embeddable":true,"href":"http:\/\/fegrama.cat\/web\/wp-json\/wp\/v2\/comments?post=28398"}],"version-history":[{"count":2,"href":"http:\/\/fegrama.cat\/web\/wp-json\/wp\/v2\/posts\/28398\/revisions"}],"predecessor-version":[{"id":28402,"href":"http:\/\/fegrama.cat\/web\/wp-json\/wp\/v2\/posts\/28398\/revisions\/28402"}],"wp:featuredmedia":[{"embeddable":true,"href":"http:\/\/fegrama.cat\/web\/wp-json\/wp\/v2\/media\/28399"}],"wp:attachment":[{"href":"http:\/\/fegrama.cat\/web\/wp-json\/wp\/v2\/media?parent=28398"}],"wp:term":[{"taxonomy":"category","embeddable":true,"href":"http:\/\/fegrama.cat\/web\/wp-json\/wp\/v2\/categories?post=28398"},{"taxonomy":"post_tag","embeddable":true,"href":"http:\/\/fegrama.cat\/web\/wp-json\/wp\/v2\/tags?post=28398"}],"curies":[{"name":"wp","href":"https:\/\/api.w.org\/{rel}","templated":true}]}}