{"id":28394,"date":"2020-11-27T09:47:53","date_gmt":"2020-11-27T08:47:53","guid":{"rendered":"http:\/\/fegrama.cat\/web\/?p=28394"},"modified":"2020-11-27T09:47:53","modified_gmt":"2020-11-27T08:47:53","slug":"la-grama-guanya-a-la-u-e-sants-i-ja-suma-punts-a-casa","status":"publish","type":"post","link":"http:\/\/fegrama.cat\/web\/la-grama-guanya-a-la-u-e-sants-i-ja-suma-punts-a-casa\/","title":{"rendered":"La Grama guanya a la U.E. Sants i ja suma punts a casa."},"content":{"rendered":"\n<p class=\"has-medium-font-size\"><strong>Tres punts per l\u2019equip de Juanma Pons en un partit lluitat i batallat contra un Sants que acumula 16 derrotes consecutives a domicili.<\/strong> <strong>(FOTO: JOAN VILLAGRASA)<\/strong><\/p>\n\n\n\n<p>-DBC- En aquesta competici\u00f3 curta i tan competida no et pots permetre el luxe d\u2019estar sense sumar dues jornades consecutives. I els nois de Juanma Pons \u00a0sabien que s\u2019havia de guanyar s\u00ed o s\u00ed. Despr\u00e9s la piloteta entrar\u00e0 o no, per\u00f2 l\u2019actitud sobre el terreny de joc no es discuteix i ahir va ser la id\u00f2nia per deixar els tres punts a casa.<\/p>\n\n\n\n<p>Movia peces el t\u00e8cnic colomenc en l\u2019onze inicial per tal de dinamitzar l\u2019atac. &nbsp;Va sortir amb aquests protagonistes: Guiseris en porteria, Michel i Pe\u00f1a als laterals; Centre de la defensa per Juan Carlos i V\u00edctor; Doble pivot per Yeray i Roger; Bandes per Franco i \u00c1ngel; I punta d\u2019atac per \u00d3scar i Adil.<\/p>\n\n\n\n<p>Els primers instants de partit van ser intensos. La primera jugada colomenca va suposar la primera acci\u00f3 de gol amb una bona centrada d\u2019\u00c0ngel que va rematar \u00d3scar Mu\u00f1oz a les mans del porter santenc.<\/p>\n\n\n\n<p>I la reacci\u00f3 de l\u2019equip visitant no es va fer esperar, als 6 minuts, una p\u00e8rdua en la sortida de la Grama la va aprofitar Michu per endinsar-se a l\u2019\u00e0rea i enviar un xut sec que Guiseris va poder repel\u00b7lir en primera inst\u00e0ncia. El ref\u00fas li va caure a Cala que, sense temps per disparar, va veure con Yeray Sabariego avortava una jugada perillos\u00edssima i enviava la pilota a c\u00f3rner.<\/p>\n\n\n\n<p>Els dos equips mostraven les seves cartes sense complexos, la Grama intentava mantenir el control de l\u2019esf\u00e8ric mentre el Sants emprava pilotes directes i accions d\u2019estrat\u00e8gia per apropar-se a la porteria colomenca. I amb aquest gui\u00f3 la Grama tamb\u00e9 va tenir els seus arguments ofensius com una falta que va enviar Franco, amb un xut directe, sobre la porteria d\u2019Oriol i una rematada d\u2019\u00d3scar que el porter va atrapar sense problemes.<\/p>\n\n\n\n<p>Per\u00f2 la ocasi\u00f3 m\u00e9s clara va arribar als 16 minuts de joc amb una centrada mil\u00b7lim\u00e8trica de Pe\u00f1a &nbsp;que va rematar de manera magistral Adil obligant a lluir-se a Oriol en una aturada espl\u00e8ndida que evitava el primer gol.<\/p>\n\n\n\n<p>De mica en mica carburava l\u2019equip de Pons que trepitjava \u00e0rea rival amb facilitat. Als 22 minuts la pilota es va passejar per la frontal de l\u2019\u00e0rea petita del Sants sense que ning\u00fa pug\u00e9s rematar. Finalment el ref\u00fas el va engaltar Yeray a la frontal per\u00f2 els defensors van poder obstruir el xut enviant la pilota a c\u00f3rner.<\/p>\n\n\n\n<p>La resposta dels de Tito Lossio va arribar a pilota aturada amb una acci\u00f3 del millor jugador santenc, Calatrava, que als 28 minuts va enviar una falta molt ajustadeta a l\u2019escaire esquerra de la porteria de Guiseris. Fora per ben poc!!<\/p>\n\n\n\n<p>Als 36 minuts, Juanma Pons es va veure obligat a realitzar el primer canvi, retirant del terreny de joc a Pe\u00f1a amb problemes f\u00edsics i fent saltar a Jonathan Linares per seguir sumant minuts a Tercera Divisi\u00f3. Despr\u00e9s d\u2019aquest moviment a la banqueta la Grama va aconseguir el premi del gol. En una falta des del v\u00e8rtex dret de l\u2019\u00e0rea visitant Roger Garc\u00eda va col\u00b7locar la piloteta al segon pal on l\u2019esperava \u00d3scar Mu\u00f1oz per rematar-la de cap i anotar l\u20191-0 al minut 37.<\/p>\n\n\n\n<p>Immediatament el Sants va reaccionar amb una internada de Cala i un potent xut que es va passejar per la l\u00ednia de gol sense que ning\u00fa la toqu\u00e9s (min.38) i finalment va ser Markus el que va tenir la \u00faltima ocasi\u00f3 de la primera meitat, als 44 minuts, enviant un xut que es va perdre al lateral de la xarxa.<\/p>\n\n\n\n<p>El col\u00b7legiat Eric Bureu va assenyalar el cam\u00ed de vestidors despr\u00e9s d\u2019una interesant primera part amb opcions per ambd\u00f3s equips per\u00f2 m\u00e9s contund\u00e8ncia colomenca.<\/p>\n\n\n\n<p>La segona part comen\u00e7ava amb la mateixa t\u00f2nica del primer temps. La Grama tenia m\u00e9s control del partit, trepitjava \u00e0rea rival amb facilitat. La va tenir \u00d3scar als 53 minuts amb una rematada picada que es va perdre per sobre de la porteria d\u2019Oriol, per\u00f2 el Sants no deixava d\u2019insistir i les seves embranzides podien suposar l\u2019empat en qualsevol moment.&nbsp; Als 64 minuts, Juanma Pons va haver de fer el segon canvi, retirant a Yeray Sabariego i donant entrada a Machuca al centre del camp. Nova substituci\u00f3 for\u00e7ada pel t\u00e8cnic colomenc despr\u00e9s dels problemes f\u00edsics del centrecampista de la Grama.<\/p>\n\n\n\n<p>Instants despr\u00e9s del canvi, al minut 67, una pilota perduda a la frontal de l\u2019\u00e0rea petita del Sants despr\u00e9s d\u2019una falta penjada per Franco, sense que cap defensor encert\u00e9s a refusar-la, va caure a les botes del capit\u00e0 de la Grama. Juan Carlos Oliver va ca\u00e7ar l\u2019esf\u00e8ric rodejat de defensors i, sense pensar-s\u2019ho dues vegades, a la mitja volta va enviar la pilota ajustadeta al pal dret de la porteria d\u2019Oriol per anotar el 2-0.<\/p>\n\n\n\n<p>Tocava l\u2019heroica per Tito Lossio i la seva Uni\u00f3 Espotiva Sants. Va moure la banqueta intentant canviar la din\u00e0mica del partit i reduir dist\u00e0ncies per\u00f2 la Grama es va mantenir segura. Els homes de Pons van marcar dos l\u00ednies ben definides per contrarestar al Sants i van afegir la velocitat de Montalb\u00e1n per garantir les contres.<\/p>\n\n\n\n<p>Ho va intentar amb tot l\u2019equip barcelon\u00e8s mentre la Grama responia amb alternatives com les internades de Jonathan Linares per banda esquerra. Aquestes alternatives i la seguretat colomenca en defensa, no van donar opci\u00f3 als visitants que nom\u00e9s van gaudir d\u2019un llan\u00e7ament al pal de Miguel al minut 90 i van veure com el col\u00b7legiat assenyalava el final del partit amb merescuda vict\u00f2ria per la Grama.<\/p>\n\n\n\n<p>Primera vict\u00f2ria a Santa Coloma que serveix per sumar nou punts a la classificaci\u00f3 i seguir en aquesta dif\u00edcil lluita a Tercera Divisi\u00f3. Sense temps per celebrar-ho &nbsp;el proper diumenge tenim una nova batalla a Peralada. Recordeu que ser\u00e0 a les 16:30h i ho podreu seguir en directe a <a href=\"http:\/\/www.gramaradio.cat\">www.gramaradio.cat<\/a><\/p>\n\n\n\n<p><a href=\"https:\/\/www.fcf.cat\/acta\/2021\/futbol-11\/tercera-divisio-nacional\/grup-5b\/aa\/fundacio-esportiva-grama-a\/aa\/sants-ue-a\">CLIQUEU PER VEURE L\u2019ACTA DEL PARTIT<\/a><\/p>\n\n\n\n<p><a href=\"https:\/\/www.fcf.cat\/classificacio\/2021\/futbol-11\/tercera-divisio-nacional\/grup-5b\">CLIQUEU PER VEURE LA CLASSIFICACI\u00d3 DE 3DIV5<\/a><\/p>\n\n\n\n<hr class=\"wp-block-separator\"\/>\n\n\n\n<figure class=\"wp-block-image size-large is-resized\"><img loading=\"lazy\" decoding=\"async\" src=\"http:\/\/fegrama.cat\/web\/wp-content\/uploads\/2020\/11\/c5284177-7b5e-43df-8042-d589db9e0dd5-1024x576.jpg\" alt=\"\" class=\"wp-image-28396\" width=\"820\" height=\"461\" srcset=\"http:\/\/fegrama.cat\/web\/wp-content\/uploads\/2020\/11\/c5284177-7b5e-43df-8042-d589db9e0dd5-1024x576.jpg 1024w, http:\/\/fegrama.cat\/web\/wp-content\/uploads\/2020\/11\/c5284177-7b5e-43df-8042-d589db9e0dd5-300x169.jpg 300w, http:\/\/fegrama.cat\/web\/wp-content\/uploads\/2020\/11\/c5284177-7b5e-43df-8042-d589db9e0dd5-768x432.jpg 768w, http:\/\/fegrama.cat\/web\/wp-content\/uploads\/2020\/11\/c5284177-7b5e-43df-8042-d589db9e0dd5-1536x864.jpg 1536w, http:\/\/fegrama.cat\/web\/wp-content\/uploads\/2020\/11\/c5284177-7b5e-43df-8042-d589db9e0dd5.jpg 2048w\" sizes=\"auto, (max-width: 820px) 100vw, 820px\" \/><figcaption>Once inicial de la Fundaci\u00f3 Esportiva Grama contra la U.E. Sants (FOTO: JOAN VILLAGRASA)<\/figcaption><\/figure>\n\n\n\n<p class=\"has-medium-font-size\"><strong>Tres puntos para el equipo de Juanma Pons en un partido luchado y batallado contra un Sants que acumula 16 derrotas consecutivas a domicilio.<\/strong> <\/p>\n\n\n\n<p><br>En esta competici\u00f3n corta y tan competida no te puedes permitir el lujo de estar sin sumar dos jornadas consecutivas. Y los chicos de Juanma Pons sab\u00edan que hab\u00eda que ganar s\u00ed o s\u00ed. Luego la pelotita entrar\u00e1 o no, pero la actitud sobre el terreno de juego no se discute y ayer fue la id\u00f3nea para dejar los tres puntos en casa.<br>Mov\u00eda piezas el t\u00e9cnico colomense en el once inicial para dinamizar el ataque. Sali\u00f3 con estos protagonistas: Guiseris en porter\u00eda, Michel y Pe\u00f1a en los laterales; Centro de la defensa para Juan Carlos y V\u00edctor; Doble pivote para Yeray y Roger; Bandas para Franco y \u00c1ngel; Y punta de ataque para \u00d3scar y Adil.<\/p>\n\n\n\n<p>Los primeros instantes de partido fueron intensos. La primera jugada colomense supuso la primera acci\u00f3n de gol con un buen centro de \u00c1ngel que remat\u00f3 \u00d3scar Mu\u00f1oz a las manos de Oriol.<br>Y la reacci\u00f3n del equipo visitante no se hizo esperar, a los 6 minutos, una p\u00e9rdida en la salida de la Grama la aprovech\u00f3 Michu para adentrarse en el \u00e1rea y enviar un disparo seco que Guiseris pudo repeler en primera instancia. El rechace le cay\u00f3 a Cala que, sin tiempo para disparar, vio con Yeray Sabariego abortaba una jugada peligros\u00edsima y enviaba el bal\u00f3n a c\u00f3rner.<\/p>\n\n\n\n<p>Ambos equipos mostraban sus cartas sin complejos, la Grama intentaba mantener el control del esf\u00e9rico mientras el Sants empleaba balones directos y acciones de estrategia para acercarse a la porter\u00eda colomense. Y con este gui\u00f3n la Grama tambi\u00e9n tuvo sus argumentos ofensivos como una falta que envi\u00f3 Franco, con un disparo directo, sobre la porter\u00eda de Oriol y un remate de \u00d3scar que el portero atrap\u00f3 sin problemas.<br>Pero la ocasi\u00f3n m\u00e1s clara lleg\u00f3 a los 16 minutos de juego con un centro milim\u00e9trico de Pe\u00f1a que remat\u00f3 de manera magistral Adil obligando a lucirse a Oriol en una parada espl\u00e9ndida que evitaba el primer gol.<\/p>\n\n\n\n<p>Paulatinamente carburaba el equipo de Pons que pisaba \u00e1rea rival con facilidad. A los 22 minutos el bal\u00f3n se pase\u00f3 por la frontal del \u00e1rea peque\u00f1a del Sants sin que nadie supiera rematar. Finalmente el rechace lo empalm\u00f3 Yeray en la frontal pero los defensores pudieron obstruir el disparo enviando el bal\u00f3n a c\u00f3rner.<br>La respuesta de los de Tito Lossio lleg\u00f3 a bal\u00f3n parado con una acci\u00f3n del mejor jugador barcelon\u00e9s, Calatrava, que a los 28 minutos envi\u00f3 una falta muy ajustadita a la escuadra izquierda de la porter\u00eda de Guiseris. \u00a1\u00a1Fuera por poco!!<\/p>\n\n\n\n<p>A los 36 minutos, Juanma Pons se vio obligado a realizar el primer cambio, retirando del terreno de juego a Pe\u00f1a con problemas f\u00edsicos y haciendo saltar a Jonathan Linares para seguir sumando minutos en Tercera Divisi\u00f3n. Despu\u00e9s de este movimiento en el banquillo la Grama logr\u00f3 el premio del gol. En una falta desde el v\u00e9rtice derecho del \u00e1rea visitante Roger Garc\u00eda coloc\u00f3 la pelotita en el segundo palo donde la esperaba \u00d3scar Mu\u00f1oz para rematarla de cabeza y anotar el 1-0 en el minuto 37.<\/p>\n\n\n\n<p><br>Inmediatamente el Sants reaccion\u00f3 con una internada de Cala y un potente disparo que se pase\u00f3 por la l\u00ednea de gol sin que nadie la tocara (min.38) y finalmente fue Markus el que tuvo la \u00faltima ocasi\u00f3n de la primera mitad, a los 44 minutos, enviando un disparo que se perdi\u00f3 en el lateral de la red.<br>El colegiado Eric Bureu se\u00f1al\u00f3 el camino de vestuarios tras una interesante primera parte con opciones para ambos equipos pero m\u00e1s contundencia colomense.<\/p>\n\n\n\n<p>La segunda parte comenzaba con la misma t\u00f3nica del primer tiempo. La Grama ten\u00eda m\u00e1s control del partido, pisaba \u00e1rea rival con facilidad. La tuvo \u00d3scar a los 53 minutos con un remate picado que se perdi\u00f3 por encima de la porter\u00eda de Oriol, pero el Sants no dejaba de insistir y sus empujes pod\u00edan suponer el empate en cualquier momento. A los 64 minutos, Juanma Pons tuvo que hacer el segundo cambio, retirando a Yeray Sabariego y dando entrada a Machuca en el centro del campo. Nueva sustituci\u00f3n forzada para el t\u00e9cnico colomense despu\u00e9s de los problemas f\u00edsicos del centrocampista de la Grama.<\/p>\n\n\n\n<p>Instantes despu\u00e9s del cambio, en el minuto 67, un bal\u00f3n suelto en la frontal del \u00e1rea peque\u00f1a del Sants tras una falta colgada por Franco, sin que ning\u00fan defensor acertase a rechazarla, cay\u00f3 en las botas del capit\u00e1n de la grama. Juan Carlos Oliver caz\u00f3 el esf\u00e9rico rodeado de defensores y, sin pensarlo dos veces, a la media vuelta, envi\u00f3 el bal\u00f3n ajustadito al poste derecho de la porter\u00eda de Oriol para anotar el 2-0.<\/p>\n\n\n\n<p>Tocaba la heroica para Tito Lossio y su Uni\u00f3 Espotiva Sants. Movi\u00f3 el banquillo intentando cambiar la din\u00e1mica del partido y reducir distancias pero la Grama se mantuvo segura. Los hombres de Pons marcaron dos l\u00edneas bien definidas para contrarrestar al Sants y a\u00f1adieron la velocidad de Montalb\u00e1n para garantizar las contras.<br>Lo intent\u00f3 con todo el equipo barcelon\u00e9s mientras la Grama respond\u00eda con alternativas como las internadas de Jonathan Linares por banda izquierda. Estas  alternativas y la seguridad colomense en defensa, no dieron opci\u00f3n a los visitantes que s\u00f3lo disfrutaron de un lanzamiento al palo de Miguel en el minuto 90 y vieron como el colegiado se\u00f1alaba el final del partido con merecida victoria para la Grama.<\/p>\n\n\n\n<p>Primera victoria en Santa Coloma que sirve para sumar nueve puntos en la clasificaci\u00f3n y seguir en esta dif\u00edcil lucha en Tercera Divisi\u00f3n. Sin tiempo para celebrarlo el pr\u00f3ximo domingo tenemos una nueva batalla en Peralada. Recuerden que ser\u00e1 a las 16: 30h y lo podr\u00e1n seguir en directo en www.gramaradio.cat<\/p>\n\n\n\n<p><a href=\"https:\/\/www.fcf.cat\/acta\/2021\/futbol-11\/tercera-divisio-nacional\/grup-5b\/aa\/fundacio-esportiva-grama-a\/aa\/sants-ue-a\">CLICAD PARA VER EL ACTA DEL PARTIDO<br><\/a><a href=\"https:\/\/www.fcf.cat\/classificacio\/2021\/futbol-11\/tercera-divisio-nacional\/grup-5b\">CLICAD PARA VER LA CLASIFICACI\u00d3N DE 3DIV5<\/a><\/p>\n","protected":false},"excerpt":{"rendered":"<p>Tres punts per l\u2019equip de Juanma Pons en un partit lluitat i batallat contra un Sants que acumula 16 derrotes consecutives a domicili. (FOTO: JOAN VILLAGRASA) -DBC- En aquesta competici\u00f3 curta i tan competida no et pots permetre el luxe d\u2019estar sense sumar dues jornades consecutives. I els nois de Juanma Pons \u00a0sabien que s\u2019havia [&hellip;]<\/p>\n","protected":false},"author":1,"featured_media":28395,"comment_status":"closed","ping_status":"closed","sticky":false,"template":"","format":"standard","meta":{"footnotes":""},"categories":[4,5],"tags":[],"class_list":["post-28394","post","type-post","status-publish","format-standard","has-post-thumbnail","hentry","category-base-inclusiu","category-primer-equip"],"_links":{"self":[{"href":"http:\/\/fegrama.cat\/web\/wp-json\/wp\/v2\/posts\/28394","targetHints":{"allow":["GET"]}}],"collection":[{"href":"http:\/\/fegrama.cat\/web\/wp-json\/wp\/v2\/posts"}],"about":[{"href":"http:\/\/fegrama.cat\/web\/wp-json\/wp\/v2\/types\/post"}],"author":[{"embeddable":true,"href":"http:\/\/fegrama.cat\/web\/wp-json\/wp\/v2\/users\/1"}],"replies":[{"embeddable":true,"href":"http:\/\/fegrama.cat\/web\/wp-json\/wp\/v2\/comments?post=28394"}],"version-history":[{"count":1,"href":"http:\/\/fegrama.cat\/web\/wp-json\/wp\/v2\/posts\/28394\/revisions"}],"predecessor-version":[{"id":28397,"href":"http:\/\/fegrama.cat\/web\/wp-json\/wp\/v2\/posts\/28394\/revisions\/28397"}],"wp:featuredmedia":[{"embeddable":true,"href":"http:\/\/fegrama.cat\/web\/wp-json\/wp\/v2\/media\/28395"}],"wp:attachment":[{"href":"http:\/\/fegrama.cat\/web\/wp-json\/wp\/v2\/media?parent=28394"}],"wp:term":[{"taxonomy":"category","embeddable":true,"href":"http:\/\/fegrama.cat\/web\/wp-json\/wp\/v2\/categories?post=28394"},{"taxonomy":"post_tag","embeddable":true,"href":"http:\/\/fegrama.cat\/web\/wp-json\/wp\/v2\/tags?post=28394"}],"curies":[{"name":"wp","href":"https:\/\/api.w.org\/{rel}","templated":true}]}}