{"id":28386,"date":"2020-11-23T13:18:53","date_gmt":"2020-11-23T12:18:53","guid":{"rendered":"http:\/\/fegrama.cat\/web\/?p=28386"},"modified":"2020-11-23T13:18:53","modified_gmt":"2020-11-23T12:18:53","slug":"el-banyoles-semporta-els-punts-de-santa-coloma","status":"publish","type":"post","link":"http:\/\/fegrama.cat\/web\/el-banyoles-semporta-els-punts-de-santa-coloma\/","title":{"rendered":"El Banyoles s&#8217;emporta els punts de Santa Coloma."},"content":{"rendered":"\n<p class=\"has-medium-font-size\"><strong>L\u2019equip de Pitu Batlle va doblegar a la Grama amb un partit molt complet del C.E. Banyoles de principi a fi (FOTO: Joan Villagrasa).<\/strong><\/p>\n\n\n\n<p>-DBC- Feia una tarda pl\u00e0cida per gaudir del futbol sobre el terreny de joc del Municipal de Santa Coloma. Una bona solejada a les 16:30h il\u00b7luminava la sortida d\u2019ambd\u00f3s equips i feia m\u00e9s suportable el fred d\u2019aquests dies. Juanma Pons volia repetir, per primera vegada, l\u2019onze inicial que havia derrotat a l\u2019Horta en la jornada anterior per\u00f2 l\u2019escalfament va deixar fora a Adil per una punxada en la cama dreta. Amb aix\u00f2, l\u2019onze que va disposar el t\u00e8cnic de la Grama va ser el conformat per: Guiseris, Michel, Juan Carlos, Pe\u00f1a, V\u00edctor, Yeray, Machuca, \u00d3scar, Roger, Aliaga i Peris.<\/p>\n\n\n\n<p>El C.E. Banyoles arribava a Santa Coloma com a cuer per\u00f2 amb sensacions contradict\u00f2ries perqu\u00e8 les seves actuacions durant els primers partits no eren per tenir 0 punts en cinc jornades.<\/p>\n\n\n\n<p>I no va trigar gens l\u2019equip giron\u00ed en demostrar-ho als cinc minuts de joc. Una doble jugada de Gispert es va estavellar dues vegades al travesser i el ref\u00fas final el va aprofitar &nbsp;Moha per allotjar la pilota a la xarxa amb el bander\u00ed de l\u2019assistent invalidant la jugada.<\/p>\n\n\n\n<p>Primer gran ensurt pels colomencs que comen\u00e7aven a entendre que el Banyoles no havia vingut de turisme. Ben al contrari, l\u2019equip del pla de l\u2019Estany aconseguia curtcircuitar el centre del camp de la Grama i els seus centrals es veiem c\u00f2modes amb la \u00fanica pres\u00e8ncia d\u2019\u00d3scar Mu\u00f1oz en punta. Els nostres notaven en demesia la baixa d\u2019Adil i els rivals, que havien preparat el partit comptant amb el dos davanters que planteja sempre Pons, es sentien molt segurs sobre el terreny de joc.<\/p>\n\n\n\n<p>La primera part va disc\u00f3rrer amb aquest gui\u00f3 de superioritat visitant per\u00f2 sense apropaments a les \u00e0rees. Aix\u00ed va ser fins el minut 33 de joc. En aquest moment va decidir apar\u00e8ixer en escena un convidat amb el que no hi compt\u00e0vem. El col\u00b7legiat del partit va assenyalar una falta al v\u00e8rtex de l\u2019\u00e0rea per una acci\u00f3 en la que Yeray Sabariego va endur-se l\u2019esf\u00e8ric netament avan\u00e7ant-se al rival. I el llan\u00e7ament de la falta es va convertir en una nova ocasi\u00f3 d\u2019or pels homes de Pitu Batlle. De nou Gispert estavellava la pilota a l\u2019escaire de la porteria de Guiseris.<\/p>\n\n\n\n<p>Aquest nou toc d\u2019atenci\u00f3 va esperonar una mica als homes de Juanma Pons que van voler mostrar l\u2019orgull davant del domini de l\u2019equip giron\u00ed. Les millors ocasions de la primera meitat van arribar a les botes de Roger Peris. Primer amb una cavalcada per banda esquerra i una bona centrada a la que no va arribar \u00d3scar als 38 minuts. Despr\u00e9s amb el llan\u00e7ament d\u2019una falta que Bartrina va poder refusar in extremis al minut 43 de joc. I finalment amb un potent xut sobre la botzina que va marxar fora per ben poc despr\u00e9s de que la pilota es passeg\u00e9s per l\u2019\u00e0rea petita del Banyoles.<\/p>\n\n\n\n<p>No hi va haver-hi temps per res m\u00e9s i l\u2019\u00e0rbitre va marcar el cam\u00ed de vestidors amb el 0-0 al marcador.<\/p>\n\n\n\n<p>La segona part havia de resultar una continuaci\u00f3 de la primera per\u00f2, com hem comentat abans amb aquella falta de Yeray a la primera meitat, havia d\u2019arribar un convidat que ning\u00fa esperava. D\u2019inici els colomencs van mantenir una pressi\u00f3 alta que dificultava la sortida del Banyoles per\u00f2, en una contra r\u00e0pida per banda dreta, la pilota va marxar a c\u00f3rner favorable als gironins. El primer pels visitants i una nova aparici\u00f3 estel\u00b7lar de Pau Serra, del col\u00b7legi de Tortosa, per veure el que no va veure ning\u00fa. Falta de Yeray sobre Botxi i penal. Corria el minut 50 i Henry enganyava a Guiseris des dels onze metres per fer pujar el 0-1 al marcador.<\/p>\n\n\n\n<p>Es tor\u00e7aven les coses per la Grama i reaccionava la banqueta colomenca donant entrada a Adil i Franco per Yeray y Aliaga. &nbsp;La intenci\u00f3 de Pons era refrescar l\u2019atac i ho va aconseguir dinamitzant amb les internades de Franco. Als 60 minuts, una jugada d\u2019estrat\u00e8gia va acabar amb la pilota a les botes d\u2019\u00d3scar Mu\u00f1oz i aquest no va poder donar-li bona direcci\u00f3 al seu xut que es va perdre per sobre de la porteria banyolina.<\/p>\n\n\n\n<p>Ho van seguir intentant els blaus i en una mostra de lluita, als 62 minuts, Franco Gauna va caure fruit d\u2019una falta a la frontal de l\u2019\u00e0rea petita. Pau Serra va mirar les boniques vistes que tenim al nostre estadi de la serra de Collserola amb la silueta del Tibidabo i es va desentendre de xiular res a dins de l\u2019\u00e0rea del Banyoles.<\/p>\n\n\n\n<p>Moments d\u2019intensitat de la Grama on el Banyoles defensava b\u00e9 i emprava la velocitat i el bon criteri de Gispert per fer mal a la contra. Potser eren els millors minuts de l\u2019equip local quan una excel\u00b7lent penetraci\u00f3 de Marc Roura per banda esquerra fins a l\u00ednia de fons, li va servir per enviar una passada de la mort perqu\u00e8 Moha arrib\u00e9s al segon pal i anot\u00e9s el 0-2 al minut 75.<\/p>\n\n\n\n<p>Bonica jugada de l\u2019equip de Pitu Batlle, passivitat dels colomencs per interceptar la centrada i gol d\u2019aquells que fan mal.<\/p>\n\n\n\n<p>Sense temps de reacci\u00f3, encara quedava la \u00faltima gran intervenci\u00f3 de Pau Serrat. Per acabar d\u2019arrodonir una actuaci\u00f3 en un partit net on no havia de complicar-se l\u2019exist\u00e8ncia, va considerar com a falta una recuperaci\u00f3 de Juan Carlos a dins de l\u2019\u00e0rea despr\u00e9s d\u2019una gran jugada de Jordi Tur\u00f3n. De nou penal i el tercer que pujava al marcador despr\u00e9s de que el propi Tur\u00f3n &nbsp;anot\u00e9s la pena m\u00e0xima. 0-3, minut 78.<\/p>\n\n\n\n<p>Poc m\u00e9s va poder fer la Grama per maquillar el resultat. Els banyolins van saber gestionar els minuts finals i van endur-se una merescuda vict\u00f2ria. Encara aix\u00ed, tot i els pals de la primera meitat, potser el marcador va ser massa engrossit per unes decisions discutibles del col\u00b7legiat. No cal buscar excuses en la figura de l\u2019\u00e0rbitre per justificar una derrota per\u00f2 s\u00ed \u00e9s cert que el tortos\u00ed no va tenir la seva millor tarda i va castigar, amb decisions innecess\u00e0ries en moments clau del partit, a un equip que intentava reaccionar.<\/p>\n\n\n\n<p>Toca aixecar-se perqu\u00e8 la competici\u00f3 no s\u2019atura. El proper dijous la Grama rebr\u00e0 al Sants a l\u2019Estadi, a les 19:30 i, sense temps per m\u00e9s, el diumenge viatjar\u00e0 a Peralada. Setmana completa de futbol ideal per intentar oblidar aquest rev\u00e9s que ens ha donat el Banyoles.<\/p>\n\n\n\n<p><a href=\"https:\/\/www.fcf.cat\/acta\/2021\/futbol-11\/tercera-divisio-nacional\/grup-5b\/aa\/fundacio-esportiva-grama-a\/aa\/banyoles-ce-a\" data-type=\"URL\" data-id=\"https:\/\/www.fcf.cat\/acta\/2021\/futbol-11\/tercera-divisio-nacional\/grup-5b\/aa\/fundacio-esportiva-grama-a\/aa\/banyoles-ce-a\">CLIQUEU PER VEURE L\u2019ACTA DEL PARTIT<\/a><\/p>\n\n\n\n<p><a href=\"https:\/\/www.fcf.cat\/classificacio\/2021\/futbol-11\/tercera-divisio-nacional\/grup-5b\" data-type=\"URL\" data-id=\"https:\/\/www.fcf.cat\/classificacio\/2021\/futbol-11\/tercera-divisio-nacional\/grup-5b\">CLIQUEU PER VEURE LA CLASSIFICACI\u00d3 DE 3DIV5<\/a><\/p>\n\n\n\n<hr class=\"wp-block-separator\"\/>\n\n\n\n<figure class=\"wp-block-image size-large is-resized\"><img loading=\"lazy\" decoding=\"async\" src=\"http:\/\/fegrama.cat\/web\/wp-content\/uploads\/2020\/11\/c0489b16-78be-4129-8a3a-1c83ec828e93-1024x933.jpg\" alt=\"\" class=\"wp-image-28388\" width=\"721\" height=\"656\" srcset=\"http:\/\/fegrama.cat\/web\/wp-content\/uploads\/2020\/11\/c0489b16-78be-4129-8a3a-1c83ec828e93-1024x933.jpg 1024w, http:\/\/fegrama.cat\/web\/wp-content\/uploads\/2020\/11\/c0489b16-78be-4129-8a3a-1c83ec828e93-300x273.jpg 300w, http:\/\/fegrama.cat\/web\/wp-content\/uploads\/2020\/11\/c0489b16-78be-4129-8a3a-1c83ec828e93-768x700.jpg 768w, http:\/\/fegrama.cat\/web\/wp-content\/uploads\/2020\/11\/c0489b16-78be-4129-8a3a-1c83ec828e93-1536x1400.jpg 1536w, http:\/\/fegrama.cat\/web\/wp-content\/uploads\/2020\/11\/c0489b16-78be-4129-8a3a-1c83ec828e93.jpg 1600w\" sizes=\"auto, (max-width: 721px) 100vw, 721px\" \/><figcaption>Once inicial de la Grama en el partido contra el CE Banyoles (Foto: Sergi Garc\u00eda)<\/figcaption><\/figure>\n\n\n\n<p class=\"has-medium-font-size\"><strong>El equipo de Pitu Batlle dobleg\u00f3 a la Grama con un partido muy completo del C.E. Banyoles de principio a fin <\/strong><\/p>\n\n\n\n<p>Hac\u00eda una tarde apacible para disfrutar del f\u00fatbol sobre el terreno de juego del Municipal de Santa Coloma. Una buena soleada a las 16: 30h iluminaba la salida de ambos equipos y hac\u00eda m\u00e1s llevadero el fr\u00edo de estos d\u00edas. Juanma Pons quer\u00eda repetir, por primera vez, el once inicial que hab\u00eda derrotado al Horta en la jornada anterior pero el calentamiento dej\u00f3 fuera a Adil por un pinchazo en la pierna derecha. Con ello, el once que dispuso el t\u00e9cnico de la Grama fue el conformado por: Guiseris, Michel, Juan Carlos, Pe\u00f1a, V\u00edctor, Yeray, Machuca, \u00d3scar, Roger, Aliaga y Peris.<\/p>\n\n\n\n<p>El C.E. Banyoles llegaba a Santa Coloma como colista pero con sensaciones contradictorias porque sus actuaciones durante los primeros partidos no eran para tener 0 puntos en cinco jornadas.<br>Y no tard\u00f3 nada el equipo gerundense en demostrarlo a los cinco minutos de juego. Una doble jugada de Gispert se estrell\u00f3 dos veces en el larguero y el rechace final lo aprovech\u00f3 Moha para alojar el bal\u00f3n en la red con el bander\u00edn del asistente invalidando la jugada.<\/p>\n\n\n\n<p>Primer gran susto para los colomenses que empezaban a entender que el Banyoles no hab\u00eda venido de turismo. Al contrario, el equipo del Pla de l&#8217;Estany consegu\u00eda cortocircuitar el centro del campo de la Grama y sus centrales se ve\u00edan c\u00f3modos con la \u00fanica presencia de \u00d3scar Mu\u00f1oz en punta. Los nuestros notaban en demas\u00eda la baja de Adil y los rivales, que hab\u00edan preparado el partido contando con el dos delanteros que plantea siempre Pons, se sent\u00edan muy seguros sobre el terreno de juego.<\/p>\n\n\n\n<p>La primera parte discurri\u00f3 con este gui\u00f3n de superioridad visitante pero sin acercamientos a las \u00e1reas. As\u00ed fue hasta el minuto 33 de juego. En ese momento decidi\u00f3 aparecer en escena un invitado con el que no cont\u00e1bamos. El colegiado del partido se\u00f1al\u00f3 una falta en el v\u00e9rtice del \u00e1rea por una acci\u00f3n en la que Yeray Sabariego se llev\u00f3 el esf\u00e9rico limpiamente adelant\u00e1ndose al rival. Y el lanzamiento de la falta se convirti\u00f3 en una nueva ocasi\u00f3n de oro para los hombres de Pitu Batlle. De nuevo Gispert estrellaba el bal\u00f3n en la escuadra de la porter\u00eda de Guiseris.<\/p>\n\n\n\n<p>Este nuevo toque de atenci\u00f3n espole\u00f3 un poco a los hombres de Juanma Pons que quisieron mostrar el orgullo ante el dominio del equipo gerundense. Las mejores ocasiones de la primera mitad llegaron en las botas de Roger Peris. Primero con una cabalgada por banda izquierda y un buen centro al que no lleg\u00f3 \u00d3scar a los 38 minutos. Despu\u00e9s con el lanzamiento de una falta que Bartrina pudo rechazar in extremis en el minuto 43 de juego. Y finalmente con un potente disparo sobre la bocina que se march\u00f3 fuera por poco despu\u00e9s que el bal\u00f3n se paseara por el \u00e1rea peque\u00f1a del Banyoles.<br>No hubo tiempo para m\u00e1s y el \u00e1rbitro marc\u00f3 el camino de vestuarios con el 0-0 en el marcador.<\/p>\n\n\n\n<p>La segunda parte deb\u00eda resultar una continuaci\u00f3n de la primera pero, como hemos comentado antes con aquella falta de Yeray en la primera mitad, ten\u00eda que llegar un invitado que nadie esperaba. De inicio los colomenses mantuvieron una presi\u00f3n alta que dificultaba la salida del Banyoles pero, en una contra r\u00e1pida por banda derecha, el bal\u00f3n se march\u00f3 a c\u00f3rner favorable a los gerundenses. El primero para los visitantes y una nueva aparici\u00f3n estelar de Pau Serra, del colegio de Tortosa, para ver lo que no vio nadie. Falta de Yeray sobre Botxi y penalti. Corr\u00eda el minuto 50 y Henry enga\u00f1aba a Guiseris desde los once metros para hacer subir el 0-1 al marcador.<\/p>\n\n\n\n<p>Se torc\u00edan las cosas para la Grama y reaccionaba el banquillo colomense dando entrada a Adil y Franco por Yeray y Aliaga. La intenci\u00f3n de Pons era refrescar el ataque y lo consigui\u00f3 dinamizando con las internadas de Franco. A los 60 minutos, una jugada de estrategia acab\u00f3 con el bal\u00f3n en las botas de \u00d3scar Mu\u00f1oz y \u00e9ste no pudo darle buena direcci\u00f3n a su disparo que se perdi\u00f3 por encima de la porter\u00eda ba\u00f1olense.<br>Lo siguieron intentando los azules y en una muestra de lucha, a los 62 minutos, Franco Gauna cay\u00f3 fruto de una falta en la frontal del \u00e1rea peque\u00f1a. Pau Serra mir\u00f3 las bonitas vistas que tenemos en nuestro estadio de la sierra de Collserola con la silueta del Tibidabo y se desentendi\u00f3 de pitar nada dentro del \u00e1rea del Banyoles.<\/p>\n\n\n\n<p>Momentos de intensidad de la Grama donde el Banyoles defend\u00eda bien y empleaba la velocidad y el buen criterio de Gispert para hacer da\u00f1o a la contra. Quiz\u00e1s eran los mejores minutos del equipo local cuando una excelente penetraci\u00f3n de Marc Roura por banda izquierda hasta l\u00ednea de fondo, le sirvi\u00f3 para enviar un pase de la muerte para que Moha llegara al segundo palo y anotara el 0-2 en el minuto 75.<br>Bonita jugada del equipo de Pitu Batlle, pasividad de los colomenses para interceptar el centro y gol de los que hacen da\u00f1o.<\/p>\n\n\n\n<p>Sin tiempo de reacci\u00f3n, a\u00fan quedaba la \u00faltima gran intervenci\u00f3n de Pau Serrat. Para acabar de redondear una actuaci\u00f3n en un partido limpio donde no deb\u00eda complicarse la existencia, consider\u00f3 como falta una recuperaci\u00f3n de Juan Carlos dentro del \u00e1rea tras una gran jugada de Jordi Tur\u00f3n. De nuevo penalti y el tercero que sub\u00eda al marcador despu\u00e9s que el propio Tur\u00f3n anotara la pena m\u00e1xima. 0-3, minuto 78.<\/p>\n\n\n\n<p>Poco m\u00e1s pudo hacer la Grama para maquillar el resultado. Los ba\u00f1olenses supieron gestionar los minutos finales y se llevaron una merecida victoria. A\u00fan as\u00ed, a pesar de los palos de la primera mitad, tal vez el marcador fue demasiado abultado por unas decisiones discutibles del colegiado. No hay que buscar excusas en la figura del \u00e1rbitro para justificar una derrota pero s\u00ed es cierto que el tortosino no tuvo su mejor tarde y castig\u00f3, con decisiones innecesarias en momentos clave del partido, a un equipo que intentaba reaccionar.<\/p>\n\n\n\n<p>Toca levantarse porque la competici\u00f3n no se detiene. El pr\u00f3ximo jueves la Grama recibir\u00e1 al Sants en el estadio, a las 19:30 y, sin tiempo para m\u00e1s, el domingo viajar\u00e1 a Peralada. Semana completa de f\u00fatbol ideal para intentar olvidar este rev\u00e9s que nos ha dado el Banyoles.<\/p>\n\n\n\n<p><a href=\"https:\/\/www.fcf.cat\/acta\/2021\/futbol-11\/tercera-divisio-nacional\/grup-5b\/aa\/fundacio-esportiva-grama-a\/aa\/banyoles-ce-a\" data-type=\"URL\" data-id=\"https:\/\/www.fcf.cat\/acta\/2021\/futbol-11\/tercera-divisio-nacional\/grup-5b\/aa\/fundacio-esportiva-grama-a\/aa\/banyoles-ce-a\">CLICAD PARA VER EL ACTA DEL PARTIDO<\/a><br><a href=\"https:\/\/www.fcf.cat\/classificacio\/2021\/futbol-11\/tercera-divisio-nacional\/grup-5b\" data-type=\"URL\" data-id=\"https:\/\/www.fcf.cat\/classificacio\/2021\/futbol-11\/tercera-divisio-nacional\/grup-5b\">CLICAD PARA VER LA CLASIFICACI\u00d3N DE 3DIV5<\/a><\/p>\n","protected":false},"excerpt":{"rendered":"<p>L\u2019equip de Pitu Batlle va doblegar a la Grama amb un partit molt complet del C.E. Banyoles de principi a fi (FOTO: Joan Villagrasa). -DBC- Feia una tarda pl\u00e0cida per gaudir del futbol sobre el terreny de joc del Municipal de Santa Coloma. Una bona solejada a les 16:30h il\u00b7luminava la sortida d\u2019ambd\u00f3s equips i [&hellip;]<\/p>\n","protected":false},"author":1,"featured_media":28387,"comment_status":"closed","ping_status":"closed","sticky":false,"template":"","format":"standard","meta":{"footnotes":""},"categories":[4,5],"tags":[],"class_list":["post-28386","post","type-post","status-publish","format-standard","has-post-thumbnail","hentry","category-base-inclusiu","category-primer-equip"],"_links":{"self":[{"href":"http:\/\/fegrama.cat\/web\/wp-json\/wp\/v2\/posts\/28386","targetHints":{"allow":["GET"]}}],"collection":[{"href":"http:\/\/fegrama.cat\/web\/wp-json\/wp\/v2\/posts"}],"about":[{"href":"http:\/\/fegrama.cat\/web\/wp-json\/wp\/v2\/types\/post"}],"author":[{"embeddable":true,"href":"http:\/\/fegrama.cat\/web\/wp-json\/wp\/v2\/users\/1"}],"replies":[{"embeddable":true,"href":"http:\/\/fegrama.cat\/web\/wp-json\/wp\/v2\/comments?post=28386"}],"version-history":[{"count":1,"href":"http:\/\/fegrama.cat\/web\/wp-json\/wp\/v2\/posts\/28386\/revisions"}],"predecessor-version":[{"id":28389,"href":"http:\/\/fegrama.cat\/web\/wp-json\/wp\/v2\/posts\/28386\/revisions\/28389"}],"wp:featuredmedia":[{"embeddable":true,"href":"http:\/\/fegrama.cat\/web\/wp-json\/wp\/v2\/media\/28387"}],"wp:attachment":[{"href":"http:\/\/fegrama.cat\/web\/wp-json\/wp\/v2\/media?parent=28386"}],"wp:term":[{"taxonomy":"category","embeddable":true,"href":"http:\/\/fegrama.cat\/web\/wp-json\/wp\/v2\/categories?post=28386"},{"taxonomy":"post_tag","embeddable":true,"href":"http:\/\/fegrama.cat\/web\/wp-json\/wp\/v2\/tags?post=28386"}],"curies":[{"name":"wp","href":"https:\/\/api.w.org\/{rel}","templated":true}]}}