{"id":28378,"date":"2020-11-16T08:15:31","date_gmt":"2020-11-16T07:15:31","guid":{"rendered":"http:\/\/fegrama.cat\/web\/?p=28378"},"modified":"2020-11-16T08:15:31","modified_gmt":"2020-11-16T07:15:31","slug":"la-grama-assalta-el-feliu-i-codina","status":"publish","type":"post","link":"http:\/\/fegrama.cat\/web\/la-grama-assalta-el-feliu-i-codina\/","title":{"rendered":"La Grama assalta el Feliu i Codina"},"content":{"rendered":"\n<p class=\"has-medium-font-size\"><strong>La Grama s\u2019end\u00fa tres punts contra la U.A. Horta amb serietat i remuntant un marcador advers.<\/strong> <strong>(Foto: Joan Villagrasa)<\/strong><\/p>\n\n\n\n<p>&#8211; DBC &#8211; Que aquesta Tercera Divisi\u00f3 \u00e9s dif\u00edcil ho sabem tots. Que tothom pot guanyar a qualsevol camp, tamb\u00e9 ho sab\u00edem per\u00f2 no ho hem comprovat fins a aquesta jornada.\u00a0 Tamb\u00e9 sab\u00edem que guanyar al Feliu i Codina contra un rival que t\u00e9 un dels pressupostos m\u00e9s alts de la categoria era una tasca bastant complicada per\u00f2 no impossible.<\/p>\n\n\n\n<p>Juanma Pons treia d\u2019inici un equip m\u00e9s compensat del que es va poder veure el passat dimecres a Cerdanyola. A l\u2019onze inicial saltaven: Guiseris en porteria; Michel i Pe\u00f1a als laterals; V\u00edctor i Juan Carlos a l\u2019eix de la defensa; Yeray i Machuca al centre del camp; Peris i Aliaga a les bandes; i Adil i \u00d3scar en punta d\u2019atac. &nbsp;<\/p>\n\n\n\n<p>El matx comen\u00e7ava amb l\u2019equip de V\u00edctor Vald\u00e9s volent la pilota i intentant ficar als colomencs al seu camp. En cap moment es va veure una Grama atemorida, al contrari, amb una disposici\u00f3 defensiva ben plantada mantenia allunyats als hortencs de l\u2019\u00e0rea i pressionava en camp rival amb els davanters.<\/p>\n\n\n\n<p>Encara aix\u00ed, no resulta f\u00e0cil contenir les embranzides d\u2019un equip com l\u2019Horta i Sergi Moreno va buscar el gol als tres minuts amb un potent xut des de la frontal. La resposta de Dani Guiseris va ser monumental, amb una estirada enorme a m\u00e0 canviada i enviant la pilota a c\u00f3rner.<\/p>\n\n\n\n<p>Ho va seguir intentant l\u2019equip local mentre els homes de Juanma Pons tenien ben apresa la lli\u00e7\u00f3. Reduir els espais, mantenir el bloc defensiu contundent i fer transicions r\u00e0pides per tal que \u00d3scar i Adil generessin perill.<\/p>\n\n\n\n<p>Partit igualat, d\u2019aquells que agrada veure als espectadors encara que la situaci\u00f3 no ho permet. Els homes de l\u2019equip blanc i negre van anar caient en la desesperaci\u00f3 i la intensitat del seu joc es veia entrampada en la xarxa t\u00e0ctica preparada per Pons. Creixien les figures de Machuca i Yeray curtcircuitant el mig del camp i de Juan Carlos tallant-lo tot al darrera.<\/p>\n\n\n\n<p>Creixia la Grama com a bloc, i ho intentava buscant l\u2019esquena amb internades d\u2019Aliaga i Peris per bandes. I precisament quan millor ho estava fent l\u2019equip blau, va arribar una centrada del dorsal n\u00famero 24, Pedro Astray, teledirigida perqu\u00e8 Edipo Rodr\u00edguez, sol al segon pal, anot\u00e9s el primer gol al minut 37. 1-0.<\/p>\n\n\n\n<p>En la represa despr\u00e9s del gol, Juanma Pons va haver de fer el primer canvi del partit per problemes f\u00edsics d\u2019Aliaga. El seu substitut va ser \u00c1ngel Gonz\u00e1lez que saltava al terreny de joc al minut 38.<\/p>\n\n\n\n<p>En la recta final de la primera meitat, el partit seguia sent molt igualat per\u00f2 amb la Grama buscant resposta. I aquesta va arribar en una jugada d\u2019estrat\u00e8gia en una sacada de banda. V\u00edctor D\u00edaz va pentinar la pilota i un defensor la va tocar amb la m\u00e0 a dins de l\u2019\u00e0rea. Marc Oltra, el col\u00b7legiat del partit, no va dubtar i va assenyalar el punt de penal.<\/p>\n\n\n\n<p>Adil Azarkan va enganyar completament a Unai Marino i va fer pujar l\u2019empat al marcador al minut 44. 1-1 i cam\u00ed de vestidors.<\/p>\n\n\n\n<p>La segona part es preveia complicada. L\u2019equip local va fer el primer canvi retirant a Eric Bezis i donant entrada a Bertomeu. Era de preveure que V\u00edctor Vald\u00e9s esperon\u00e9s als seus buscant una reacci\u00f3 i aprofitar el factor camp. &nbsp;va ser aix\u00ed durant els primers instants de la represa, amb m\u00e9s velocitat de circulaci\u00f3 per part dels jugadors blanc i negres per\u00f2 sense fer mal a la defensa colomenca.<\/p>\n\n\n\n<p>La Grama estava c\u00f2mode sobre el terreny de joc i amb les seves armes va presentar candidatura a la vict\u00f2ria. Als 55 minuts, Adil rematava un corner al primer pal i la pilota va sortit fora per ben poc.<\/p>\n\n\n\n<p>Als 64 minuts, despr\u00e9s d\u2019una falta d\u2019Iv\u00e1n de Nova sobre \u00c1ngel, la Grama va poder posar en marxa la pissarra dels t\u00e8cnics i la pilota mil\u00b7limetrada de Roger Peris des de banda dreta va acabar rematada per \u00d3scar Mu\u00f1oz. De nou el remat del davanter colomenc va sortir fora molt a prop del pal dret d\u2019Unai Marino.<\/p>\n\n\n\n<p>Despr\u00e9s d\u2019aquesta acci\u00f3, als 66 minuts l\u2019entrenador de la Grama va jugar les seves cartes sumant m\u00e9s homes al centre del camp amb la incorporaci\u00f3 de Roger Garc\u00eda i la retirada d\u2019Oscar Mu\u00f1oz. El jove migcampista posteriorment seria clau en la jugada de la vict\u00f2ria.<\/p>\n\n\n\n<p>Tamb\u00e9 movia la banqueta V\u00edctor Vald\u00e9s als 71 minuts amb l\u2019entrada de Corominas i d\u2019Eric Rubio per Sergi Moreno i Xavier Manrique.<\/p>\n\n\n\n<p>El partit seguia bonic, seguia obert i encara que la Grama estava ben plantada podia passar qualsevol cosa. Als 73 minuts una jugada on ning\u00fa encerta a refusar la pilota va acabar amb un llan\u00e7ament de Bertomeu per\u00f2 aquest es va perdre &nbsp;molt lluny de la porteria de Dani Guiseris. Responia la Grama als 76 minuts amb una internada de Peris que va poder interceptar Unai Marino sortint de la seva \u00e0rea. Ho va seguir intentant Roger Peris donant guerra per banda esquerra i fruit de les seves accions, Albert Caparr\u00f3s va veure la targeta groga despr\u00e9s d\u2019aturar al dorsal 21 de la Grama amb una dura entrada al turmell.<\/p>\n\n\n\n<p>Al minut 80, una bona combinaci\u00f3 colomenca va acabar amb un fort xut de Roger Garc\u00eda que es va perdre, per poc, per sobre de la porteria de l\u2019Horta. Pons se\u2019n va adonar que pod\u00edem guanyar el partit i va tornar a moure la banqueta als 81 minuts. Adil necessitava ajuda en punta per incomodar als defensors hortencs i per aquest motiu es va retirar Machuca i va entrar \u00c1lex Montalb\u00e1n. Un canvi coherent del t\u00e8cnic buscant l\u2019esquena d\u2019uns defensors que es veien superats pels nostres en cada acci\u00f3.<\/p>\n\n\n\n<p>Es podia guanyar i aix\u00ed va ser. &nbsp;Corria el minut 84 quan una combinaci\u00f3 de tot l\u2019atac colomenc, de banda a banda, va acabar amb una pilota penjada de Yeray Sabariego per Roger Garc\u00eda que va ser blocat a dins de l\u2019\u00e0rea. Albert Caparr\u00f3s, el defensor de l\u2019Horta va ser qui va cometre el penal i va veure la segona groga.<\/p>\n\n\n\n<p>Amb la m\u00e0xima tensi\u00f3, Adil Azarkan va plantar la pilota als onze metres i va allotjar-la a les xarxes fent pujar l\u20191-2 al marcador.<\/p>\n\n\n\n<p>D\u2019aqu\u00ed al final ho va intentar l\u2019Horta per\u00f2 l\u2019\u00e0rea colomenca va se inaccessible pels nois de V\u00edctor Vald\u00e9s. La Grama va jugar els \u00faltims minuts amb el cap, controlant la possessi\u00f3 de l\u2019esf\u00e8rica i evitant que els locals s\u2019apropessin als dominis de Guiseris.<\/p>\n\n\n\n<p>Vict\u00f2ria final de la Grama per 1-2 en un dels camps m\u00e9s complicats del grup, contra un dels candidats a l\u2019ascens que, tard o d\u2019hora, despertar\u00e0 i donar\u00e0 batalla en la part alta. I els nostres a seguir pensant en el partit a partit, a sumar de tres en tres, i mantenir l\u2019ordre i rigor t\u00e0ctic que ens va portar fins a Tercera.<\/p>\n\n\n\n<p><a href=\"https:\/\/www.fcf.cat\/acta\/2021\/futbol-11\/tercera-divisio-nacional\/grup-5b\/aa\/horta-uat-a\/aa\/fundacio-esportiva-grama-a\" data-type=\"URL\" data-id=\"https:\/\/www.fcf.cat\/acta\/2021\/futbol-11\/tercera-divisio-nacional\/grup-5b\/aa\/horta-uat-a\/aa\/fundacio-esportiva-grama-a\">CLIQUEU PER VEURE L\u2019ACTA DEL PARTIT<\/a><\/p>\n\n\n\n<p><a href=\"https:\/\/www.fcf.cat\/classificacio\/2021\/futbol-11\/tercera-divisio-nacional\/grup-5b\" data-type=\"URL\" data-id=\"https:\/\/www.fcf.cat\/classificacio\/2021\/futbol-11\/tercera-divisio-nacional\/grup-5b\">CLIQUEU PER VEURA LA CLASSIFICACI\u00d3 DE 3DIV5<\/a><\/p>\n\n\n\n<p class=\"has-text-align-center\">&#8212;&#8212;&#8212;&#8212;&#8212;&#8212;&#8212;&#8212;&#8212;&#8212;&#8212;&#8212;&#8212;&#8211;<\/p>\n\n\n\n<figure class=\"wp-block-image size-large is-resized\"><img loading=\"lazy\" decoding=\"async\" src=\"http:\/\/fegrama.cat\/web\/wp-content\/uploads\/2020\/11\/9a758507-f42c-4800-ab2a-079cdfadf6f8-1024x849.jpg\" alt=\"\" class=\"wp-image-28380\" width=\"829\" height=\"687\" srcset=\"http:\/\/fegrama.cat\/web\/wp-content\/uploads\/2020\/11\/9a758507-f42c-4800-ab2a-079cdfadf6f8-1024x849.jpg 1024w, http:\/\/fegrama.cat\/web\/wp-content\/uploads\/2020\/11\/9a758507-f42c-4800-ab2a-079cdfadf6f8-300x249.jpg 300w, http:\/\/fegrama.cat\/web\/wp-content\/uploads\/2020\/11\/9a758507-f42c-4800-ab2a-079cdfadf6f8-768x636.jpg 768w, http:\/\/fegrama.cat\/web\/wp-content\/uploads\/2020\/11\/9a758507-f42c-4800-ab2a-079cdfadf6f8-1536x1273.jpg 1536w, http:\/\/fegrama.cat\/web\/wp-content\/uploads\/2020\/11\/9a758507-f42c-4800-ab2a-079cdfadf6f8.jpg 1600w\" sizes=\"auto, (max-width: 829px) 100vw, 829px\" \/><figcaption>Once inicial en el Feliu i Codina (Foto: Sergi Garc\u00eda).<\/figcaption><\/figure>\n\n\n\n<p class=\"has-medium-font-size\"><strong>La Grama se lleva tres puntos contra la U.A. Horta con seriedad y remontando un marcador adverso.<\/strong><\/p>\n\n\n\n<p class=\"has-normal-font-size\">-DBC &#8211; Que esta Tercera Divisi\u00f3n es dif\u00edcil lo sabemos todos. Que todo el mundo puede ganar en cualquier campo, tambi\u00e9n lo sab\u00edamos pero no lo hab\u00edamos comprobado hasta esta jornada. Tambi\u00e9n sab\u00edamos que ganar en el Feliu i Codina contra un rival que tiene uno de los presupuestos m\u00e1s altos de la categor\u00eda era una tarea bastante complicada pero no imposible.<\/p>\n\n\n\n<p class=\"has-normal-font-size\"><br>Juanma Pons sacaba de inicio un equipo m\u00e1s compensado de lo que se pudo ver el pasado mi\u00e9rcoles en Cerdanyola. En el once inicial saltaban: Guiseris en porter\u00eda; Michel y Pe\u00f1a en los laterales; V\u00edctor y Juan Carlos en el eje de la defensa; Yeray y Machuca en el centro del campo; Peris y Aliaga en las bandas; y Adil y \u00d3scar en punta de ataque.<\/p>\n\n\n\n<p class=\"has-normal-font-size\"><br>El encuentro comenzaba con el equipo de V\u00edctor Vald\u00e9s queriendo el bal\u00f3n e intentando meter a los colomenses en su campo. En ning\u00fan momento se vio una Grama atemorizada, al contrario, con una disposici\u00f3n defensiva bien plantada manten\u00eda alejados a los barceloneses del \u00e1rea y presionaba en campo rival con los delanteros.<\/p>\n\n\n\n<p class=\"has-normal-font-size\">A\u00fan as\u00ed, no resulta f\u00e1cil contener los empujones de un equipo como el Horta y Sergi Moreno busc\u00f3 el gol a los tres minutos con un potente disparo desde la frontal. La respuesta de Dani Guiseris fue monumental, con un estirada  enorme a mano cambiada y enviando el bal\u00f3n a c\u00f3rner.<\/p>\n\n\n\n<p class=\"has-normal-font-size\">Lo sigui\u00f3 intentando el equipo local mientras los hombres de Juanma Pons ten\u00edan bien aprendida la lecci\u00f3n. Reducir los espacios, mantener el bloque defensivo contundente y hacer transiciones r\u00e1pidas para que \u00d3scar y Adil generaran peligro<\/p>\n\n\n\n<p class=\"has-normal-font-size\">Partido igualado, de aquellos que gusta ver a los espectadores aunque la situaci\u00f3n no lo permite. Los hombres del equipo blanco y negro fueron cayendo en la desesperaci\u00f3n y la intensidad de su juego se ve\u00eda entrampada en la red t\u00e1ctica preparada por Pons. Crec\u00edan las figuras de Machuca y Yeray cortocircuitando el centro del campo y de Juan Carlos cort\u00e1ndolo todo detr\u00e1s.<br>Crec\u00eda la Grama como bloque, y lo intentaba buscando la espalda con internadas de Aliaga y Peris por bandas. Y precisamente cuando mejor lo estaba haciendo el equipo azul, lleg\u00f3 un centro del dorsal n\u00famero 24, Pedro Astray, teledirigido para que  Edipo Rodr\u00edguez, solo en el segundo palo, anotara el primer gol en el minuto 37. 1-0.<\/p>\n\n\n\n<p class=\"has-normal-font-size\">En la reanudaci\u00f3n tras el gol, Juanma Pons tuvo que hacer el primer cambio del partido por problemas f\u00edsicos de Aliaga. Su sustituto fue \u00c1ngel Gonz\u00e1lez que saltaba al terreno de juego en el minuto 38<\/p>\n\n\n\n<p class=\"has-normal-font-size\">En la recta final de la primera mitad, el partido segu\u00eda siendo muy igualado pero con la Grama buscando respuesta. Y esta lleg\u00f3 en una jugada de estrategia en un saque de banda. V\u00edctor D\u00edaz pein\u00f3 el bal\u00f3n y un defensor la toc\u00f3 con la mano dentro del \u00e1rea. Marc Oltra, el colegiado del partido, no dud\u00f3 y se\u00f1al\u00f3 el punto de penalti.<br>Adil Azarkan enga\u00f1\u00f3 completamente a Unai Marino e hizo subir el empate en el minuto 44. 1-1 y camino de vestuarios.<\/p>\n\n\n\n<p>La segunda parte se preve\u00eda complicada. El equipo local hizo el primer cambio retirando a Eric Bezis y dando entrada a Bertomeu. Era de prever que V\u00edctor Vald\u00e9s incitara a sus buscando una reacci\u00f3n y aprovechar el factor campo. Fue as\u00ed durante los primeros instantes de la reanudaci\u00f3n, con m\u00e1s velocidad de circulaci\u00f3n por parte de los jugadores blanquinegros pero sin hacer da\u00f1o a la defensa colomense.<\/p>\n\n\n\n<p>La Grama estaba c\u00f3moda sobre el terreno de juego y con sus armas present\u00f3 candidatura a la victoria. A los 55 minutos, Adil remataba un corner en el primer palo y el bal\u00f3n sali\u00f3 fuera por poco.<br>A los 64 minutos, tras una falta de Iv\u00e1n de Nova sobre \u00c1ngel, la Grama pudo poner en marcha la pizarra de los t\u00e9cnicos y el bal\u00f3n milimetrado de Roger Peris desde banda derecha acab\u00f3 rematado por \u00d3scar Mu\u00f1oz. De nuevo el remate del delantero colomense sali\u00f3 fuera, muy cerca del poste derecho de Unai Marino.<\/p>\n\n\n\n<p>Despu\u00e9s de esta acci\u00f3n, a los 66 minutos el entrenador de la Grama jug\u00f3 sus cartas sumando m\u00e1s hombres en el centro del campo con la incorporaci\u00f3n de Roger Garc\u00eda y la retirada de Oscar Mu\u00f1oz. El joven centrocampista posteriormente ser\u00eda clave en la jugada de la victoria.<br>Tambi\u00e9n mov\u00eda el banquillo V\u00edctor Vald\u00e9s a los 71 minutos con la entrada de Corominas y de Eric Rubio por Sergi Moreno y Xavier Manrique.<\/p>\n\n\n\n<p>El partido segu\u00eda bonito, segu\u00eda abierto y aunque la Grama estaba bien plantada pod\u00eda pasar cualquier cosa. A los 73 minutos una jugada donde nadie acierta a rechazar el bal\u00f3n acab\u00f3 con un lanzamiento de Bertomeu pero \u00e9ste se perdi\u00f3 muy lejos de la porter\u00eda de Dani Guiseris. Respond\u00eda la Grama los 76 minutos en una internada de Peris que pudo interceptar Unai Marino saliendo de su \u00e1rea. Lo sigui\u00f3 intentando Roger Peris dando guerra por banda izquierda y fruto de sus acciones, Albert Caparr\u00f3s vio la tarjeta amarilla tras detener el dorsal 21 de la Grama con una dura entrada al tobillo.<\/p>\n\n\n\n<p>En el minuto 80, una buena combinaci\u00f3n colomense termin\u00f3 con un fuerte disparo de Roger Garc\u00eda que se perdi\u00f3 por poco por encima de la porteria del Horta. Pons se dio cuenta de que pod\u00edamos ganar el partido y volvi\u00f3 a mover el banquillo a los 81 minutos. Adil necesitaba ayuda en punta para incomodar a los defensores  del Horta y por este motivo se retir\u00f3 Machuca y entr\u00f3 \u00c1lex Montalb\u00e1n. Un cambio coherente del t\u00e9cnico buscando la espalda de unos defensores que se ve\u00edan superados por los nuestros en cada acci\u00f3n.<\/p>\n\n\n\n<p>Se pod\u00eda ganar y as\u00ed fue. Corr\u00eda el minuto 84 cuando una combinaci\u00f3n de todo el ataque colomense, de lado a lado, acab\u00f3 con un bal\u00f3n colgado de Yeray Sabariego para Roger Garc\u00eda que fue bloqueado dentro del \u00e1rea. Albert Caparr\u00f3s, el defensor del Horta,  fue quien cometi\u00f3 el penalti y vio la segunda amarilla.<br>Con la m\u00e1xima tensi\u00f3n, Adil Azarkan plant\u00f3 el bal\u00f3n en los once metros y lo aloj\u00f3 en las redes haciendo subir el 1-2 al marcador.<\/p>\n\n\n\n<p>De ah\u00ed al final lo intent\u00f3 el equipo local pero el \u00e1rea colomense fue inaccesible para los chicos de V\u00edctor Vald\u00e9s. La Grama jug\u00f3 los \u00faltimos minutos con cabeza, controlando la posesi\u00f3n del esf\u00e9rico y evitando que los locales se acercaran a los dominios de Guiseris.<\/p>\n\n\n\n<p>Victoria final de la Grama por 1-2 en uno de los campos m\u00e1s complicados del grupo, contra uno de los candidatos al ascenso que, tarde o temprano, despertar\u00e1 y dar\u00e1 batalla en la parte alta. Y los nuestros a seguir pensando en el partido a partido, a sumar de tres en tres, y mantener el orden y rigor t\u00e1ctico que nos llev\u00f3 hasta Tercera.<\/p>\n\n\n\n<p><a href=\"https:\/\/www.fcf.cat\/acta\/2021\/futbol-11\/tercera-divisio-nacional\/grup-5b\/aa\/horta-uat-a\/aa\/fundacio-esportiva-grama-a\" data-type=\"URL\" data-id=\"https:\/\/www.fcf.cat\/acta\/2021\/futbol-11\/tercera-divisio-nacional\/grup-5b\/aa\/horta-uat-a\/aa\/fundacio-esportiva-grama-a\">CLICAD PARA VER EL ACTA DEL PARTIDO<\/a><br><a href=\"https:\/\/www.fcf.cat\/classificacio\/2021\/futbol-11\/tercera-divisio-nacional\/grup-5b\" data-type=\"URL\" data-id=\"https:\/\/www.fcf.cat\/classificacio\/2021\/futbol-11\/tercera-divisio-nacional\/grup-5b\">CLICAD PARA VER LA CLASIFICACI\u00d3N DE 3DIV5<\/a><\/p>\n","protected":false},"excerpt":{"rendered":"<p>La Grama s\u2019end\u00fa tres punts contra la U.A. Horta amb serietat i remuntant un marcador advers. (Foto: Joan Villagrasa) &#8211; DBC &#8211; Que aquesta Tercera Divisi\u00f3 \u00e9s dif\u00edcil ho sabem tots. Que tothom pot guanyar a qualsevol camp, tamb\u00e9 ho sab\u00edem per\u00f2 no ho hem comprovat fins a aquesta jornada.\u00a0 Tamb\u00e9 sab\u00edem que guanyar al [&hellip;]<\/p>\n","protected":false},"author":1,"featured_media":28379,"comment_status":"closed","ping_status":"closed","sticky":false,"template":"","format":"standard","meta":{"footnotes":""},"categories":[4,5],"tags":[],"class_list":["post-28378","post","type-post","status-publish","format-standard","has-post-thumbnail","hentry","category-base-inclusiu","category-primer-equip"],"_links":{"self":[{"href":"http:\/\/fegrama.cat\/web\/wp-json\/wp\/v2\/posts\/28378","targetHints":{"allow":["GET"]}}],"collection":[{"href":"http:\/\/fegrama.cat\/web\/wp-json\/wp\/v2\/posts"}],"about":[{"href":"http:\/\/fegrama.cat\/web\/wp-json\/wp\/v2\/types\/post"}],"author":[{"embeddable":true,"href":"http:\/\/fegrama.cat\/web\/wp-json\/wp\/v2\/users\/1"}],"replies":[{"embeddable":true,"href":"http:\/\/fegrama.cat\/web\/wp-json\/wp\/v2\/comments?post=28378"}],"version-history":[{"count":1,"href":"http:\/\/fegrama.cat\/web\/wp-json\/wp\/v2\/posts\/28378\/revisions"}],"predecessor-version":[{"id":28381,"href":"http:\/\/fegrama.cat\/web\/wp-json\/wp\/v2\/posts\/28378\/revisions\/28381"}],"wp:featuredmedia":[{"embeddable":true,"href":"http:\/\/fegrama.cat\/web\/wp-json\/wp\/v2\/media\/28379"}],"wp:attachment":[{"href":"http:\/\/fegrama.cat\/web\/wp-json\/wp\/v2\/media?parent=28378"}],"wp:term":[{"taxonomy":"category","embeddable":true,"href":"http:\/\/fegrama.cat\/web\/wp-json\/wp\/v2\/categories?post=28378"},{"taxonomy":"post_tag","embeddable":true,"href":"http:\/\/fegrama.cat\/web\/wp-json\/wp\/v2\/tags?post=28378"}],"curies":[{"name":"wp","href":"https:\/\/api.w.org\/{rel}","templated":true}]}}