{"id":28375,"date":"2020-11-14T16:09:30","date_gmt":"2020-11-14T15:09:30","guid":{"rendered":"http:\/\/fegrama.cat\/web\/?p=28375"},"modified":"2020-11-14T16:09:30","modified_gmt":"2020-11-14T15:09:30","slug":"comunicat-proves-pcr-13-11-2020","status":"publish","type":"post","link":"http:\/\/fegrama.cat\/web\/comunicat-proves-pcr-13-11-2020\/","title":{"rendered":"Comunicat: Proves PCR (13\/11\/2020)"},"content":{"rendered":"\n<p>Durant la tarda d\u2019ahir, el Doctor Germ\u00e1n Rosales, com a Responsable de l\u2019\u00e0rea de salut de la Fundaci\u00f3 Esportiva Grama va realitzar els tests PCR a les plantilles del Primer Equip i el Juvenil A.<\/p>\n\n\n\n<p>El resultat va ser <strong>NEGATIU<\/strong> en totes les proves realitzades.<\/p>\n\n\n\n<p>Agra\u00efm enormement l\u2019esfor\u00e7 que estan fent els jugadors i t\u00e8cnics d\u2019ambd\u00f3s equips per mantenir el grup lluny del virus. Tamb\u00e9 hem de destacar la dedicaci\u00f3 de tot el nostre equip COVID&nbsp; per mantenir el protocol establert.<\/p>\n\n\n\n<p>Seguim endavant.<\/p>\n\n\n\n<hr class=\"wp-block-separator\"\/>\n\n\n\n<p>Durante la tarde de ayer, el Doctor Germ\u00e1n Rosales, como responsable del \u00e1rea de salud de la Fundaci\u00f3 Esportiva Grama, realiz\u00f3 los test PCR a las plantilles del Primer Equipo y del Juvenil A.<\/p>\n\n\n\n<p>El resultado fue <strong>NEGATIVO<\/strong> en todas las pruebas realizadas.<\/p>\n\n\n\n<p>Agradecemos enormemente el esfuerzo que est\u00e1n haciendo los jugadores y t\u00e9cnicos de ambos equipos para mantener el grupo lejos del virus. Tambi\u00e9n debemos destacar la dedicaci\u00f3n de todo nuestro equipo COVID por mantener el protocolo establecido.<\/p>\n\n\n\n<p>Seguimos adelante.<\/p>\n","protected":false},"excerpt":{"rendered":"<p>Durant la tarda d\u2019ahir, el Doctor Germ\u00e1n Rosales, com a Responsable de l\u2019\u00e0rea de salut de la Fundaci\u00f3 Esportiva Grama va realitzar els tests PCR a les plantilles del Primer Equip i el Juvenil A. El resultat va ser NEGATIU en totes les proves realitzades. Agra\u00efm enormement l\u2019esfor\u00e7 que estan fent els jugadors i t\u00e8cnics [&hellip;]<\/p>\n","protected":false},"author":1,"featured_media":28376,"comment_status":"closed","ping_status":"closed","sticky":false,"template":"","format":"standard","meta":{"footnotes":""},"categories":[14],"tags":[],"class_list":["post-28375","post","type-post","status-publish","format-standard","has-post-thumbnail","hentry","category-noticies"],"_links":{"self":[{"href":"http:\/\/fegrama.cat\/web\/wp-json\/wp\/v2\/posts\/28375","targetHints":{"allow":["GET"]}}],"collection":[{"href":"http:\/\/fegrama.cat\/web\/wp-json\/wp\/v2\/posts"}],"about":[{"href":"http:\/\/fegrama.cat\/web\/wp-json\/wp\/v2\/types\/post"}],"author":[{"embeddable":true,"href":"http:\/\/fegrama.cat\/web\/wp-json\/wp\/v2\/users\/1"}],"replies":[{"embeddable":true,"href":"http:\/\/fegrama.cat\/web\/wp-json\/wp\/v2\/comments?post=28375"}],"version-history":[{"count":1,"href":"http:\/\/fegrama.cat\/web\/wp-json\/wp\/v2\/posts\/28375\/revisions"}],"predecessor-version":[{"id":28377,"href":"http:\/\/fegrama.cat\/web\/wp-json\/wp\/v2\/posts\/28375\/revisions\/28377"}],"wp:featuredmedia":[{"embeddable":true,"href":"http:\/\/fegrama.cat\/web\/wp-json\/wp\/v2\/media\/28376"}],"wp:attachment":[{"href":"http:\/\/fegrama.cat\/web\/wp-json\/wp\/v2\/media?parent=28375"}],"wp:term":[{"taxonomy":"category","embeddable":true,"href":"http:\/\/fegrama.cat\/web\/wp-json\/wp\/v2\/categories?post=28375"},{"taxonomy":"post_tag","embeddable":true,"href":"http:\/\/fegrama.cat\/web\/wp-json\/wp\/v2\/tags?post=28375"}],"curies":[{"name":"wp","href":"https:\/\/api.w.org\/{rel}","templated":true}]}}