{"id":28370,"date":"2020-11-09T04:15:07","date_gmt":"2020-11-09T03:15:07","guid":{"rendered":"http:\/\/fegrama.cat\/web\/?p=28370"},"modified":"2020-11-09T04:22:37","modified_gmt":"2020-11-09T03:22:37","slug":"primera-gran-victoria-del-juvenil","status":"publish","type":"post","link":"http:\/\/fegrama.cat\/web\/primera-gran-victoria-del-juvenil\/","title":{"rendered":"Primera gran vict\u00f2ria del Juvenil"},"content":{"rendered":"\n<p class=\"has-normal-font-size\"><strong>Els nois de Dani Rosa dobleguen al Jabac despr\u00e9s d&#8217;un partit amb una imatge seriosa i contundent.<\/strong><\/p>\n\n\n\n<p>El partit va comen\u00e7ar amb una gran intensitat de la Grama i tenint molt clar com i qu\u00e8 s&#8217;havia de fer per guanyar. Als 10 minuts Hugo convertia el primer gol a una pilota morta dins de l&#8217;\u00e0rea, cinc minuts despr\u00e9s Oliver va veure el porter avan\u00e7at i amb una volea va aconseguir el segon. <\/p>\n\n\n\n<p>Despr\u00e9s d&#8217;aquests minuts de domini colomenc, el Jabac va comen\u00e7ar a ficar-se al partit i a arribar amb m\u00e9s perill a l&#8217;\u00e0rea defensada per Marcos. En aquest periode, una indecisi\u00f3 defensiva per part dels visitants va fer escur\u00e7ar dist\u00e0ncies pel Jabac que anotava el seu primer gol, 1-2. <\/p>\n\n\n\n<p>Es vivien moments d&#8217;igualtat  i les disputes eren continues per\u00f2 la Grama va saber aguantar b\u00e9 fins al descans. <\/p>\n\n\n\n<p>A la segona part nom\u00e9s va existir un equip sobre el terreny de joc. La Fundaci\u00f3 es va fer dominador del partit i no va aixecar el ritme fins al final. En una jugada per banda d&#8217;Oliver va provocar un penal qu\u00e8 Gerard es va encarregar de materialitzar i, pocs minuts despr\u00e9s ,Oliver va tornar a veure el porter avan\u00e7at i des de tres quarts de camp li va picar per sobre la pilota marcant el quart gol. <\/p>\n\n\n\n<p>El domini de l&#8217;equip blau va seguir i buscant el cinqu\u00e8 gol per\u00f2 va ser el Jabac qui, en un clar fora de joc,  va anotar el 2 a 4. Encara aix\u00ed els nois de Dani Rosa no van cedir i no van permetre que el Jabac cregu\u00e9s en la remuntada.<\/p>\n\n\n\n<p> En una jugada per banda Alvear va anotar el cinqu\u00e8 gol, a partir d&#8217;aqu\u00ed la Grama va  fer circular la pilota, fent c\u00f3rrer al rival i defensant-se amb la possessi\u00f3. Els colomencs van arribar a l&#8217;\u00e0rea local amb clares ocasions per ampliar el marcador pero\u00f2 no van anotar i el matx va acabar amb vict\u00f2ria per 2-5. <\/p>\n\n\n\n<p>Aquest \u00e9s l&#8217;equip que volem veure i el que ens pot donar moltes alegries, felicitats nois!<\/p>\n\n\n\n<p><a href=\"https:\/\/www.fcf.cat\/acta\/2021\/futbol-11\/lliga-nacional-juvenil\/grup-7b\/nj\/unio-f-base-jabac-i-terrassa-b\/nj\/fundacio-esportiva-grama-a\">CLIQUEU PER VEURE L&#8217;ACTA DEL PARTIT<\/a><\/p>\n\n\n\n<p><a href=\"https:\/\/www.fcf.cat\/classificacio\/2021\/futbol-11\/lliga-nacional-juvenil\/grup-7b\">CLIQUEU PER VEURE LA CLASSIFICACI\u00d3 DE LNJ7<\/a><\/p>\n\n\n\n<p class=\"has-text-align-center\">&#8212;&#8212;&#8212;&#8212;&#8212;&#8212;&#8212;&#8212;&#8212;&#8212;&#8212;&#8212;&#8211;<\/p>\n\n\n\n<figure class=\"wp-block-image size-large is-resized\"><img loading=\"lazy\" decoding=\"async\" src=\"http:\/\/fegrama.cat\/web\/wp-content\/uploads\/2020\/11\/JUVENIL-A1.jpg\" alt=\"\" class=\"wp-image-28372\" width=\"745\" height=\"559\" srcset=\"http:\/\/fegrama.cat\/web\/wp-content\/uploads\/2020\/11\/JUVENIL-A1.jpg 1024w, http:\/\/fegrama.cat\/web\/wp-content\/uploads\/2020\/11\/JUVENIL-A1-300x225.jpg 300w, http:\/\/fegrama.cat\/web\/wp-content\/uploads\/2020\/11\/JUVENIL-A1-768x576.jpg 768w\" sizes=\"auto, (max-width: 745px) 100vw, 745px\" \/><figcaption>Los chicos del Juvenil A celebran la victoria en el vestuario.<\/figcaption><\/figure>\n\n\n\n<p><strong>Los chicos de Dani Rosa doblegan al Jabac tras un partido con una imagen seria y contundente.<br><\/strong><\/p>\n\n\n\n<p>El partido comenz\u00f3 con una gran intensidad de la Grama y teniendo muy claro c\u00f3mo y qu\u00e9 hacer para ganar. A los 10 minutos Hugo convert\u00eda el primer gol en un bal\u00f3n muerto dentro del \u00e1rea, cinco minutos despu\u00e9s Oliver vio al portero adelantado y con una volea consigui\u00f3 el segundo.<br><\/p>\n\n\n\n<p>Tras estos minutos de dominio colomense, el Jabac comenz\u00f3 a meterse en el partido y llegar con m\u00e1s peligro al \u00e1rea defendida por Marcos. En este periodo, una indecisi\u00f3n defensiva por parte de los visitantes hizo acortar distancias para el Jabac que anotaba su primer gol, 1-2.<br><\/p>\n\n\n\n<p>Se viv\u00edan momentos de igualdad y las disputas eran continuas pero la Grama supo aguantar bien hasta el descanso.<br><\/p>\n\n\n\n<p>En la segunda parte s\u00f3lo existi\u00f3 un equipo sobre el terreno de juego. La Fundaci\u00f3 se hizo dominador del partido y no levant\u00f3 el ritmo hasta el final. En una jugada por banda de Oliver provoc\u00f3 un penalti que Gerard se encarg\u00f3 de materializar (1-3) y, pocos minutos despu\u00e9s, Oliver volvi\u00f3 a ver al portero adelantado y desde tres cuartos de campo le pic\u00f3 por encima el bal\u00f3n marcando el cuarto gol.<br><\/p>\n\n\n\n<p>El dominio del equipo azul sigui\u00f3, buscando el quinto gol, pero fue el Jabac quien, en un claro fuera de juego, anot\u00f3 el 2 a 4. A\u00fan as\u00ed los chicos de Dani Rosa no cedieron y no permitieron que el Jabac creyera en la remontada.<br><\/p>\n\n\n\n<p>En una jugada por banda Alvear anot\u00f3 el quinto gol, a partir de ah\u00ed la Grama hizo circular el bal\u00f3n, haciendo correr al rival y defendi\u00e9ndose con la posesi\u00f3n. Los colomenses llegaron al \u00e1rea local con claras ocasiones para ampliar el marcador pero no anotaron y el encuentro acab\u00f3 con victoria por 2-5.<br><\/p>\n\n\n\n<p>Este es el equipo que queremos ver y lo que nos puede dar muchas alegr\u00edas, \u00a1felicidades chicos!<\/p>\n\n\n\n<p><a href=\"https:\/\/www.fcf.cat\/acta\/2021\/futbol-11\/lliga-nacional-juvenil\/grup-7b\/nj\/unio-f-base-jabac-i-terrassa-b\/nj\/fundacio-esportiva-grama-a\">CLICAD PARA VER EL ACTA DEL PARTIDO<\/a><\/p>\n\n\n\n<p><a href=\"https:\/\/www.fcf.cat\/classificacio\/2021\/futbol-11\/lliga-nacional-juvenil\/grup-7b\" data-type=\"URL\" data-id=\"https:\/\/www.fcf.cat\/classificacio\/2021\/futbol-11\/lliga-nacional-juvenil\/grup-7b\">CLICAD PARA VER LA CLASIFICACI\u00d3N DE LNJ7 GB<\/a><br><\/p>\n","protected":false},"excerpt":{"rendered":"<p>Els nois de Dani Rosa dobleguen al Jabac despr\u00e9s d&#8217;un partit amb una imatge seriosa i contundent. El partit va comen\u00e7ar amb una gran intensitat de la Grama i tenint molt clar com i qu\u00e8 s&#8217;havia de fer per guanyar. Als 10 minuts Hugo convertia el primer gol a una pilota morta dins de l&#8217;\u00e0rea, [&hellip;]<\/p>\n","protected":false},"author":1,"featured_media":28371,"comment_status":"closed","ping_status":"closed","sticky":false,"template":"","format":"standard","meta":{"footnotes":""},"categories":[4,6],"tags":[],"class_list":["post-28370","post","type-post","status-publish","format-standard","has-post-thumbnail","hentry","category-base-inclusiu","category-juvenils"],"_links":{"self":[{"href":"http:\/\/fegrama.cat\/web\/wp-json\/wp\/v2\/posts\/28370","targetHints":{"allow":["GET"]}}],"collection":[{"href":"http:\/\/fegrama.cat\/web\/wp-json\/wp\/v2\/posts"}],"about":[{"href":"http:\/\/fegrama.cat\/web\/wp-json\/wp\/v2\/types\/post"}],"author":[{"embeddable":true,"href":"http:\/\/fegrama.cat\/web\/wp-json\/wp\/v2\/users\/1"}],"replies":[{"embeddable":true,"href":"http:\/\/fegrama.cat\/web\/wp-json\/wp\/v2\/comments?post=28370"}],"version-history":[{"count":2,"href":"http:\/\/fegrama.cat\/web\/wp-json\/wp\/v2\/posts\/28370\/revisions"}],"predecessor-version":[{"id":28374,"href":"http:\/\/fegrama.cat\/web\/wp-json\/wp\/v2\/posts\/28370\/revisions\/28374"}],"wp:featuredmedia":[{"embeddable":true,"href":"http:\/\/fegrama.cat\/web\/wp-json\/wp\/v2\/media\/28371"}],"wp:attachment":[{"href":"http:\/\/fegrama.cat\/web\/wp-json\/wp\/v2\/media?parent=28370"}],"wp:term":[{"taxonomy":"category","embeddable":true,"href":"http:\/\/fegrama.cat\/web\/wp-json\/wp\/v2\/categories?post=28370"},{"taxonomy":"post_tag","embeddable":true,"href":"http:\/\/fegrama.cat\/web\/wp-json\/wp\/v2\/tags?post=28370"}],"curies":[{"name":"wp","href":"https:\/\/api.w.org\/{rel}","templated":true}]}}