{"id":2835,"date":"2014-03-21T07:59:10","date_gmt":"2014-03-21T06:59:10","guid":{"rendered":"http:\/\/fegrama.cat\/web\/?p=2835"},"modified":"2014-03-20T19:03:21","modified_gmt":"2014-03-20T18:03:21","slug":"el-benjami-b-de-la-fegrama-viatjara-diumenge-cap-a-la-montanesa-sise","status":"publish","type":"post","link":"http:\/\/fegrama.cat\/web\/el-benjami-b-de-la-fegrama-viatjara-diumenge-cap-a-la-montanesa-sise\/","title":{"rendered":"El Benjam\u00ed B de la FEGrama viatjar\u00e0 diumenge cap a la Monta\u00f1esa, sis\u00e8"},"content":{"rendered":"<p style=\"text-align: justify;\"><span style=\"color: #000000;\">Els joves jugadors dirigits per\u00a0<strong>Luis Heredia<\/strong>\u00a0agafen de nou el liderat al grup 5 amb 52 punts despr\u00e8s de guanyar per 5-0 al\u00a0<strong>Sants<\/strong> a la jornada passada i on el conjunt de la\u00a0<strong>Fundaci\u00f3 Grama <\/strong>voldr\u00e0 seguir amb triomfs a\u00a0la jornada 21 d&#8217;aquest grup 5 el conjunt de la <strong>Fundaci\u00f3 Grama<\/strong>\u00a0li tocar\u00e0 viatjar al\u00a0<strong>Municipal de Nou Barris<\/strong>\u00a0per enfrontarse a la\u00a0<strong>Monta\u00f1esa<\/strong>, sis\u00e8 amb 42 punts, el diumenge 23 de mar\u00e7 a les 9:50 hores<strong>.<\/strong><\/span><\/p>\n<p style=\"text-align: justify;\"><span style=\"color: #000000;\">[divider]<\/span><\/p>\n<p style=\"text-align: justify;\"><span style=\"color: #000000;\">[button color=\u00bbblue\u00bb size=\u00bbsmall\u00bb link=\u00bbhttp:\/\/www.fcf.cat\/pnfg\/NFG_CmpJornada?cod_primaria=1000120&amp;CodCompeticion=18473318&amp;CodGrupo=18680779&amp;CodTemporada=9&amp;CodJornada=10&#8243; target=\u00bbblank\u00bb ]Resultats[\/button]<\/span><\/p>\n<p style=\"text-align: justify;\"><span style=\"color: #000000;\">[button color=\u00bbblue\u00bb size=\u00bbsmall\u00bb link=\u00bbhttp:\/\/www.fcf.cat\/pnfg\/NPcd\/NFG_VisClasificacion?cod_primaria=1000120&amp;codgrupo=18680779&amp;codcompeticion=18473318&#8243; target=\u00bbblank\u00bb ]Classificaci\u00f3[\/button]<\/span><\/p>\n<p style=\"text-align: justify;\"><span style=\"color: #000000;\">Los j\u00f3venes jugadores dirigidos por Luis Heredia cogen de nuevo el liderato en el grupo 5 con 52 puntos despu\u00e9s de ganar por 5-0 al Santos en la jornada pasada y donde el conjunto de la Fundaci\u00f3n Grama querr\u00e1 seguir con triunfos en la jornada 21 de este grupo 5 el conjunto de la Fundaci\u00f3n Grama le tocar\u00e1 viajar en el Municipal de Nou Barris para enfrentarse a la Monta\u00f1esa, sexto con 42 puntos, el domingo 23 de marzo a las 9:50 horas.<\/span><\/p>\n<p style=\"text-align: justify;\"><span style=\"color: #000000;\"><strong>Visca l&#8217;Esperit Grama!!!<\/strong><\/span><\/p>\n","protected":false},"excerpt":{"rendered":"<p>Els joves jugadors dirigits per\u00a0Luis Heredia\u00a0agafen de nou el liderat al grup 5 amb 52 punts despr\u00e8s de guanyar per 5-0 al\u00a0Sants a la jornada passada i on el conjunt de la\u00a0Fundaci\u00f3 Grama voldr\u00e0 seguir amb triomfs a\u00a0la jornada 21 d&#8217;aquest grup 5 el conjunt de la Fundaci\u00f3 Grama\u00a0li tocar\u00e0 viatjar al\u00a0Municipal de Nou Barris\u00a0per [&hellip;]<\/p>\n","protected":false},"author":1,"featured_media":0,"comment_status":"closed","ping_status":"closed","sticky":false,"template":"","format":"standard","meta":{"footnotes":""},"categories":[4,11],"tags":[19,20,106,27,21],"class_list":["post-2835","post","type-post","status-publish","format-standard","hentry","category-base-inclusiu","category-benjamins","tag-feg","tag-fundacio-grama","tag-montanesa","tag-nou-municipal","tag-santa-coloma"],"_links":{"self":[{"href":"http:\/\/fegrama.cat\/web\/wp-json\/wp\/v2\/posts\/2835","targetHints":{"allow":["GET"]}}],"collection":[{"href":"http:\/\/fegrama.cat\/web\/wp-json\/wp\/v2\/posts"}],"about":[{"href":"http:\/\/fegrama.cat\/web\/wp-json\/wp\/v2\/types\/post"}],"author":[{"embeddable":true,"href":"http:\/\/fegrama.cat\/web\/wp-json\/wp\/v2\/users\/1"}],"replies":[{"embeddable":true,"href":"http:\/\/fegrama.cat\/web\/wp-json\/wp\/v2\/comments?post=2835"}],"version-history":[{"count":1,"href":"http:\/\/fegrama.cat\/web\/wp-json\/wp\/v2\/posts\/2835\/revisions"}],"predecessor-version":[{"id":2837,"href":"http:\/\/fegrama.cat\/web\/wp-json\/wp\/v2\/posts\/2835\/revisions\/2837"}],"wp:attachment":[{"href":"http:\/\/fegrama.cat\/web\/wp-json\/wp\/v2\/media?parent=2835"}],"wp:term":[{"taxonomy":"category","embeddable":true,"href":"http:\/\/fegrama.cat\/web\/wp-json\/wp\/v2\/categories?post=2835"},{"taxonomy":"post_tag","embeddable":true,"href":"http:\/\/fegrama.cat\/web\/wp-json\/wp\/v2\/tags?post=2835"}],"curies":[{"name":"wp","href":"https:\/\/api.w.org\/{rel}","templated":true}]}}