{"id":28115,"date":"2020-03-08T23:42:00","date_gmt":"2020-03-08T22:42:00","guid":{"rendered":"http:\/\/fegrama.cat\/web\/?p=28115"},"modified":"2020-03-08T23:42:03","modified_gmt":"2020-03-08T22:42:03","slug":"croniques-dels-infantils-amb-la-golejada-del-c","status":"publish","type":"post","link":"http:\/\/fegrama.cat\/web\/croniques-dels-infantils-amb-la-golejada-del-c\/","title":{"rendered":"Cr\u00f2niques dels Infantils amb la golejada del \u00abC\u00bb!!!"},"content":{"rendered":"\n<p>Infantil \u00abA\u00bb 1 &#8211; Cornell\u00e0 1<\/p>\n\n\n\n<p>Bon partit dels nostres nois del Juvenil \u00abA\u00bb que van tornar a demostrar un alt nivell competitiu frenant al Cornell\u00e0 i tractant d&#8217;explotar les seves virtuts. Despr\u00e9s de diversos intents el jugador de la Grama,&nbsp;Mamadou, va aconseguir el primer gol despr\u00e9s d&#8217;una passada filtrada i una bona definici\u00f3.<br>En la primera part la Grama va tenir molt controlat a l&#8217;equip visitant que poc va inquietar la porteria de&nbsp;Lukas.<\/p>\n\n\n\n<p>La segona part va arrencar amb el gol del Cornell\u00e0, despr\u00e9s d&#8217;una jugada per banda dreta, que despr\u00e9s del centre i un parell d&#8217;intents de rebuig, va arribar a peus del seu davanter i va anotar l&#8217;empat. El marcador ja no es tornaria a moure.<\/p>\n\n\n\n<p><\/p>\n\n\n\n<hr class=\"wp-block-separator is-style-dots\"\/>\n\n\n\n<p><\/p>\n\n\n\n<p>Infantil \u201cA\u201d 1 &#8211; Cornell\u00e1 1<\/p>\n\n\n\n<p>Buen partido de nuestros chicos del Juvenil \u201cA\u201d que volvieron a demostrar un alto nivel competitivo frenando al Cornell\u00e1 y tratando de explotar sus virtudes. Tras varios intentos el jugador de la Grama,\u00a0Mamadou, consigui\u00f3 el primer gol tras un pase filtrado y una buena definici\u00f3n.<br>En la primera parte la Grama tuvo muy controlado al equipo visitante que poco inquiet\u00f3 la porter\u00eda de\u00a0Lukas.<br><br>La segunda parte arranc\u00f3 con el gol del Cornell\u00e1, tras una jugada por banda derecha, que tras el centro y un par de intentos de rechace, lleg\u00f3 a pies de su delantero y anot\u00f3 el empate. Y as\u00ed fue como esta parte avanz\u00f3 con alg\u00fan susto visitante m\u00e1s\u00a0e intententos\u00a0de los locales por anotar el segundo, aunque el marcador ya no se volver\u00eda a mover.<\/p>\n\n\n\n<!--nextpage-->\n\n\n\n<p>Llefi\u00e0 4 &#8211; Infantil \u00abB\u00bb 2<\/p>\n\n\n\n<p>Els de l&#8217;Infantil \u00abB\u00bb van jugar el seu partit setmanal fora de casa, aquesta vegada en el camp del Llefi\u00e0 on es va disputar una primera part molt igualada en la qual durant moltes fases era la Grama qui tenia el control del partit generant aix\u00ed diverses ocasions.<br><br>Despr\u00e9s d&#8217;un c\u00f3rner ve el gol dels locals, per\u00f2 els nostres no triguen a fer el mateix en un gol de falta amb el que s&#8217;arriba al descans amb un empat.<br>Comen\u00e7a la segona part que pinta molt b\u00e9: els nostres marquen de penal l&#8217;1 &#8211; 2. \u00c9s poc despr\u00e9s quan es comen\u00e7a a notar el cansament i es perd el control del partit, els contraris aprofiten aix\u00f2 per a continuar marcant.<\/p>\n\n\n\n<p><\/p>\n\n\n\n<hr class=\"wp-block-separator is-style-dots\"\/>\n\n\n\n<p><\/p>\n\n\n\n<p>Llefi\u00e0\u00a04 &#8211; Infantil \u201cB\u201d 2<br><br>Los del Infantil \u201cB\u201d jugaron su partido semanal fuera de casa, esta vez en el campo del\u00a0Llefi\u00e0\u00a0donde se disput\u00f3 una primera parte muy igualada en la que durante muchas fases era la Grama quien ten\u00eda el control del partido generando as\u00ed diversas ocasiones.<br>Despu\u00e9s de un c\u00f3rner viene el gol de los locales, pero los nuestros no tardan en hacer lo mismo en un gol de falta con lo que se llega al descanso con un empate.<br><br>Empieza la segunda parte que pinta muy bien: los nuestros marcan de penalti el 1 &#8211; 2. Es poco despu\u00e9s cuando se empieza a notar el cansancio y se pierde el control del partido, los contrarios aprovechan eso para seguir marcando.<br><\/p>\n\n\n\n<!--nextpage-->\n\n\n\n<figure class=\"wp-block-image size-large\"><img loading=\"lazy\" decoding=\"async\" width=\"1024\" height=\"768\" src=\"http:\/\/fegrama.cat\/web\/wp-content\/uploads\/2020\/03\/WhatsApp-Image-2020-03-08-at-20.42.30-1024x768.jpeg\" alt=\"\" class=\"wp-image-28116\" srcset=\"http:\/\/fegrama.cat\/web\/wp-content\/uploads\/2020\/03\/WhatsApp-Image-2020-03-08-at-20.42.30-1024x768.jpeg 1024w, http:\/\/fegrama.cat\/web\/wp-content\/uploads\/2020\/03\/WhatsApp-Image-2020-03-08-at-20.42.30-300x225.jpeg 300w, http:\/\/fegrama.cat\/web\/wp-content\/uploads\/2020\/03\/WhatsApp-Image-2020-03-08-at-20.42.30-768x576.jpeg 768w, http:\/\/fegrama.cat\/web\/wp-content\/uploads\/2020\/03\/WhatsApp-Image-2020-03-08-at-20.42.30-1536x1152.jpeg 1536w, http:\/\/fegrama.cat\/web\/wp-content\/uploads\/2020\/03\/WhatsApp-Image-2020-03-08-at-20.42.30.jpeg 1600w\" sizes=\"auto, (max-width: 1024px) 100vw, 1024px\" \/><\/figure>\n\n\n\n<p>Infantil \u00abC\u00bb 6 &#8211; La Palma \u00abA\u00bb 1<\/p>\n\n\n\n<p>Els de l&#8217;Infantil \u00abC\u00bb van jugar un molt bon partit on van saber treballar en equip el que va fer que no tinguessin p\u00e8rdues de pilota i fossin superiors als contraris en tota la primera part amb el resultat de 2 a 1 per al descans.<\/p>\n\n\n\n<p>En la segona part es fan alguns canvis per als de la Grama i els contraris aprofiten que el joc es relaxa per a atacar una mica m\u00e9s. Els nostres que no s&#8217;acotxen davant ning\u00fa fan un canvi en el mitj\u00e0 del camp i mouen m\u00e9s la pilota una altra vegada a m\u00e9s de comen\u00e7ar a atacar. \u00c9s d&#8217;aquesta manera com els gols comencen a ploure amb el resultat de 6-1 final en el qual els nostres ho van donar tot.<\/p>\n\n\n\n<p><\/p>\n\n\n\n<hr class=\"wp-block-separator is-style-dots\"\/>\n\n\n\n<p><\/p>\n\n\n\n<p>Infantil \u201cC\u201d 6 &#8211; La Palma \u201cA\u201d 1<\/p>\n\n\n\n<p>Los del Infantil \u201cC\u201d jugaron un muy buen partido donde supieron trabajar en equipo lo que hizo que no tuvieran p\u00e9rdidas de bal\u00f3n y fuesen superiores a los contrarios en toda la primera parte con el resultado de 2 a 1 para el descanso.<\/p>\n\n\n\n<p>En la segunda parte se hacen algunos cambios para los de la Grama y los contrarios aprovechan que el juego se relaja para atacar un poco m\u00e1s. Los nuestros que no se achantan ante nadie hacen un cambio en el medio del campo y mueven m\u00e1s el bal\u00f3n otra vez adem\u00e1s de empezar a atacar. Es de esta manera como los goles empiezan a llover con el resultado de 6-1 final en el que los nuestros lo dieron todo.<br><\/p>\n","protected":false},"excerpt":{"rendered":"<p>Infantil \u00abA\u00bb 1 &#8211; Cornell\u00e0 1 Bon partit dels nostres nois del Juvenil \u00abA\u00bb que van tornar a demostrar un alt nivell competitiu frenant al Cornell\u00e0 i tractant d&#8217;explotar les seves virtuts. Despr\u00e9s de diversos intents el jugador de la Grama,&nbsp;Mamadou, va aconseguir el primer gol despr\u00e9s d&#8217;una passada filtrada i una bona definici\u00f3.En la [&hellip;]<\/p>\n","protected":false},"author":1,"featured_media":28116,"comment_status":"closed","ping_status":"closed","sticky":false,"template":"","format":"standard","meta":{"footnotes":""},"categories":[4,9],"tags":[],"class_list":["post-28115","post","type-post","status-publish","format-standard","has-post-thumbnail","hentry","category-base-inclusiu","category-infantils"],"_links":{"self":[{"href":"http:\/\/fegrama.cat\/web\/wp-json\/wp\/v2\/posts\/28115","targetHints":{"allow":["GET"]}}],"collection":[{"href":"http:\/\/fegrama.cat\/web\/wp-json\/wp\/v2\/posts"}],"about":[{"href":"http:\/\/fegrama.cat\/web\/wp-json\/wp\/v2\/types\/post"}],"author":[{"embeddable":true,"href":"http:\/\/fegrama.cat\/web\/wp-json\/wp\/v2\/users\/1"}],"replies":[{"embeddable":true,"href":"http:\/\/fegrama.cat\/web\/wp-json\/wp\/v2\/comments?post=28115"}],"version-history":[{"count":4,"href":"http:\/\/fegrama.cat\/web\/wp-json\/wp\/v2\/posts\/28115\/revisions"}],"predecessor-version":[{"id":28122,"href":"http:\/\/fegrama.cat\/web\/wp-json\/wp\/v2\/posts\/28115\/revisions\/28122"}],"wp:featuredmedia":[{"embeddable":true,"href":"http:\/\/fegrama.cat\/web\/wp-json\/wp\/v2\/media\/28116"}],"wp:attachment":[{"href":"http:\/\/fegrama.cat\/web\/wp-json\/wp\/v2\/media?parent=28115"}],"wp:term":[{"taxonomy":"category","embeddable":true,"href":"http:\/\/fegrama.cat\/web\/wp-json\/wp\/v2\/categories?post=28115"},{"taxonomy":"post_tag","embeddable":true,"href":"http:\/\/fegrama.cat\/web\/wp-json\/wp\/v2\/tags?post=28115"}],"curies":[{"name":"wp","href":"https:\/\/api.w.org\/{rel}","templated":true}]}}