{"id":28111,"date":"2020-03-08T23:23:03","date_gmt":"2020-03-08T22:23:03","guid":{"rendered":"http:\/\/fegrama.cat\/web\/?p=28111"},"modified":"2020-03-08T23:23:52","modified_gmt":"2020-03-08T22:23:52","slug":"punt-dor-pel-nostre-juvenil-a-a-la-ciutat-esportiva-dani-jarque","status":"publish","type":"post","link":"http:\/\/fegrama.cat\/web\/punt-dor-pel-nostre-juvenil-a-a-la-ciutat-esportiva-dani-jarque\/","title":{"rendered":"Punt d&#8217;or pel nostre Juvenil \u00abA\u00bb a la Ciutat Esportiva Dani Jarque."},"content":{"rendered":"\n<figure class=\"wp-block-image size-large\"><img loading=\"lazy\" decoding=\"async\" width=\"1024\" height=\"683\" src=\"http:\/\/fegrama.cat\/web\/wp-content\/uploads\/2020\/03\/WhatsApp-Image-2020-03-08-at-19.08.53.jpeg\" alt=\"\" class=\"wp-image-28113\" srcset=\"http:\/\/fegrama.cat\/web\/wp-content\/uploads\/2020\/03\/WhatsApp-Image-2020-03-08-at-19.08.53.jpeg 1024w, http:\/\/fegrama.cat\/web\/wp-content\/uploads\/2020\/03\/WhatsApp-Image-2020-03-08-at-19.08.53-300x200.jpeg 300w, http:\/\/fegrama.cat\/web\/wp-content\/uploads\/2020\/03\/WhatsApp-Image-2020-03-08-at-19.08.53-768x512.jpeg 768w\" sizes=\"auto, (max-width: 1024px) 100vw, 1024px\" \/><\/figure>\n\n\n\n<p>Espanyol 1 &#8211; Juvenil \u00abA\u00bb 1<\/p>\n\n\n\n<p>Els del Juvenil \u00abA\u00bb van aconseguir el seu punt d&#8217;or en el camp de l&#8217;Espanyol que va tercer classificat en la taula!!!<\/p>\n\n\n\n<p>La primera part va estar molt igualada per a tots dos equips, encara que amb major possessi\u00f3 per a l&#8217;Espanyol; aix\u00ed i tot, la Grama no parava d'\u00bbamena\u00e7ar\u00bb amb cont\u00ednues contres molt perilloses.<br>A la vora del descans la Grama va aconseguir inaugurar el marcador a pilota parada amb una gran rematada de cap del jugador Montalban, amb el que finalitzava aix\u00ed la primera part.<\/p>\n\n\n\n<p>Despr\u00e9s del descans va comen\u00e7ar la segona part que tenia el mateix gui\u00f3 que la primera. La Grama continuava amena\u00e7ant la possessi\u00f3 de l&#8217;Espanyol amb atacs despr\u00e9s de robatoris de pilota; el partit estava molt igualat fins que l&#8217;\u00e0rbitre va assenyalar un penal molt dubt\u00f3s a favor de l&#8217;Espanyol. Per sort, el Gran porter de la Grama, V\u00edctor, va parar el llan\u00e7ament, la posterior rematada a boca de can\u00f3 i va deixar a l&#8217;Espanyol sense l&#8217;empat.<br>Va ser pocs minuts despr\u00e9s quan amb una jugada d&#8217;estrat\u00e8gia l&#8217;equip contrari aconseguia l&#8217;anhelat gol.<\/p>\n\n\n\n<p>Despr\u00e9s de l&#8217;empat el partit es va convertir en una anada i tornada de tots dos equips amb domini altern per\u00f2 sense moure&#8217;s el marcador fins al final del partit.<\/p>\n\n\n\n<p>Gran\u00a0partit nois\u00a0i una gran actitud, felicitats!!<\/p>\n\n\n\n<!--nextpage-->\n\n\n\n<p>Espanyol\u00a01 &#8211; Juvenil \u201cA\u201d 1<\/p>\n\n\n\n<p>Los del Juvenil \u201cA\u201d consiguieron su punto de oro en el campo del\u00a0Espanyol\u00a0\u00a1\u00a1\u00a1que va tercero clasificado en la tabla!!!<br><\/p>\n\n\n\n<p>La primera parte estuvo muy igualada para ambos equipos, aunque con mayor posesi\u00f3n para el\u00a0Espanyol;\u00a0aun as\u00ed la Grama no paraba de \u201camenazar\u201d con continuas contras muy peligrosas.<br>Al borde del descanso la Grama consigui\u00f3 inaugurar el marcador a bal\u00f3n parado con un gran remate de cabeza del jugador\u00a0Montalban, con lo que finalizaba as\u00ed la primera parte.<\/p>\n\n\n\n<p>Despu\u00e9s del descanso empez\u00f3 la segunda parte que ten\u00eda el mismo guion que la primera. La Grama segu\u00eda amenazando la posesi\u00f3n del\u00a0Espanyol\u00a0con ataques tras robos de bal\u00f3n; el partido estaba muy igualado hasta que el \u00e1rbitro se\u00f1al\u00f3 un penalti muy dudoso a favor del\u00a0Espanyol. Por suerte, el Gran portero de la Grama, V\u00edctor, par\u00f3 el lanzamiento, el posterior remate a bocajarro y dej\u00f3 al Espa\u00f1ol sin el empate.<\/p>\n\n\n\n<p>Fue pocos minutos despu\u00e9s cuando con una jugada de estrategia el equipo contrario consegu\u00eda el ansiado gol.<br>Tras el empate el partido se convirti\u00f3 en una ida y vuelta de ambos equipos con dominio alterno pero sin moverse el marcador hasta el final del partido.<\/p>\n\n\n\n<p>\u00a1\u00a1Gran partido chicos y una gran actitud, felicidades!!<\/p>\n","protected":false},"excerpt":{"rendered":"<p>Espanyol 1 &#8211; Juvenil \u00abA\u00bb 1 Els del Juvenil \u00abA\u00bb van aconseguir el seu punt d&#8217;or en el camp de l&#8217;Espanyol que va tercer classificat en la taula!!! La primera part va estar molt igualada per a tots dos equips, encara que amb major possessi\u00f3 per a l&#8217;Espanyol; aix\u00ed i tot, la Grama no parava [&hellip;]<\/p>\n","protected":false},"author":1,"featured_media":28113,"comment_status":"closed","ping_status":"closed","sticky":false,"template":"","format":"standard","meta":{"footnotes":""},"categories":[4,6],"tags":[],"class_list":["post-28111","post","type-post","status-publish","format-standard","has-post-thumbnail","hentry","category-base-inclusiu","category-juvenils"],"_links":{"self":[{"href":"http:\/\/fegrama.cat\/web\/wp-json\/wp\/v2\/posts\/28111","targetHints":{"allow":["GET"]}}],"collection":[{"href":"http:\/\/fegrama.cat\/web\/wp-json\/wp\/v2\/posts"}],"about":[{"href":"http:\/\/fegrama.cat\/web\/wp-json\/wp\/v2\/types\/post"}],"author":[{"embeddable":true,"href":"http:\/\/fegrama.cat\/web\/wp-json\/wp\/v2\/users\/1"}],"replies":[{"embeddable":true,"href":"http:\/\/fegrama.cat\/web\/wp-json\/wp\/v2\/comments?post=28111"}],"version-history":[{"count":2,"href":"http:\/\/fegrama.cat\/web\/wp-json\/wp\/v2\/posts\/28111\/revisions"}],"predecessor-version":[{"id":28114,"href":"http:\/\/fegrama.cat\/web\/wp-json\/wp\/v2\/posts\/28111\/revisions\/28114"}],"wp:featuredmedia":[{"embeddable":true,"href":"http:\/\/fegrama.cat\/web\/wp-json\/wp\/v2\/media\/28113"}],"wp:attachment":[{"href":"http:\/\/fegrama.cat\/web\/wp-json\/wp\/v2\/media?parent=28111"}],"wp:term":[{"taxonomy":"category","embeddable":true,"href":"http:\/\/fegrama.cat\/web\/wp-json\/wp\/v2\/categories?post=28111"},{"taxonomy":"post_tag","embeddable":true,"href":"http:\/\/fegrama.cat\/web\/wp-json\/wp\/v2\/tags?post=28111"}],"curies":[{"name":"wp","href":"https:\/\/api.w.org\/{rel}","templated":true}]}}