{"id":28109,"date":"2020-03-09T21:51:11","date_gmt":"2020-03-09T20:51:11","guid":{"rendered":"http:\/\/fegrama.cat\/web\/?p=28109"},"modified":"2020-03-09T21:51:14","modified_gmt":"2020-03-09T20:51:14","slug":"croniques-dels-alevins-amb-la-gran-golejada-del-g","status":"publish","type":"post","link":"http:\/\/fegrama.cat\/web\/croniques-dels-alevins-amb-la-gran-golejada-del-g\/","title":{"rendered":"Cr\u00f2niques dels Alevins amb la gran golejada del \u00abG\u00bb."},"content":{"rendered":"\n<p>Alev\u00ed \u00abA\u00bb 4 &#8211; Martinenc 3<\/p>\n\n\n\n<p>Els de l&#8217;Alev\u00ed \u00abA\u00bb jugaven un partit molt dur aquest cap de setmana passat, contra un rival de la zona mitjana de la taula, que es van refor\u00e7ar, per\u00f2 aix\u00ed i tot l&#8217;equip sempre va estar per davant en el marcador encara que sempre amb un resultat atape\u00eft.<\/p>\n\n\n\n<p>Victoria&nbsp;que continua donant per a estar a dalt en la taula als nostres i poder continuar lluitant per l&#8217;objectiu!<\/p>\n\n\n\n<p><\/p>\n\n\n\n<hr class=\"wp-block-separator is-style-dots\"\/>\n\n\n\n<p><\/p>\n\n\n\n<p>Alev\u00edn \u201cA\u201d 4 &#8211;\u00a0Martinenc\u00a03<\/p>\n\n\n\n<p>Los del Alev\u00edn \u201cA\u201d jugaban un partido muy duro este fin de semana pasado, contra un rival de la zona media de la tabla, que se reforzaron, pero aun as\u00ed el equipo siempre estuvo por delante en el marcador aunque siempre con un resultado apretado.<br><\/p>\n\n\n\n<p>\u00a1Victoria&nbsp;que sigue dando para estar arriba en la tabla a los nuestros y poder seguir luchando por el objetivo!<\/p>\n\n\n\n<!--nextpage-->\n\n\n\n<p>Premier 4 &#8211; Alev\u00ed \u201cB\u201d 1<\/p>\n\n\n\n<p>Despr\u00e9s d&#8217;un matiner penal en contra&nbsp;Premier&nbsp;Barcelona s&#8217;avan\u00e7ava davant el nostre Alev\u00ed B, a penes podien recuperar-se del primer, quan&nbsp;Premier&nbsp;posava terra pel mig amb el 2-0, no seriosa fins al final de la primera part i despr\u00e9s de&nbsp;fallar&nbsp;un penal a favor que&nbsp;Premier&nbsp;ficaria el 3-0 per a anar al descans.<br>Ja en la segona part, els jugadors del nostre Alev\u00ed van ser molt superiors encara que no van acabar d&#8217;aprofitar les ocasions,&nbsp;Izan&nbsp;ficaria el gol de l&#8217;honor en l&#8217;\u00faltim quart abans que&nbsp;Premier&nbsp;sentencia amb el 4-1 final. La sort no acaba d&#8217;acompanyar als nostres petits valents, encara que no es rendeixen!<\/p>\n\n\n\n<p><\/p>\n\n\n\n<hr class=\"wp-block-separator is-style-dots\"\/>\n\n\n\n<p><\/p>\n\n\n\n<p>Premier 4 &#8211; Alev\u00edn \u201cB\u201d 1<\/p>\n\n\n\n<p>Tras un tempranero penalti en contra Premier Barcelona se adelantaba ante nuestro Alev\u00edn B, apenas pod\u00edan recuperarse del primero, cuando premier pon\u00eda tierra de por medio con el 2-0, no seria hasta el final de la primera parte y tras fallar un penalti a favor que premier meter\u00eda el 3-0 para ir al descanso.<\/p>\n\n\n\n<p>Ya en la segunda parte, los jugadores del nuestro Alev\u00edn fueron muy superiores aunque no acabaron de aprovechar las ocasiones, Izan meter\u00eda el gol del honor en el \u00faltimo cuarto antes de que Premier sentencia con el 4-1 final. \u00a1La suerte no acaba de acompa\u00f1ar a nuestros peque\u00f1os valientes, aunque no se rinden!<\/p>\n\n\n\n<!--nextpage-->\n\n\n\n<p>Llefia&nbsp;3 &#8211; Alev\u00ed \u00abC\u00bb 3<br><br>Bon partit dels petits, malgrat posar-se 2 a 0 per sota en el marcador van aconseguir retallar dist\u00e0ncies despr\u00e9s d&#8217;un llan\u00e7ament de falta. Despr\u00e9s de quedar-se amb un jugador menys el rival no van saber interpretar b\u00e9 la superioritat num\u00e8rica davant un rival ben plantat. Aix\u00ed en una&nbsp;contra s&#8217;avan\u00e7aven&nbsp;els de&nbsp;Llefia&nbsp;posant el 3 a 1. En l&#8217;\u00faltim quart l&#8217;equip es va calmar i va trobar al jugador lliure per a retallar i empatar el partit.<br>Empat sofert fins al final.<\/p>\n\n\n\n<p><\/p>\n\n\n\n<hr class=\"wp-block-separator is-style-dots\"\/>\n\n\n\n<p><\/p>\n\n\n\n<p>Llefia 3 &#8211; Alev\u00edn \u201cC\u201d 3<\/p>\n\n\n\n<p>Buen partido de los peque\u00f1os, pese a ponerse 2 a 0 por debajo en el marcador consiguieron recortar distancias tras un lanzamiento de falta. Tras quedarse con un jugador menos el rival no supieron interpretar bien la superioridad num\u00e9rica ante un rival bien plantado. As\u00ed en una contra se adelantaban los de Llefia poniendo el 3 a 1. En el \u00faltimo cuarto el equipo se calm\u00f3 y encontr\u00f3 al jugador libre para recortar y empatar el partido.&nbsp;<\/p>\n\n\n\n<p>Empate sufrido hasta el final.<br><\/p>\n\n\n\n<!--nextpage-->\n\n\n\n<p>Alev\u00ed \u00abE\u00bb 4 &#8211; Valldoreix 9<br><br>Els de l&#8217;Alev\u00ed \u00abE\u00bb van jugar el seu partit setmanal a casa; un partit molt disputat durant els dos primers quarts&nbsp;entre la Valldoreix i els nostres on es va veure gol rere gol. Per desgr\u00e0cia van ser els contraris els qui van posar m\u00e9s gols i aix\u00ed va comen\u00e7ar a engrandir el marcador.<br>Sobretot felicitar els pares i jugadors: per l&#8217;actitud i el positivisme que sempre transmeten.<\/p>\n\n\n\n<p><\/p>\n\n\n\n<hr class=\"wp-block-separator is-style-dots\"\/>\n\n\n\n<p><\/p>\n\n\n\n<p>Alev\u00edn \u201cE\u201d 4&nbsp; &#8211; Valldoreix 9<\/p>\n\n\n\n<p>Los del Alev\u00edn \u201cE\u201d jugaron su partido semanal en casa; un partido muy disputado durante los dos primeros cuartos entre la Valldoreix y los nuestros donde se vio gol tras gol. Por desgracia fueron los contrarios quienes pusieron m\u00e1s goles y as\u00ed empez\u00f3 a agrandar el marcador.<\/p>\n\n\n\n<p>Sobretodo felicitar a los padres y jugadores: por la actitud y el positivismo que siempre transmiten.<\/p>\n\n\n\n<!--nextpage-->\n\n\n\n<p>Cabrils 1 -Alev\u00ed \u201cG\u201d 11<\/p>\n\n\n\n<p>Un partit que va comen\u00e7ar fluix per als nostres amb molt de joc de combinaci\u00f3 per\u00f2 amb poques ocasions. A poc a poc es van anar creant espais i es van poder generar m\u00e9s ocasions, encara que malgrat aix\u00f2 es va encaixar un gol per una distracci\u00f3 defensiva.<br>L&#8217;entrenador es mostra molt content amb el joc i l&#8217;evoluci\u00f3 dels petits durant tota la temporada.<\/p>\n\n\n\n<p><\/p>\n\n\n\n<hr class=\"wp-block-separator is-style-dots\"\/>\n\n\n\n<p><\/p>\n\n\n\n<p>Cabrils 1 &#8211; Alev\u00edn \u201cG\u201d 11\u00a0<\/p>\n\n\n\n<p>Un partido que empez\u00f3 flojo para los nuestros con mucho juego de combinaci\u00f3n pero con pocas ocasiones. Poco a poco se fueron creando espacios y se pudieron generar m\u00e1s ocasiones, aunque a pesar de ello se encaj\u00f3 un gol por un despiste defensivo.&nbsp;<\/p>\n\n\n\n<p>El entrenador se muestra muy contento con el juego y la evoluci\u00f3n de los peque\u00f1os durante toda la temporada.<br><\/p>\n","protected":false},"excerpt":{"rendered":"<p>Alev\u00ed \u00abA\u00bb 4 &#8211; Martinenc 3 Els de l&#8217;Alev\u00ed \u00abA\u00bb jugaven un partit molt dur aquest cap de setmana passat, contra un rival de la zona mitjana de la taula, que es van refor\u00e7ar, per\u00f2 aix\u00ed i tot l&#8217;equip sempre va estar per davant en el marcador encara que sempre amb un resultat atape\u00eft. Victoria&nbsp;que [&hellip;]<\/p>\n","protected":false},"author":1,"featured_media":27323,"comment_status":"closed","ping_status":"closed","sticky":false,"template":"","format":"standard","meta":{"footnotes":""},"categories":[10,4],"tags":[],"class_list":["post-28109","post","type-post","status-publish","format-standard","has-post-thumbnail","hentry","category-alevins","category-base-inclusiu"],"_links":{"self":[{"href":"http:\/\/fegrama.cat\/web\/wp-json\/wp\/v2\/posts\/28109","targetHints":{"allow":["GET"]}}],"collection":[{"href":"http:\/\/fegrama.cat\/web\/wp-json\/wp\/v2\/posts"}],"about":[{"href":"http:\/\/fegrama.cat\/web\/wp-json\/wp\/v2\/types\/post"}],"author":[{"embeddable":true,"href":"http:\/\/fegrama.cat\/web\/wp-json\/wp\/v2\/users\/1"}],"replies":[{"embeddable":true,"href":"http:\/\/fegrama.cat\/web\/wp-json\/wp\/v2\/comments?post=28109"}],"version-history":[{"count":6,"href":"http:\/\/fegrama.cat\/web\/wp-json\/wp\/v2\/posts\/28109\/revisions"}],"predecessor-version":[{"id":28141,"href":"http:\/\/fegrama.cat\/web\/wp-json\/wp\/v2\/posts\/28109\/revisions\/28141"}],"wp:featuredmedia":[{"embeddable":true,"href":"http:\/\/fegrama.cat\/web\/wp-json\/wp\/v2\/media\/27323"}],"wp:attachment":[{"href":"http:\/\/fegrama.cat\/web\/wp-json\/wp\/v2\/media?parent=28109"}],"wp:term":[{"taxonomy":"category","embeddable":true,"href":"http:\/\/fegrama.cat\/web\/wp-json\/wp\/v2\/categories?post=28109"},{"taxonomy":"post_tag","embeddable":true,"href":"http:\/\/fegrama.cat\/web\/wp-json\/wp\/v2\/tags?post=28109"}],"curies":[{"name":"wp","href":"https:\/\/api.w.org\/{rel}","templated":true}]}}