{"id":28100,"date":"2020-03-08T18:51:39","date_gmt":"2020-03-08T17:51:39","guid":{"rendered":"http:\/\/fegrama.cat\/web\/?p=28100"},"modified":"2020-03-08T18:51:41","modified_gmt":"2020-03-08T17:51:41","slug":"victoria-per-marcar-el-cami","status":"publish","type":"post","link":"http:\/\/fegrama.cat\/web\/victoria-per-marcar-el-cami\/","title":{"rendered":"Vict\u00f2ria per marcar el cam\u00ed"},"content":{"rendered":"\n<p class=\"has-medium-font-size\"><strong>La superioritat ofensiva de la Grama va tombar a un \u00a0batallador Tona i ens mant\u00e9 a la segona posici\u00f3<\/strong>. <\/p>\n\n\n\n<figure class=\"wp-block-image size-large is-resized\"><img loading=\"lazy\" decoding=\"async\" src=\"http:\/\/fegrama.cat\/web\/wp-content\/uploads\/2020\/03\/PHOTO-2020-03-08-16-02-19-1024x630.jpg\" alt=\"\" class=\"wp-image-28101\" width=\"806\" height=\"495\" srcset=\"http:\/\/fegrama.cat\/web\/wp-content\/uploads\/2020\/03\/PHOTO-2020-03-08-16-02-19-1024x630.jpg 1024w, http:\/\/fegrama.cat\/web\/wp-content\/uploads\/2020\/03\/PHOTO-2020-03-08-16-02-19-300x185.jpg 300w, http:\/\/fegrama.cat\/web\/wp-content\/uploads\/2020\/03\/PHOTO-2020-03-08-16-02-19-768x472.jpg 768w, http:\/\/fegrama.cat\/web\/wp-content\/uploads\/2020\/03\/PHOTO-2020-03-08-16-02-19-1536x945.jpg 1536w, http:\/\/fegrama.cat\/web\/wp-content\/uploads\/2020\/03\/PHOTO-2020-03-08-16-02-19.jpg 1600w\" sizes=\"auto, (max-width: 806px) 100vw, 806px\" \/><figcaption>Onze inicial de la Grama al partit contra el Tona (FOTO: SERGI GARC\u00cdA)<\/figcaption><\/figure>\n\n\n\n<p>-DBC- A la primera volta la Grama va patir de valent per sumar la vict\u00f2ria al domicili del Tona i tot feia preveure que en la segona volta no seria gens f\u00e0cil. Sabent-lo, Juanma Pons dibuixava l\u2019equip amb un 4-4-2 tornant a jugar amb dos puntes. Sortia d\u2019inici amb Luque en porteria; Laterals per Michel i Pe\u00f1a; Centre de la defensa per Juan Carlos i Rojas; Centre del camp per Machuca i Roger; Bandes per \u00c1ngel i Peris; i punta d\u2019atac per \u00d3scar i Crist\u00f3bal. <\/p>\n\n\n\n<p>La igualtat va ser el gui\u00f3 durant la primera mitja hora de joc amb els dos\nequips ben plantats sobre el terreny de joc i molt segurs en zona defensiva\nsense donar opcions als davanters. Destaquem un xut de Roger Garc\u00eda als 7\nminuts de joc, una rematada fallida d\u2019Oscar als 16 minuts i una bon\u00edssima acci\u00f3\nd\u2019\u00c0ngel als 23.<\/p>\n\n\n\n<p>Responia l\u2019equip d\u2019Angel de Santos als 28 minuts amb una centrada des de\nbanda dreta que no va poder aturar Luque en primera inst\u00e0ncia &nbsp;per\u00f2 s\u00ed va poder avortar despr\u00e9s d\u2019un perill\u00f3s\nref\u00fas.<\/p>\n\n\n\n<p>Passada la mitja hora de partit els colomencs van mostrar-se m\u00e9s incisius\nsobre la porteria de Carles. Als 35 minuts una excel\u00b7lent jugada per banda\nesquerra entre \u00c0ngel i Pe\u00f1a va acabar amb una bona centrada que no va trobar\nrematador. En la seg\u00fcent jugada, una pilota penjada a l\u2019\u00e0rea del Tona va formar\nun tumult de samarretes blaves que no van poder rematar i de samarretes\nquatribarrades que no podien refusar fins que l\u2019esf\u00e8ric va caure a les botes de\nCrist\u00f3bal Le\u00f3n per anotar el primer de la matinal als 36 minuts.<\/p>\n\n\n\n<p>Ho mereixien els nois de Pons encara que el Tona estava ben situat sobre el\nterreny de joc i va intentar respondre al gol avan\u00e7ant les seves l\u00ednies. Fruit\nd\u2019aquesta iniciativa la Grama tenia m\u00e9s espais i una bona contra, amb cavalcada\nde Crist\u00f3bal per banda esquerra, va acabar amb un xut de Machuca des de la\nfrontal que es va perdre per l\u00ednia de fons fregant el pal esquerra als 43\nminuts. Poc m\u00e9s va haver-hi fins que el col\u00b7legiat tarragon\u00ed va assenyalar el\ndescans amb 1-0 al marcador.<\/p>\n\n\n\n<p>El segon temps havia de deparar m\u00e9s batalla per part del Tona que no volia\nresistir-se a caure derrotat, per\u00f2 la Grama va estar c\u00f2mode en la represa amb\nm\u00e9s espais per bandes i possibilitats de c\u00f3rrer en atac. <\/p>\n\n\n\n<p>Fruit d\u2019aquesta din\u00e0mica el partit va dinamitar-se amb la figura d\u2019\u00c0ngel Gonz\u00e1lez\nper banda dreta. Primer, als 54 minuts, una centrada mil\u00b7lim\u00e8trica a la frontal\nde l\u2019\u00e0rea petita la va deixar passar Crist\u00f3bal i no va poder engaltar-la \u00d3scar\nal segon pal. Despr\u00e9s, tamb\u00e9 per la dreta, als 57 minuts, una nova internada d\u2019\u00c0ngel,\nva propiciar una passada enrere per Machuca. El migcampista de la Grama va\nenviar una bona centrada al segon pal on l\u2019esperava \u00d3scar Mu\u00f1oz per rematar de\ncap i anotar el 2-0.<\/p>\n\n\n\n<p>S\u2019estava agradant la Grama i va poder augmentar l\u2019avantatge en un c\u00f3rner\nJorge Rojas per\u00f2 la seva rematada es va perdre per sobre del travesser al minut\n59. El segon gol donava tranquil\u00b7litat necess\u00e0ria per refrescar l\u2019equip. Juanma\nPons va retirar del camp a \u00c1ngel i Peris per donar entrada a Obispo i a Buba\n(63\u2019). <\/p>\n\n\n\n<p>Els canvis van aportar frescor en l\u2019atac colomenc i bones combinacions per poder\naugmentar l\u2019avantatge. Una acci\u00f3 de Buba als 68 minuts va ser avortada in\nextremis pels defensors quan l\u2019extrem ja encarava porteria. Ho intentava de nou\nBuba en una pilota entre l\u00ednies als 70 minuts per\u00f2 el seu remat va resultar\nmolt fluix i el va aturar Carles sense problemes. <\/p>\n\n\n\n<p>Pons feia el tercer canvi al minut 73 donant entrada a Edu Soler i retirant\ndel camp a Crist\u00f3bal. La Grama dominava el joc i el marcador en la segona\nmeitat per\u00f2 no va minvar la insist\u00e8ncia del Tona que va retallar dist\u00e0ncies als\n75 minuts. Jugada per banda dreta, bona centrada i a l\u2019\u00e0rea petita l\u2019esperava\nEdu Bargall\u00f3 per enviar-la a la xarxa, 2-1.<\/p>\n\n\n\n<p>Restava un quart d\u2019hora i s\u2019ensumava el nerviosisme a la graderia davant\ndel gol de la Uni\u00f3 Esportiva Tona. Per\u00f2 la Grama de Juanma Pons \u00e9s un equip seri\u00f3s\nque t\u00e9 les idees molt clares i sap administrar molt b\u00e9 els moments de\ndificultat.<\/p>\n\n\n\n<p>Mentre el Tona creia que podia, la Grama defensava amb seguretat i esperava\nla seva oportunitat per sentenciar definitivament el partit. I va arribar, als\n81 minuts, amb una bona jugada col\u00b7lectiva que va conduir la pilota de dreta a\nesquerra a la frontal de l\u2019\u00e0rea visitant. All\u00e0, al v\u00e8rtex esquerra, l\u2019esperava\nRoger Pe\u00f1a per enviar un xut directe a l\u2019escaire i anotar el tercer, 3-1.<\/p>\n\n\n\n<p>El gol de Pe\u00f1a va sentenciar el matx i encara que la Grama va tenir opcions\nd\u2019ampliar l\u2019avantatge amb una bona ocasi\u00f3 per Velasco, el marcador no es va\nmoure i el col\u00b7legiat va assenyalar el final del partit amb vict\u00f2ria colomenca.<\/p>\n\n\n\n<p>Una setmana m\u00e9s el conjunt de Juanma Pons es mostra en una bona din\u00e0mica,\ncom una pinya i amb la convicci\u00f3 de saber a qu\u00e8 juga. Aix\u00f2 ha fet que en les\nnou jornades que porta el t\u00e8cnic madrileny a la banqueta nom\u00e9s h\u00e0gim concedit\nun empat i una derrota. Credencials per somiar amb la segona pla\u00e7a i per seguir\ntreballant de valent durant les jornades que resten de campionat. <\/p>\n\n\n\n<p>La propera setmana visitem el Municipal Josep Seguer per enfrontar-nos al pen\u00faltim de la classificaci\u00f3, el C.F. Parets. Ser\u00e0 diumenge a les 12h i podreu seguir-lo a <a href=\"http:\/\/www.gramaradio.cat\">www.gramaradio.cat<\/a><\/p>\n\n\n\n<p><a href=\"http:\/\/fcf.cat\/acta\/1920\/futbol-11\/primera-catalana\/grup-1\/1cat\/fundacio-esportiva-grama-a\/1cat\/tona-ue-a\">CLIQUEU PER VEURE L\u2019ACTA DEL PARTIT<\/a><\/p>\n\n\n\n<p><a href=\"http:\/\/fcf.cat\/classificacio\/1920\/futbol-11\/primera-catalana\/grup-1\">CLIQUEU PER VEURE LA CLASSIFICACI\u00d3 DE 1CAT1<\/a><\/p>\n\n\n\n<p>____________________________________________________<\/p>\n\n\n\n<p class=\"has-medium-font-size\"><strong>La superioridad ofensiva de la Grama tumb\u00f3 a un batallador Tona y nos mantiene en la segunda posici\u00f3n.<\/strong><\/p>\n\n\n\n<figure class=\"wp-block-image size-large is-resized\"><img loading=\"lazy\" decoding=\"async\" src=\"http:\/\/fegrama.cat\/web\/wp-content\/uploads\/2020\/03\/PHOTO-2020-03-08-16-03-00-1024x665.jpg\" alt=\"\" class=\"wp-image-28103\" width=\"763\" height=\"495\" srcset=\"http:\/\/fegrama.cat\/web\/wp-content\/uploads\/2020\/03\/PHOTO-2020-03-08-16-03-00-1024x665.jpg 1024w, http:\/\/fegrama.cat\/web\/wp-content\/uploads\/2020\/03\/PHOTO-2020-03-08-16-03-00-300x195.jpg 300w, http:\/\/fegrama.cat\/web\/wp-content\/uploads\/2020\/03\/PHOTO-2020-03-08-16-03-00-768x499.jpg 768w, http:\/\/fegrama.cat\/web\/wp-content\/uploads\/2020\/03\/PHOTO-2020-03-08-16-03-00-1536x997.jpg 1536w, http:\/\/fegrama.cat\/web\/wp-content\/uploads\/2020\/03\/PHOTO-2020-03-08-16-03-00.jpg 1554w\" sizes=\"auto, (max-width: 763px) 100vw, 763px\" \/><figcaption>Roger Pe\u00f1a celebra el tercer gol. (FOTO: SERGI GARC\u00cdA)<\/figcaption><\/figure>\n\n\n\n<p><br> En la primera vuelta la Grama sufri\u00f3 mucho para sumar la victoria en el domicilio del Tona y todo hac\u00eda prever que en la segunda vuelta no ser\u00eda nada f\u00e1cil. Sabi\u00e9ndolo, Juanma Pons dibujaba el equipo con un 4-4-2 volviendo a jugar con dos puntas. Sal\u00eda de inicio con Luque en porter\u00eda; Laterales para Michel y Pe\u00f1a; Centro de la defensa para Juan Carlos y Rojas; Centro del campo para Machuca y Roger; Bandas para \u00c1ngel y Peris; y punta de ataque para \u00d3scar y Crist\u00f3bal.<\/p>\n\n\n\n<p>La igualdad fue el gui\u00f3n durante la primera media hora de juego con dos equipos bien plantados sobre el terreno de juego y muy seguros en zona defensiva sin dar opciones a los delanteros. Destacamos un disparo de Roger Garc\u00eda a los 7 minutos de juego, un remate fallido de Oscar a los 16 minutos y una buen\u00edsima acci\u00f3n de \u00c1ngel a los 23.<\/p>\n\n\n\n<p>Respond\u00eda el equipo de \u00c1ngel de Santos a los 28 minutos con un centro desde banda derecha que no pudo detener Luque en primera instancia pero s\u00ed pudo abortar tras un peligroso rechace.<\/p>\n\n\n\n<p>Pasada la media hora de partido los colomenses se mostraron m\u00e1s incisivos sobre la porter\u00eda de Carles. A los 35 minutos una excelente jugada por banda izquierda entre \u00c1ngel y Pe\u00f1a termin\u00f3 con un buen centro que no encontr\u00f3 rematador. En la siguiente jugada, un bal\u00f3n colgado al \u00e1rea del Tona form\u00f3 un tumulto de camisetas azules que no pudieron rematar y de camisetas cuatribarradas que no pod\u00edan rechazar hasta que el esf\u00e9rico cay\u00f3 en las botas de Crist\u00f3bal Le\u00f3n para anotar el primero de la matinal a los 36 minutos.<\/p>\n\n\n\n<p>Lo merec\u00edan los chicos de Pons aunque el Tona estaba bien situado sobre el terreno de juego e intent\u00f3 responder al gol adelantando sus l\u00edneas. Fruto de esta iniciativa la Grama ten\u00eda m\u00e1s espacios y una buena contra, con cabalgada de Crist\u00f3bal por banda izquierda, termin\u00f3 con un disparo de Machuca desde la frontal que se perdi\u00f3 por l\u00ednea de fondo rozando el poste izquierdo a los 43 minutos. Poco m\u00e1s hubo hasta que el colegiado tarraconense se\u00f1al\u00f3 el descanso con 1-0 en el marcador.<\/p>\n\n\n\n<p>El segundo tiempo deb\u00eda deparar m\u00e1s batalla por parte del Tona que no quer\u00eda resistirse a caer derrotado, pero la Grama estuvo c\u00f3moda en la reanudaci\u00f3n con m\u00e1s espacios por bandas y posibilidades de correr en ataque.<\/p>\n\n\n\n<p>Fruto de esta din\u00e1mica, el partido se dinamit\u00f3 con la figura de \u00c1ngel Gonz\u00e1lez por banda derecha. Primero, a los 54 minutos, un centro milim\u00e9trico a la frontal del \u00e1rea peque\u00f1a lo dej\u00f3 pasar Crist\u00f3bal y no pudo empalmarlo \u00d3scar en el segundo palo. Despu\u00e9s, tambi\u00e9n por la derecha, a los 57 minutos, una nueva internada de \u00c1ngel, propici\u00f3 un pase atr\u00e1s para Machuca. El centrocampista de la Grama envi\u00f3 un buen centro al segundo palo donde lo esperaba \u00d3scar Mu\u00f1oz para cabecear y anotar el 2-0.<\/p>\n\n\n\n<p> Se estaba gustando la Grama y pudo aumentar la ventaja en un c\u00f3rner Jorge Rojas pero su remate se perdi\u00f3 por encima del larguero en el minuto 59. El segundo gol daba la tranquilidad necesaria para refrescar el equipo. Juanma Pons retir\u00f3 del campo a \u00c1ngel y Peris para dar entrada a Obispo y a Buba (63 &#8216;).<\/p>\n\n\n\n<p><br> Los cambios aportaron frescura en el ataque colomense y buenas combinaciones para poder aumentar la ventaja. Una acci\u00f3n de Buba los 68 minutos fue abortada in extremis por los defensores cuando el extremo ya encaraba porter\u00eda. Lo intentaba de nuevo Buba en un bal\u00f3n entre l\u00edneas a los 70 minutos pero su remate result\u00f3 muy flojo y lo detuvo Carles sin problemas.<\/p>\n\n\n\n<p>Pons hac\u00eda el tercer cambio en el minuto 73 dando entrada a Edu Soler y retirando del campo a Crist\u00f3bal. La Grama dominaba el juego y el marcador en la segunda mitad pero no merm\u00f3 la insistencia del Tona que recort\u00f3 distancias a los 75 minutos. Jugada por banda derecha, buen centro y en el \u00e1rea peque\u00f1a le esperaba Edu Bargall\u00f3 para enviarla a la red, 2-1.<\/p>\n\n\n\n<p>Quedaba un cuarto de hora y se ol\u00eda el nerviosismo en la grada ante el gol de la U.E. Tona. Pero la Grama de Juanma Pons es un equipo serio que tiene las ideas muy claras y sabe administrar muy bien los momentos de dificultad.<\/p>\n\n\n\n<p>Mientras el Tona cre\u00eda que pod\u00eda, la Grama defend\u00eda con seguridad y esperaba su oportunidad para sentenciar definitivamente el partido. Y lleg\u00f3, a los 81 minutos, con una buena jugada colectiva que condujo el bal\u00f3n de derecha a izquierda en la frontal del \u00e1rea visitante. All\u00ed, en el v\u00e9rtice izquierdo, la esperaba Roger Pe\u00f1a para enviar un disparo directo a la escuadra y anotar el tercero, 3-1.<\/p>\n\n\n\n<p> El gol de Pe\u00f1a sentenci\u00f3 el encuentro y aunque la Grama tuvo opciones de ampliar la ventaja con una buena ocasi\u00f3n para Velasco, el marcador no se movi\u00f3 y el colegiado se\u00f1al\u00f3 el final del partido con victoria colomense.<\/p>\n\n\n\n<p>Una semana m\u00e1s el conjunto de Juanma Pons se muestra en una buena din\u00e1mica, como una pi\u00f1a y con la convicci\u00f3n de saber a qu\u00e9 juega. Esto ha hecho que en las nueve jornadas que lleva el t\u00e9cnico madrile\u00f1o en el banquillo s\u00f3lo hayamos concedido un empate y una derrota. Credenciales para so\u00f1ar con la segunda plaza y para seguir trabajando duro durante las jornadas que restan de campeonato.<\/p>\n\n\n\n<p><br> La pr\u00f3xima semana visitamos el Municipal Josep Seguer para enfrentarnos al pen\u00faltimo de la clasificaci\u00f3n, el C.F. Parets. Ser\u00e1 el domingo a las 12h y podr\u00e1n seguirlo en www.gramaradio.cat<\/p>\n\n\n\n<p><br><a href=\"http:\/\/fcf.cat\/acta\/1920\/futbol-11\/primera-catalana\/grup-1\/1cat\/fundacio-esportiva-grama-a\/1cat\/tona-ue-a\"> PULSAR PARA VER EL ACTA DEL PARTIDO<\/a><br> <a href=\"http:\/\/fcf.cat\/classificacio\/1920\/futbol-11\/primera-catalana\/grup-1\">PULSAR PARA VER LA CLASIFICACI\u00d3N DE 1CAT1<\/a><\/p>\n\n\n\n<p><\/p>\n","protected":false},"excerpt":{"rendered":"<p>La superioritat ofensiva de la Grama va tombar a un \u00a0batallador Tona i ens mant\u00e9 a la segona posici\u00f3. -DBC- A la primera volta la Grama va patir de valent per sumar la vict\u00f2ria al domicili del Tona i tot feia preveure que en la segona volta no seria gens f\u00e0cil. Sabent-lo, Juanma Pons dibuixava [&hellip;]<\/p>\n","protected":false},"author":1,"featured_media":28103,"comment_status":"closed","ping_status":"closed","sticky":false,"template":"","format":"standard","meta":{"footnotes":""},"categories":[4,5],"tags":[],"class_list":["post-28100","post","type-post","status-publish","format-standard","has-post-thumbnail","hentry","category-base-inclusiu","category-primer-equip"],"_links":{"self":[{"href":"http:\/\/fegrama.cat\/web\/wp-json\/wp\/v2\/posts\/28100","targetHints":{"allow":["GET"]}}],"collection":[{"href":"http:\/\/fegrama.cat\/web\/wp-json\/wp\/v2\/posts"}],"about":[{"href":"http:\/\/fegrama.cat\/web\/wp-json\/wp\/v2\/types\/post"}],"author":[{"embeddable":true,"href":"http:\/\/fegrama.cat\/web\/wp-json\/wp\/v2\/users\/1"}],"replies":[{"embeddable":true,"href":"http:\/\/fegrama.cat\/web\/wp-json\/wp\/v2\/comments?post=28100"}],"version-history":[{"count":1,"href":"http:\/\/fegrama.cat\/web\/wp-json\/wp\/v2\/posts\/28100\/revisions"}],"predecessor-version":[{"id":28108,"href":"http:\/\/fegrama.cat\/web\/wp-json\/wp\/v2\/posts\/28100\/revisions\/28108"}],"wp:featuredmedia":[{"embeddable":true,"href":"http:\/\/fegrama.cat\/web\/wp-json\/wp\/v2\/media\/28103"}],"wp:attachment":[{"href":"http:\/\/fegrama.cat\/web\/wp-json\/wp\/v2\/media?parent=28100"}],"wp:term":[{"taxonomy":"category","embeddable":true,"href":"http:\/\/fegrama.cat\/web\/wp-json\/wp\/v2\/categories?post=28100"},{"taxonomy":"post_tag","embeddable":true,"href":"http:\/\/fegrama.cat\/web\/wp-json\/wp\/v2\/tags?post=28100"}],"curies":[{"name":"wp","href":"https:\/\/api.w.org\/{rel}","templated":true}]}}