{"id":28098,"date":"2020-03-09T21:17:14","date_gmt":"2020-03-09T20:17:14","guid":{"rendered":"http:\/\/fegrama.cat\/web\/?p=28098"},"modified":"2020-03-09T21:17:16","modified_gmt":"2020-03-09T20:17:16","slug":"cap-partit-perdut-aquest-cap-de-setmana-pels-prebenjamins","status":"publish","type":"post","link":"http:\/\/fegrama.cat\/web\/cap-partit-perdut-aquest-cap-de-setmana-pels-prebenjamins\/","title":{"rendered":"Cap partit perdut aquest cap de setmana pels Prebenjamins!"},"content":{"rendered":"\n<p>Prebenjam\u00ed&nbsp;\u00abA\u00bb 6 &#8211;&nbsp;Premier&nbsp;5<\/p>\n\n\n\n<p>Els del&nbsp;Prebenjam\u00ed&nbsp;\u00abA\u00bb van jugar un partit molt igualat on una vegada m\u00e9s es va poder comprovar que en aquesta lliga no hi ha rival f\u00e0cil. La trobada va comen\u00e7ar amb els nostres pressionant a dalt per\u00f2 sense ordre. Aix\u00f2 suposa que el rival superi aquesta l\u00ednia de pressi\u00f3 i generi ocasions. Aix\u00ed i tot, la Grama \u00e9s capa\u00e7 d&#8217;avan\u00e7ar-se en el marcador. Minuts m\u00e9s tard s\u00f3n els contraris els qui empaten.<\/p>\n\n\n\n<p>Comen\u00e7ava el segon quart el millor dels nostres i despr\u00e9s de concedir un gol en contra la pressi\u00f3, va donar els seus fruits i es va poder remuntar en el marcador amb tres gols abans del descans 4-2.<\/p>\n\n\n\n<p>Despr\u00e9s del pas per vestuaris, el rival en una ocasi\u00f3 remunta amb tres gols posant-se 4-5. En l&#8217;\u00faltim quart podia passar qualsevol cosa per\u00f2 va ser la Grama qui va posar m\u00e9s de la seva part i amb dos gols rubricava la remuntada final.<\/p>\n\n\n\n<p><\/p>\n\n\n\n<hr class=\"wp-block-separator is-style-dots\"\/>\n\n\n\n<p><\/p>\n\n\n\n<p>Prebenjam\u00edn\u00a0\u201cA\u201d 6 &#8211; Premier 5<\/p>\n\n\n\n<p>Los del\u00a0Prebenjam\u00edn\u00a0\u201cA\u201d jugaron un partido muy igualado donde una vez m\u00e1s se pudo comprobar que en esta liga no hay rival f\u00e1cil. El encuentro empez\u00f3 con los nuestros presionando arriba pero sin orden. Esto supone que el rival supere esa l\u00ednea de presi\u00f3n y genere ocasiones. Aun as\u00ed la Grama es capaz de adelantarse en el marcador. Minutos m\u00e1s tarde son los contrarios quienes empatan.<\/p>\n\n\n\n<p>Empezaba el segundo cuarto el mejor de los nuestros y despu\u00e9s de conceder un gol en contra la presi\u00f3n, dio sus frutos y se pudo remontar en el marcador con tres goles antes del descanso 4-2.<\/p>\n\n\n\n<p>Despu\u00e9s del paso por vestuarios, el rival es superior en una ocasi\u00f3n remonta con tres goles poni\u00e9ndose 4-5. En el \u00faltimo cuarto pod\u00eda pasar cualquier cosa pero fue la Grama qui\u00e9n puso m\u00e1s de su parte y con dos goles rubricaba la remontada final.<\/p>\n\n\n\n<!--nextpage-->\n\n\n\n<p>Premier\u00a01 &#8211;\u00a0Prebenjam\u00ed\u00a0\u00abB\u00bb 3<\/p>\n\n\n\n<p>Els nostres petits del&nbsp;Prebenjam\u00ed&nbsp;\u00abB\u00bb guanyen a la&nbsp;inderrotable&nbsp;Premier! Un partit contra un rival dif\u00edcil on els nostres el van donar tot i van plantar cara des del primer minut de joc! Lluitant cada pilota i sense rendir-se en cap moment.<\/p>\n\n\n\n<p>El rival estava molt concentrat en el joc, per\u00f2 encara aix\u00ed van ser els de la Grama qui van aprofitar&nbsp;una&nbsp;de les seves petites distraccions per a avan\u00e7ar-se en el marcador. Arriba aix\u00ed la segona part guanyant 1 a 0.<\/p>\n\n\n\n<p>Canvi de jugadors i alineaci\u00f3, els nostres surten igual concentrats, deixant-se la pell en el camp i sempre pressionant al rival, per\u00f2 es comet un petit una fallada defensiva que penalitza als nostres amb l&#8217;empat 1 a 1. Encara aix\u00ed aix\u00f2 no frena a la Grama que continua lluitant i en una distracci\u00f3 que t\u00e9 la defensa rival, un dels nostres l&#8217;aprofita marcant el 2 a 1.<\/p>\n\n\n\n<p>Es continua pressionant al local en la seva \u00e0rea sense deixar-lo tocar i aix\u00f2 fa que la Grama marqui un altre gol.<\/p>\n\n\n\n<p>Els nostres marxen a casa molt&nbsp;contents&nbsp;amb el 3 a 1 a favor nostre.<\/p>\n\n\n\n<p><\/p>\n\n\n\n<hr class=\"wp-block-separator is-style-dots\"\/>\n\n\n\n<p><\/p>\n\n\n\n<p>Premier 1 &#8211; Prebenjam\u00edn \u201cB\u201d 3<\/p>\n\n\n\n<p>Nuestros peque\u00f1os del Prebenjam\u00edn \u201cB\u201d ganan a la inderrotable Premier! Un partido contra un rival dif\u00edcil donde los nuestros lo dieron todo y plantaron cara desde el primer minuto de juego! Luchando cada bal\u00f3n y sin rendirse en ning\u00fan momento.&nbsp;<\/p>\n\n\n\n<p>El rival estaba muy concentrado en el juego, pero a\u00fan as\u00ed fueron los de la Grama quien aprovecharon uno de sus peque\u00f1os despistes para adelantarse en el marcador. Llega as\u00ed la segunda parte ganando 1 a 0.<\/p>\n\n\n\n<p>Cambio de jugadores y alineaci\u00f3n, los nuestros salen igual concentrados, dej\u00e1ndose la piel en el campo y siempre presionando al rival, pero se comete un peque\u00f1o un fallo defensivo que penaliza a los nuestros con el empate 1 a 1. A\u00fan as\u00ed esto no frena a la Grama que sigue luchando y en un despiste que tiene la defensa rival, uno de los nuestros lo aprovecha marcando el 2 a 1.&nbsp;<\/p>\n\n\n\n<p>Se sigue presionando al local en su \u00e1rea sin dejarlo tocar y eso hace que la Grama marque otro gol.&nbsp;<\/p>\n\n\n\n<p>Los nuestros se van a casa muy contentos con el 3 a 1 a nuestro favor.<\/p>\n\n\n\n<!--nextpage-->\n\n\n\n<p>Prebenjam\u00ed\u00a0\u00abC\u00bb 1 &#8211; Sant Andreu 1<\/p>\n\n\n\n<p>Partidas\u00a0dels nens aquest passat dissabte contra Sant Andreu en el qual s&#8217;al\u00e7aven amb un punt despr\u00e9s d&#8217;empatar 1-1. Danya no aconseguir els tres punts que es van escapar en falta de precisi\u00f3 a l&#8217;hora de finalitzar&#8230; Per\u00f2 els nens van treure un punt contra un rival molt directe i bastant dur, continuaran treballant!<\/p>\n\n\n\n<p><\/p>\n\n\n\n<hr class=\"wp-block-separator is-style-dots\"\/>\n\n\n\n<p>Prebenjam\u00edn\u00a0\u201cC\u201d 1 &#8211;\u00a0Sant\u00a0Andreu\u00a01<\/p>\n\n\n\n<p>Partidazo de los peques este pasado\u00a0s\u00e1bado\u00a0contra\u00a0Sant\u00a0Andreu\u00a0en el que se alzaban con un punto tras empatar 1-1. Lastima no conseguir los tres puntos que se escaparon en falta de precisi\u00f3n a la hora de finalizar&#8230;\u00a0Pero\u00a0los peques sacaron un punto contra un rival muy directo y bastante duro, \u00a1seguir\u00e1n\u00a0trabajando!<\/p>\n","protected":false},"excerpt":{"rendered":"<p>Prebenjam\u00ed&nbsp;\u00abA\u00bb 6 &#8211;&nbsp;Premier&nbsp;5 Els del&nbsp;Prebenjam\u00ed&nbsp;\u00abA\u00bb van jugar un partit molt igualat on una vegada m\u00e9s es va poder comprovar que en aquesta lliga no hi ha rival f\u00e0cil. La trobada va comen\u00e7ar amb els nostres pressionant a dalt per\u00f2 sense ordre. Aix\u00f2 suposa que el rival superi aquesta l\u00ednia de pressi\u00f3 i generi ocasions. Aix\u00ed [&hellip;]<\/p>\n","protected":false},"author":1,"featured_media":0,"comment_status":"closed","ping_status":"closed","sticky":false,"template":"","format":"standard","meta":{"footnotes":""},"categories":[4,12],"tags":[],"class_list":["post-28098","post","type-post","status-publish","format-standard","hentry","category-base-inclusiu","category-prebenjamins"],"_links":{"self":[{"href":"http:\/\/fegrama.cat\/web\/wp-json\/wp\/v2\/posts\/28098","targetHints":{"allow":["GET"]}}],"collection":[{"href":"http:\/\/fegrama.cat\/web\/wp-json\/wp\/v2\/posts"}],"about":[{"href":"http:\/\/fegrama.cat\/web\/wp-json\/wp\/v2\/types\/post"}],"author":[{"embeddable":true,"href":"http:\/\/fegrama.cat\/web\/wp-json\/wp\/v2\/users\/1"}],"replies":[{"embeddable":true,"href":"http:\/\/fegrama.cat\/web\/wp-json\/wp\/v2\/comments?post=28098"}],"version-history":[{"count":4,"href":"http:\/\/fegrama.cat\/web\/wp-json\/wp\/v2\/posts\/28098\/revisions"}],"predecessor-version":[{"id":28138,"href":"http:\/\/fegrama.cat\/web\/wp-json\/wp\/v2\/posts\/28098\/revisions\/28138"}],"wp:attachment":[{"href":"http:\/\/fegrama.cat\/web\/wp-json\/wp\/v2\/media?parent=28098"}],"wp:term":[{"taxonomy":"category","embeddable":true,"href":"http:\/\/fegrama.cat\/web\/wp-json\/wp\/v2\/categories?post=28098"},{"taxonomy":"post_tag","embeddable":true,"href":"http:\/\/fegrama.cat\/web\/wp-json\/wp\/v2\/tags?post=28098"}],"curies":[{"name":"wp","href":"https:\/\/api.w.org\/{rel}","templated":true}]}}