{"id":28088,"date":"2020-03-03T18:25:18","date_gmt":"2020-03-03T17:25:18","guid":{"rendered":"http:\/\/fegrama.cat\/web\/?p=28088"},"modified":"2020-03-03T18:25:20","modified_gmt":"2020-03-03T17:25:20","slug":"croniques-dels-juvenils-amb-13-golazos-del-c","status":"publish","type":"post","link":"http:\/\/fegrama.cat\/web\/croniques-dels-juvenils-amb-13-golazos-del-c\/","title":{"rendered":"Cr\u00f2niques dels Juvenils amb 13 GOLAZOS del \u00abC\u00bb!!!"},"content":{"rendered":"\n<p>Sants 1 &#8211; Juvenil \u00abB\u00bb 1<\/p>\n\n\n\n<p>Els del Juvenil \u00abB\u00bb van jugar un partit on l&#8217;aire i les petites dimensions del camp dificultaven un partit on la Fundaci\u00f3 Grama va comen\u00e7ar molt concentrada a m\u00e9s d&#8217;amb un domini del joc ben posicionat dins del camp i generant moltes ocasions molt clares (les quals una acci\u00f3 d&#8217;Adri\u00e1n&nbsp;Bar\u00f3n&nbsp;acabaria amb una xutada creuada acabant en gol).<br>La Fundaci\u00f3 va seguir amb el mateix gui\u00f3 fins al final de la primera part, on cal destacar un penal fallat del Sants, fruit d&#8217;una m\u00e0 dins de l&#8217;\u00e0rea despr\u00e9s d&#8217;un rebot.<br>En la segona part la Grama va seguir amb el domini del joc i d&#8217;ocasions per\u00f2 sense \u00e8xit. Ja en la part final del partit, el Sants es va bolcar per l&#8217;empat i van tenir un parell d&#8217;ocasions clares, per\u00f2 no va ser fins al temps de descompte que en el rebuig d&#8217;un c\u00f3rner, el jugador de l&#8217;equip rival va colpejar una pilota plana dins de la porteria impossible per al porter de la Grama. Aix\u00f2 \u00e9s el que va suposar l&#8217;empat final del partit; un partit que va mer\u00e8ixer m\u00e9s, per\u00f2 que al final no va poder ser.<\/p>\n\n\n\n<p>En declaracions del m\u00edster&nbsp;Dani&nbsp;Anguita despr\u00e9s del partit: marxo amb un sabor agredol\u00e7, trist per l&#8217;empat al final del partit per\u00f2 content i orgull\u00f3s dels meus jugadors pel treball i el lliurament durant els 90 minuts, potser ens va faltar ser m\u00e9s contundents en l&#8217;\u00e0rea rival per\u00f2 aix\u00f2 no \u00e9s obstacle perqu\u00e8 l&#8217;equip ha donat la cara en un camp molt complicat amb moltes situacions de pilotes dividides i joc aeri, continuarem treballant i pensant en la pr\u00f2xima jornada.<\/p>\n\n\n\n<p><\/p>\n\n\n\n<hr class=\"wp-block-separator is-style-dots\"\/>\n\n\n\n<p><\/p>\n\n\n\n<p>Sants&nbsp;1 &#8211; Juvenil \u201cB\u201d 1<\/p>\n\n\n\n<p>Los del Juvenil \u201cB\u201d jugaron un partido donde el aire y las peque\u00f1as dimensiones del campo dificultaban un partido donde la&nbsp;Fundaci\u00f3n Grama&nbsp;empez\u00f3 muy concentrada a m\u00e1s de con un dominio del juego bien posicionado dentro del campo y generando muchas ocasiones muy claras (las cuales una acci\u00f3n de Adri\u00e1n Bar\u00f3n&nbsp;acabar\u00eda&nbsp;con un chute cruzado acabando en gol).<br>La Fundaci\u00f3n sigui\u00f3 con el mismo&nbsp;guion&nbsp;hasta el final de la primera parte, donde cabe destacar un penalti fallado del&nbsp;Sants, fruto de una mano dentro del \u00e1rea tras un rebote.<br>En la segunda parte la Grama sigui\u00f3 con el dominio del juego y de ocasiones pero sin \u00e9xito. Ya en la parte final del partido, el&nbsp;Sants&nbsp;se volc\u00f3 a por el empate y tuvieron un par de ocasiones claras, pero no fue hasta el tiempo de descuento que en el rechazo de un c\u00f3rner, el jugador del equipo rival golpe\u00f3 un bal\u00f3n plano dentro de la porter\u00eda imposible para el portero de la Grama. Esto es lo que supuso el empate final del partido; un partido que mereci\u00f3 m\u00e1s, pero que al final no pudo ser.<br>En declaraciones del mister&nbsp;Dani&nbsp;Anguita&nbsp;tras el partido: me voy con un sabor agridulce, triste por el empate al final del partido pero contento y orgulloso de mis jugadores por el trabajo y la entrega durante los 90 minutos, quiz\u00e1s nos falt\u00f3 ser m\u00e1s contundentes en el \u00e1rea rival pero eso no quita que el equipo&nbsp;a&nbsp;dado la cara en un campo muy complicado con muchas situaciones de balones divididos y juego a\u00e9reo, seguiremos trabajando y pensando en la pr\u00f3xima jornada.<br><\/p>\n\n\n\n<!--nextpage-->\n\n\n\n<figure class=\"wp-block-image size-large\"><img loading=\"lazy\" decoding=\"async\" width=\"1024\" height=\"768\" src=\"http:\/\/fegrama.cat\/web\/wp-content\/uploads\/2020\/03\/WhatsApp-Image-2020-03-02-at-14.17.35.jpeg\" alt=\"\" class=\"wp-image-28091\" srcset=\"http:\/\/fegrama.cat\/web\/wp-content\/uploads\/2020\/03\/WhatsApp-Image-2020-03-02-at-14.17.35.jpeg 1024w, http:\/\/fegrama.cat\/web\/wp-content\/uploads\/2020\/03\/WhatsApp-Image-2020-03-02-at-14.17.35-300x225.jpeg 300w, http:\/\/fegrama.cat\/web\/wp-content\/uploads\/2020\/03\/WhatsApp-Image-2020-03-02-at-14.17.35-768x576.jpeg 768w\" sizes=\"auto, (max-width: 1024px) 100vw, 1024px\" \/><\/figure>\n\n\n\n<p>Juvenil \u00abC\u00bb 13 &#8211; Sant Mart\u00ed Condal 1<\/p>\n\n\n\n<p>Victoria\u00a0engruixada del nostre Juvenil C que no va mostrar un bon joc per\u00f2 si encert en l&#8217;\u00e0rea rival.<br>Tres gols de Pol\u00a0Adri\u00e1n\u00a0i un de\u00a0Nick\u00a0Vargas\u00a0van permetre al conjunt local\u00a0anar-se amb un 4-1 al descans.<br>En la segona meitat, amb un molt bon debut de\u00a0Sampson\u00a0Amo, l&#8217;equip ampli la renda fins al definitiu 13-1. En aquesta segona meitat van marcar\u00a0Victor\u00a0Qui\u00f1ones\u00a0(x2), Guillem Aguilar (x2), David L\u00f3pez,\u00a0Sampson\u00a0Amo,\u00a0Dami\u00e1n\u00a0\u00c1lvarez i\u00a0Leroy\u00a0Pi\u00f1ero.<\/p>\n\n\n\n<p><\/p>\n\n\n\n<p><\/p>\n\n\n\n<p>Jornada 12: Juvenil \u00abC\u00bb 3 &#8211; Manigua 3<\/p>\n\n\n\n<p>Diumenge passat es van disputar els quatre minuts pendents del partit corresponent a la jornada 12 que enfrontava als dos conjunts que lideren la taula en el qual va haver de ser susp\u00e8s per agressions per part de jugadors visitants. El partit es va reprendre amb un 2-3 desfavorable a la Grama i en la primera acci\u00f3, gr\u00e0cies a un gol en pr\u00f2pia, el conjunt\u00a0Colomenc\u00a0empataria el partit.<br>L&#8217;equip segueix l\u00edder i sense con\u00e8ixer la derrota. La seg\u00fcent jornada es disputar\u00e0 el dissabte 7 de mar\u00e7 a les\u00a016\u202fh\u00a0en el camp del Ciutat Meridiana.<\/p>\n\n\n\n<p><\/p>\n\n\n\n<hr class=\"wp-block-separator is-style-dots\"\/>\n\n\n\n<p><\/p>\n\n\n\n<p>Juvenil \u201cC\u201d 13 &#8211;\u00a0Sant\u00a0Mart\u00ed Condal 1<\/p>\n\n\n\n<p>Victoria abultada de nuestro Juvenil C que no mostr\u00f3 un buen juego pero si acierto en el \u00e1rea rival.<br>Tres goles de Pol Adri\u00e1n y uno de Nick Vargas permitieron al conjunto local irse con un 4-1 al descanso.<br>En la segunda mitad, con un muy buen debut de\u00a0Sampson\u00a0Amo, el equipo amplio la renta hasta el definitivo 13-1. En esta segunda mitad marcaron Victor Qui\u00f1ones (x2),\u00a0Guillem\u00a0Aguilar (x2), David L\u00f3pez,\u00a0Sampson\u00a0Amo, Dami\u00e1n \u00c1lvarez y\u00a0Leroy\u00a0Pi\u00f1ero.<\/p>\n\n\n\n<p><\/p>\n\n\n\n<p><\/p>\n\n\n\n<p>Jornada 12: Juvenil \u201cC\u201d 3 &#8211; Manigua 3<\/p>\n\n\n\n<p>El pasado domingo se disputaron los cuatro minutos pendientes del partido correspondiente a la jornada 12 que enfrentaba a los dos conjuntos que lideran la tabla en el que tuvo que ser suspendido por agresiones por parte de jugadores visitantes. El partido se reanud\u00f3 con un 2-3 desfavorable a la Grama y en la primera acci\u00f3n, gracias a un gol en propia, el conjunto\u00a0Colomense\u00a0empatar\u00eda el partido.<br>El equipo sigue l\u00edder y sin conocer la derrota. La siguiente jornada se disputar\u00e1 el s\u00e1bado 7 de\u00a0marzo a las 16h en el campo del\u00a0Ciutat\u00a0Meridiana.<\/p>\n\n\n\n<!--nextpage-->\n\n\n\n<p>Juvenil \u00abD\u00bb 1 &#8211; Hospitalet\u00a0At. 3<\/p>\n\n\n\n<p>El partit del dissabte 29 va comen\u00e7ar b\u00e9 per als del Juvenil \u00abD\u00bb de la Grama, amb un bon joc per\u00f2 un Hospitalet, que malgrat aix\u00f2, s&#8217;avan\u00e7aria en el marcador. Els nostres continuaven dominant i intentant igualar el marcador, ja que encara quedava molt de temps i que al final de la primera part quan el va aconseguir (1-1).<br>La segona part va seguir amb la mateixa t\u00f2nica: la Grama dominava el joc i arribava&#8230; per\u00f2 no marcava!&nbsp;<br>Va ser en una contra quan l&#8217;Hospitalet es tornava a avan\u00e7ar en el marcador (1-2). La Fundaci\u00f3 va ser per l&#8217;empat, per\u00f2 ja mancant 5 minuts per al final del partit, una altra&nbsp;contra&nbsp;de l&#8217;Hospitalet sentenciava.<br><\/p>\n\n\n\n<p><\/p>\n\n\n\n<hr class=\"wp-block-separator is-style-dots\"\/>\n\n\n\n<p><\/p>\n\n\n\n<p>Juvenil \u201cD\u201d 1 &#8211; Hospitalet&nbsp;At. 3<\/p>\n\n\n\n<p>El partido del s\u00e1bado 29 empez\u00f3 bien para los del Juvenil \u201cD\u201d de la Grama, con un buen juego pero un Hospitalet, que a pesar de ello, se adelantar\u00eda en el marcador. Los nuestros segu\u00edan dominando e intentando igualar el marcador, ya que todav\u00eda quedaba mucho tiempo y que al final de la primera parte cuando lo&nbsp;consigui\u00f3&nbsp;(1-1).<br>La segunda parte sigui\u00f3 con la misma t\u00f3nica la Grama dominaba el juego y llegaba&#8230; \u00a1pero no marcaba!. Fue en una contra cuando el Hospitalet se volv\u00eda adelantar en el marcador(1-2). La Fundaci\u00f3n fue a por el empate, pero ya a falta de 5 minutos para el final del partido, otra contra del Hospitalet sentenciaba.<\/p>\n","protected":false},"excerpt":{"rendered":"<p>Sants 1 &#8211; Juvenil \u00abB\u00bb 1 Els del Juvenil \u00abB\u00bb van jugar un partit on l&#8217;aire i les petites dimensions del camp dificultaven un partit on la Fundaci\u00f3 Grama va comen\u00e7ar molt concentrada a m\u00e9s d&#8217;amb un domini del joc ben posicionat dins del camp i generant moltes ocasions molt clares (les quals una acci\u00f3 [&hellip;]<\/p>\n","protected":false},"author":1,"featured_media":28091,"comment_status":"closed","ping_status":"closed","sticky":false,"template":"","format":"standard","meta":{"footnotes":""},"categories":[4,6],"tags":[],"class_list":["post-28088","post","type-post","status-publish","format-standard","has-post-thumbnail","hentry","category-base-inclusiu","category-juvenils"],"_links":{"self":[{"href":"http:\/\/fegrama.cat\/web\/wp-json\/wp\/v2\/posts\/28088","targetHints":{"allow":["GET"]}}],"collection":[{"href":"http:\/\/fegrama.cat\/web\/wp-json\/wp\/v2\/posts"}],"about":[{"href":"http:\/\/fegrama.cat\/web\/wp-json\/wp\/v2\/types\/post"}],"author":[{"embeddable":true,"href":"http:\/\/fegrama.cat\/web\/wp-json\/wp\/v2\/users\/1"}],"replies":[{"embeddable":true,"href":"http:\/\/fegrama.cat\/web\/wp-json\/wp\/v2\/comments?post=28088"}],"version-history":[{"count":4,"href":"http:\/\/fegrama.cat\/web\/wp-json\/wp\/v2\/posts\/28088\/revisions"}],"predecessor-version":[{"id":28093,"href":"http:\/\/fegrama.cat\/web\/wp-json\/wp\/v2\/posts\/28088\/revisions\/28093"}],"wp:featuredmedia":[{"embeddable":true,"href":"http:\/\/fegrama.cat\/web\/wp-json\/wp\/v2\/media\/28091"}],"wp:attachment":[{"href":"http:\/\/fegrama.cat\/web\/wp-json\/wp\/v2\/media?parent=28088"}],"wp:term":[{"taxonomy":"category","embeddable":true,"href":"http:\/\/fegrama.cat\/web\/wp-json\/wp\/v2\/categories?post=28088"},{"taxonomy":"post_tag","embeddable":true,"href":"http:\/\/fegrama.cat\/web\/wp-json\/wp\/v2\/tags?post=28088"}],"curies":[{"name":"wp","href":"https:\/\/api.w.org\/{rel}","templated":true}]}}