{"id":28079,"date":"2020-03-03T10:40:38","date_gmt":"2020-03-03T09:40:38","guid":{"rendered":"http:\/\/fegrama.cat\/web\/?p=28079"},"modified":"2020-03-03T10:40:40","modified_gmt":"2020-03-03T09:40:40","slug":"croniques-dels-cadets-amb-empats-la-victoria-del-b-i-la-gran-golejada-del-d","status":"publish","type":"post","link":"http:\/\/fegrama.cat\/web\/croniques-dels-cadets-amb-empats-la-victoria-del-b-i-la-gran-golejada-del-d\/","title":{"rendered":"Cr\u00f2niques dels Cadets amb empats, la vict\u00f2ria del \u00abB\u00bb i la gran golejada del \u00abD\u00bb."},"content":{"rendered":"\n<p>Can&nbsp;Buxetes&nbsp;2 &#8211; Cadet \u00abA\u00bb 2<\/p>\n\n\n\n<p>En el partit d&#8217;aquesta setmana passada als nostres nois del Cadet \u00abA\u00bb se&#8217;ls escapen dos punts en l&#8217;\u00faltim minut, en un partit dif\u00edcil per als nostres que malgrat la seva lluita, nom\u00e9s tenien 10 jugadors des del minut 30 de joc.<br>S&#8217;avan\u00e7aven els de Santa Coloma al cap de quinze minuts, Rub\u00e8n Cifuentes sortejava a dos rivals en la l\u00ednia de fons i cedia la pilota a \u00c0ngel perqu\u00e8 l&#8217;empeny\u00e9s al fons de les malles. La Grama controlava el partit fins arribat el minut 30, on Albert era amonestat amb la 2a groga i era expulsat. Els blaus es quedaven amb 10 jugadors i acabaven la primera meitat sofrint les arribades&nbsp;del Can&nbsp;Buxeres.<br>En la represa, els visitants entraven malament al partit i veien com res m\u00e9s comen\u00e7ar la segona part, els locals posaven l&#8217;1-1. Es van recompondre aviat els de&nbsp;Manu&nbsp;Pel\u00e1ez, que amb un menys no li perdien la cara al partit. Mancant 11 minuts per al final, una bona combinaci\u00f3 entre Franco i Rub\u00e8n Cifuentes que cedeix en safata a H\u00e8ctor la pilota&#8230; \u00e9s la Grama qui posava aix\u00ed l&#8217;1-2.<br>Els Colomencs es defensaven com podien d&#8217;un Can&nbsp;Buxeres&nbsp;que a pilota parada, estrenyien una vegada i una altra la porteria defensada per&nbsp;Papi. No va poder ser i en el minut 79, despr\u00e9s de la sortida d&#8217;un c\u00f3rner l&#8217;equip local posava el 2-2 amb el qual finalitzaria la trobada.<\/p>\n\n\n\n<p><\/p>\n\n\n\n<hr class=\"wp-block-separator is-style-dots\"\/>\n\n\n\n<p><\/p>\n\n\n\n<p>Can&nbsp;Buxetes&nbsp;2 &#8211; Cadete \u201cA\u201d 2<\/p>\n\n\n\n<p>En el partido de esta semana pasada a nuestros chicos del Cadete \u201cA\u201d se les escapan dos puntos en el \u00faltimo minuto, en un partido dif\u00edcil para los nuestros que a pesar de su lucha solo ten\u00edan 10 jugadores desde el minuto 30 de juego.<br>Se adelantaban los de Santa&nbsp;Coloma&nbsp;a los quince minutos, Rub\u00e9n Cifuentes sorteaba a dos rivales en la l\u00ednea de fondo y ced\u00eda el bal\u00f3n a \u00c1ngel para que lo empujara al fondo de las mallas. La Grama controlaba el partido hasta llegado el minuto 30, donde Albert era amonestado con la 2\u00aa amarilla y era expulsado. Los azules se quedaban con 10 jugadores y acababan la primera mitad sufriendo las llegadas del Can&nbsp;Buxeres.<br>En la reanudaci\u00f3n, los visitantes entraban mal al partido y ve\u00edan como nada m\u00e1s empezar la segunda parte, los locales pon\u00edan el 1-1. Se recompusieron pronto los de Manu Pel\u00e1ez, que con uno menos no le perd\u00edan la cara al partido. A falta de 11 minutos para el final, una buena combinaci\u00f3n entre Franco y Rub\u00e9n Cifuentes que cede en bandeja a H\u00e9ctor la pelota\u2026&nbsp;es&nbsp;la Grama qui\u00e9n pon\u00eda as\u00ed el 1-2.<br>Los&nbsp;Colomenses&nbsp;se defend\u00edan como pod\u00edan de un Can&nbsp;Buxeres&nbsp;que a bal\u00f3n parado, apretaban una y otra vez la porter\u00eda defendida por Papi. No pudo ser y en el minuto 79, tras la salida de un c\u00f3rner el equipo local pon\u00eda el 2-2 con el que finalizar\u00eda el encuentro.<\/p>\n\n\n\n<p><\/p>\n\n\n\n<!--nextpage-->\n\n\n\n<figure class=\"wp-block-image size-large\"><img loading=\"lazy\" decoding=\"async\" width=\"1024\" height=\"768\" src=\"http:\/\/fegrama.cat\/web\/wp-content\/uploads\/2020\/03\/cadete-b-1024x768.jpeg\" alt=\"\" class=\"wp-image-28086\" srcset=\"http:\/\/fegrama.cat\/web\/wp-content\/uploads\/2020\/03\/cadete-b-1024x768.jpeg 1024w, http:\/\/fegrama.cat\/web\/wp-content\/uploads\/2020\/03\/cadete-b-300x225.jpeg 300w, http:\/\/fegrama.cat\/web\/wp-content\/uploads\/2020\/03\/cadete-b-768x576.jpeg 768w, http:\/\/fegrama.cat\/web\/wp-content\/uploads\/2020\/03\/cadete-b-1536x1152.jpeg 1536w, http:\/\/fegrama.cat\/web\/wp-content\/uploads\/2020\/03\/cadete-b.jpeg 1600w\" sizes=\"auto, (max-width: 1024px) 100vw, 1024px\" \/><\/figure>\n\n\n\n<p>Cadet \u00abB\u00bb 3 &#8211; Poble Sec 2<\/p>\n\n\n\n<p>El partit dels nostres nois del Cadet \u00abB\u00bb va comen\u00e7ar costa amunt amb un gol matiner de Poble Sec. A mesura que passaven els minuts els de la Grama es van anar ficant en el partit i van aconseguir l&#8217;empat.<br><\/p>\n\n\n\n<p>Va ser poc despr\u00e9s, en una bona contra, quan va arribar\u00a0l&#8217;1-2 per part dels visitants que van fer anar als de la Grama anar descans amb desavantatge.<br><\/p>\n\n\n\n<p>Una segona part perfecta en defensa de la Grama i bastant segura en atac, va fer que els de la Grama anessin guanyant contund\u00e8ncia en accions fins que un gol del jugador Oscar i un penal ben llan\u00e7at de\u00a0Rub\u00e9n\u00a0van tancar amb el 3-2 i la remuntada per a sumar els 3 punts.<\/p>\n\n\n\n<p><\/p>\n\n\n\n<hr class=\"wp-block-separator is-style-dots\"\/>\n\n\n\n<p><\/p>\n\n\n\n<p>Cadete \u201cB\u201d 3 &#8211; Poble Sec 2<\/p>\n\n\n\n<p>El partido de nuestros chicos del Cadete \u201cB\u201d comenz\u00f3 cuesta arriba con un gol tempranero de Poble Sec. A medida que pasaban los minutos los de la Grama se fueron metiendo en el partido y consiguieron el empate.&nbsp;<\/p>\n\n\n\n<p>Fue poco despu\u00e9s, en una buena contra, cuando lleg\u00f3 el 1-2 por parte de los visitantes que hicieron ir a los de la Grama ir descanso con desventaja.<\/p>\n\n\n\n<p>Una segunda parte perfecta en defensa de la Grama y bastante segura en ataque, hizo que los de la Grama fueran ganando contundencia en acciones hasta que un gol del jugador Oscar y un penalti bien lanzado de Rub\u00e9n cerraron con el 3-2 y la remontada para sumar los 3 puntos.<\/p>\n\n\n\n<!--nextpage-->\n\n\n\n<p>Badalona 5 &#8211; Cadet \u00abC\u00bb 4<\/p>\n\n\n\n<p>Els del Cadet \u00abC\u00bb jugaven el seu partit del cap de setmana contra&nbsp;el Badalona&nbsp;amb moltes baixes. La cosa es va posar malament en el primer minut de joc encaixant un gol. Una primera part amb algunes fallades defensives. En el minut 20 de joc els nostres nois de la Grama anaven 3-3 i a la mitja part marxaven amb 5-3 en el marcador.<\/p>\n\n\n\n<p>La segona part va ser molt diferent; els Blavencs vestits aquesta vegada de vermell, van dominar el partit. Mancant 20 minuts els de la Grama posaven entre les cordes&nbsp;al Badalona. Bon joc en aquesta segona part amb defensa de tres.<\/p>\n\n\n\n<p><\/p>\n\n\n\n<hr class=\"wp-block-separator is-style-dots\"\/>\n\n\n\n<p><\/p>\n\n\n\n<p>Badalona 5 &#8211; Cadete \u00abC\u00bb 4<\/p>\n\n\n\n<p>Los del Cadete \u00abC\u00bb jugaban su partido del fin de semana contra el Badalona con muchas bajas. La cosa se puso mal en el primer minuto de juego encajando un gol. Un primera parte con algunos fallos defensivos. En el minuto 20 de juego nuestros chicos de la Grama iban 3-3 y a la media parte se marchaban con 5-3 en el marcador.<\/p>\n\n\n\n<p>La segunda parte fue muy distinta los azulones vestidos esta vez de rojo dominaron el partido. A falta de 20 minutos los de la Grama pon\u00edan entre las cuerdas al Badalona. Buen juego en esta segunda parte con defensa de tres.<\/p>\n\n\n\n<!--nextpage-->\n\n\n\n<p>Cadet \u00abD\u00bb 12 &#8211; Sant Ignasi 1<\/p>\n\n\n\n<p>El dissabte 29 febrer els del Cadet \u00abD\u00bb van disputar el seu partit contra l&#8217;\u00faltim classificat que malgrat la difer\u00e8ncia entre els dos equips, van ser els nostres van tenir tota l&#8217;estona el domini de la pilota i del joc, fent m\u00faltiples jugades que van donar l&#8217;inflat resultat de 12 a 1.<\/p>\n\n\n\n<p>L&#8217;entrenador de la Grama es mostra content amb el joc realitzat, on no es va pecar d&#8217;individualisme sin\u00f3 que es va jugar en equip i entre tots.<\/p>\n\n\n\n<p><\/p>\n\n\n\n<hr class=\"wp-block-separator is-style-dots\"\/>\n\n\n\n<p><\/p>\n\n\n\n<p>Cadete \u00abD\u00bb 12 &#8211;&nbsp;Sant&nbsp;Ignasi&nbsp;1<\/p>\n\n\n\n<p>El s\u00e1bado 29 febrero los del Cadete \u00abD\u00bb disputaron su partido contra el \u00faltimo clasificado que a pesar de la diferencia entre los dos equipos, fueron los nuestros tuvieron todo el rato el dominio de la pelota y del juego, haciendo m\u00faltiples jugadas que dieron el abultado resultado de 12 a 1.&nbsp;<\/p>\n\n\n\n<p>El entrenador de la Grama se muestra contento con el juego realizado, donde no se pec\u00f3 de individualismo sino que se jug\u00f3 en equipo y entre todos.<\/p>\n\n\n\n<!--nextpage-->\n\n\n\n<p>Sant Ignasi 5 &#8211; Cadet \u00abE\u00bb 5<\/p>\n\n\n\n<p>Els del Cadet \u00abE\u00bb van jugar un partit molt disputat i igualat. Als nostres els tocava jugar fora de casa, en un camp molt petit i aix\u00f2 s&#8217;anava a notar.<br>Comen\u00e7a el partit i r\u00e0pidament en el minut un, despr\u00e9s d&#8217;una fallada de comunicaci\u00f3 entre la defensa i el porter el rival s&#8217;avan\u00e7a en el marcador 1-0 en el primer minut de joc. En el minut dos es produeix un c\u00f3rner que d\u00f3na l&#8217;empat amb una rematada de cap de&nbsp;Vitor. I r\u00e0pidament en el minut 4 la Grama aconsegueix&nbsp;l&#8217;1-2 en un altre c\u00f3rner amb una altra rematada del mateix jugador.<br>Els nostres segueixen igual, intenten tocar tot el que poden i evitar&nbsp;fallades, ja que&nbsp;en un camp amb aquestes dimensions qualsevol fallada podia costar car als nostres. En el minut 9&#8242;, el rival aconsegueix el 2-2. Els visitants, que eren els nostres, continuaven vius en el camp, podia passar qualsevol cosa. Finalment i despr\u00e9s de lluita constant, els nostres posen el 2-3 amb una xutada des de fora de l&#8217;\u00e0rea&nbsp;d&#8217;Oussama&nbsp;en el minut 11. La Grama aguanta una mica per\u00f2 en el minut 18 el rival empata 3-3. En el minut 24,&nbsp;Oussama&nbsp;d\u00f3na el desempat dels nostres. El que queda fins a la mitja part, s\u00f3n minuts molt intensos en els quals tots dos equips tenen jugades bones per\u00f2 les nostres s\u00f3n m\u00e9s clares per\u00f2 sense \u00e8xit. Es va a la mitja part amb 3-4 guanyant. Resultat molt ajustat en un partit aix\u00ed.<br>La Grama surt en la segona part amb ganes i amb intenci\u00f3 de cometre les menors fallades possibles. I r\u00e0pidament en el minut 48, Arnau fica el 3-5. Respiren una mica m\u00e9s tranquils. Per\u00f2 els contraris fan una jugada per fora la qual els d\u00f3na al rival en el minut 51 el 4-5. La Grama comen\u00e7a a tocar en el seu camp i ells es queden tancats i sense pr\u00e0cticament provocar perill. La Grama t\u00e9 jugades molt clares per\u00f2 no entra la pilota. En el minut 71, en una falta el rival aconsegueix l&#8217;empat.<\/p>\n\n\n\n<p>Dolors: partit bastant igualat, no en l&#8217;\u00e0mbit de joc sin\u00f3 quant a ocasions per a tots dos equips. En joc hem estat millors que ells, per\u00f2 com sempre perdonem ocasions molt clares i que ens fan falta. Es nota el canvi de la primera volta a la segona. Plantem cara a un rival que en l&#8217;anada ens va ficar 0-6 en el nostre camp i ara aconseguim un empat que per molt poc era vict\u00f2ria nostra. A continuar treballant que encara queda.<\/p>\n\n\n\n<p><\/p>\n\n\n\n<hr class=\"wp-block-separator is-style-dots\"\/>\n\n\n\n<p><\/p>\n\n\n\n<p>Sant&nbsp;Ignasi&nbsp;5 &#8211; Cadete \u201cE\u201d 5<br>Los del Cadete \u201cE\u201d jugaron un partido muy disputado e igualado. A los nuestros les tocaba jugar fuera de casa, en un campo muy peque\u00f1o y eso se iba a notar.<br>Comienza el partido y r\u00e1pidamente en el minuto uno, tras un fallo de comunicaci\u00f3n entre la defensa y el portero el rival se adelanta en el marcador 1-0 en el primer minuto de juego. En el minuto dos se produce un c\u00f3rner que da el empate con un remate de cabeza de Vitor. Y r\u00e1pidamente en el minuto 4 la Grama consigue el 1-2 en otro c\u00f3rner con otro remate del mismo jugador.<br>Los nuestros siguen igual, intentan tocar todo lo que pueden y evitar fallos ya que en un campo con esas dimensiones cualquier fallo pod\u00eda costar caro a los nuestros. En el minuto 9\u2019, el rival consigue el 2-2. Los visitantes, que eran los nuestros, segu\u00edan vivos en el campo, pod\u00eda pasar cualquier cosa.&nbsp;Finalmente&nbsp;y tras lucha constante, los nuestros ponen el 2-3 con un chute desde fuera del \u00e1rea de&nbsp;Oussama&nbsp;en el minuto 11. La Grama aguanta un poco pero en el minuto 18 el rival empata 3-3. En el minuto 24,&nbsp;Oussama&nbsp;da el desempate de los nuestros. Lo que queda hasta la media parte, son minutos muy intensos en los que ambos equipos tienen jugadas buenas pero las nuestras son m\u00e1s claras pero sin \u00e9xito. Se va a la media parte con 3-4 ganando. Resultado muy ajustado en un partido as\u00ed.<br>La Grama sale en la segunda parte con ganas y con intenci\u00f3n de cometer los menores fallos posibles. Y r\u00e1pidamente en el minuto 48, Arnau mete el 3-5. Respiran un poco m\u00e1s tranquilos. Pero los contrarios hacen una jugada por fuera la cual les da al rival en el minuto 51 el 4-5. La Grama empieza a tocar en su campo y ellos se quedan encerrados y sin pr\u00e1cticamente provocar peligro. La Grama tiene jugadas muy claras pero no entra el bal\u00f3n. En el minuto 71, en una falta el rival consigue el empate.<\/p>\n\n\n\n<p>Dolors: partido bastante igualado, no\u00a0en el \u00e1mbito de\u00a0juego sino\u00a0en cuanto a\u00a0ocasiones para ambos equipos. En juego hemos estado mejores que ellos, pero como siempre perdonamos ocasiones muy claras y que nos hacen falta. Se nota el cambio de la primera vuelta a la segunda. Plantamos cara a un rival que en la ida nos meti\u00f3 0-6 en nuestro campo y ahora conseguimos un empate que por muy poco era victoria nuestra. A seguir trabajando que a\u00fan queda.<\/p>\n","protected":false},"excerpt":{"rendered":"<p>Can&nbsp;Buxetes&nbsp;2 &#8211; Cadet \u00abA\u00bb 2 En el partit d&#8217;aquesta setmana passada als nostres nois del Cadet \u00abA\u00bb se&#8217;ls escapen dos punts en l&#8217;\u00faltim minut, en un partit dif\u00edcil per als nostres que malgrat la seva lluita, nom\u00e9s tenien 10 jugadors des del minut 30 de joc.S&#8217;avan\u00e7aven els de Santa Coloma al cap de quinze minuts, [&hellip;]<\/p>\n","protected":false},"author":1,"featured_media":28086,"comment_status":"closed","ping_status":"closed","sticky":false,"template":"","format":"standard","meta":{"footnotes":""},"categories":[4,7],"tags":[],"class_list":["post-28079","post","type-post","status-publish","format-standard","has-post-thumbnail","hentry","category-base-inclusiu","category-cadets"],"_links":{"self":[{"href":"http:\/\/fegrama.cat\/web\/wp-json\/wp\/v2\/posts\/28079","targetHints":{"allow":["GET"]}}],"collection":[{"href":"http:\/\/fegrama.cat\/web\/wp-json\/wp\/v2\/posts"}],"about":[{"href":"http:\/\/fegrama.cat\/web\/wp-json\/wp\/v2\/types\/post"}],"author":[{"embeddable":true,"href":"http:\/\/fegrama.cat\/web\/wp-json\/wp\/v2\/users\/1"}],"replies":[{"embeddable":true,"href":"http:\/\/fegrama.cat\/web\/wp-json\/wp\/v2\/comments?post=28079"}],"version-history":[{"count":6,"href":"http:\/\/fegrama.cat\/web\/wp-json\/wp\/v2\/posts\/28079\/revisions"}],"predecessor-version":[{"id":28087,"href":"http:\/\/fegrama.cat\/web\/wp-json\/wp\/v2\/posts\/28079\/revisions\/28087"}],"wp:featuredmedia":[{"embeddable":true,"href":"http:\/\/fegrama.cat\/web\/wp-json\/wp\/v2\/media\/28086"}],"wp:attachment":[{"href":"http:\/\/fegrama.cat\/web\/wp-json\/wp\/v2\/media?parent=28079"}],"wp:term":[{"taxonomy":"category","embeddable":true,"href":"http:\/\/fegrama.cat\/web\/wp-json\/wp\/v2\/categories?post=28079"},{"taxonomy":"post_tag","embeddable":true,"href":"http:\/\/fegrama.cat\/web\/wp-json\/wp\/v2\/tags?post=28079"}],"curies":[{"name":"wp","href":"https:\/\/api.w.org\/{rel}","templated":true}]}}