{"id":28054,"date":"2020-03-02T12:28:59","date_gmt":"2020-03-02T11:28:59","guid":{"rendered":"http:\/\/fegrama.cat\/web\/?p=28054"},"modified":"2020-03-02T12:33:37","modified_gmt":"2020-03-02T11:33:37","slug":"croniques-de-tots-els-benjamins-que-van-lluitar-fins-al-final-amb-les-grans-victories-del-b-c-i-d","status":"publish","type":"post","link":"http:\/\/fegrama.cat\/web\/croniques-de-tots-els-benjamins-que-van-lluitar-fins-al-final-amb-les-grans-victories-del-b-c-i-d\/","title":{"rendered":"Cr\u00f2niques de tots els Benjamins que van lluitar fins al final amb les grans vict\u00f2ries del \u00abB\u00bb, \u00abC\u00bb i \u00abD\u00bb"},"content":{"rendered":"\n<p>Llefi\u00e0 1 &#8211; Benjam\u00ed \u00abA\u00bb 1<\/p>\n\n\n\n<p>Partit molt seri\u00f3s del Benjam\u00ed \u00abA\u00bb al qual li va faltar poc per a emportar-se els tres punts.<\/p>\n\n\n\n<p>El partit que es va jugar el dissabte fora de casa, va ser molt intens i treballat davant un rival molt dur que no va crear ocasions nom\u00e9s a pilota parada i aix\u00ed va venir el gol de l&#8217;empat al final.<\/p>\n\n\n\n<p>Cal continuar lluitant i en aquesta l\u00ednia d&#8217;intensitat i asseguran\u00e7a que arribaran millors resultats.<\/p>\n\n\n\n<p><\/p>\n\n\n\n<hr class=\"wp-block-separator is-style-dots\"\/>\n\n\n\n<p><\/p>\n\n\n\n<p>Llefia\u00a01 &#8211; Benjam\u00edn \u00abA\u00bb 1<\/p>\n\n\n\n<p>Partido muy serio del Benjam\u00edn \u00abA\u00bb al que le falt\u00f3 poco para llevarse los tres puntos.\u00a0<\/p>\n\n\n\n<p>El partido que se jug\u00f3 el s\u00e1bado fuera de casa, fue muy intenso y trabajado ante un rival muy duro que no cre\u00f3 ocasiones&nbsp;solo&nbsp;a bal\u00f3n parado y as\u00ed vino el gol del empate al final.&nbsp;<\/p>\n\n\n\n<p>Hay que seguir luchando y en esta l\u00ednea de intensidad y seguro que llegar\u00e1n mejores resultados.<\/p>\n\n\n\n<!--nextpage-->\n\n\n\n<p>Sant Adri\u00e0 &#8211;\u00a0Benjam\u00ed\u00a0\u00abB\u00bb 5<\/p>\n\n\n\n<p>El Benjam\u00ed \u00abB\u00bb va jugar un partit fluix en Sant Adri\u00e0, per\u00f2 aix\u00ed i tot superiors en intensitat i ocasions que va fer que la Grama guany\u00e9s 0 a 5. No van estar al seu nivell, per\u00f2 sense jugar al seu estil els nostres van solucionar el partit amb ganes i amb estar ben posicionats.<br>No sempre es pot jugar b\u00e9, per\u00f2 els de la Grama no van deixar d&#8217;intentar-ho.<\/p>\n\n\n\n<p>Cal seguir en aquesta l\u00ednia i corregir errors.<\/p>\n\n\n\n<p><\/p>\n\n\n\n<hr class=\"wp-block-separator is-style-dots\"\/>\n\n\n\n<p><\/p>\n\n\n\n<p>Sant&nbsp;Adri\u00e0&nbsp;&#8211; Benjam\u00edn \u00abB\u00bb 5<br>El Benjam\u00edn \u00abB\u00bb jug\u00f3 un partido flojos en&nbsp;Sant&nbsp;Adri\u00e0, pero&nbsp;aun&nbsp;as\u00ed superiores en intensidad y ocasiones que hizo que la Grama ganase 0 a 5. No estuvieron a su nivel, pero sin jugar a su estilo los nuestros solventaron el partido con ganas y con estar bien posicionados.<br>No siempre se puede jugar bien, pero los de la Grama no dejaron de intentarlo.&nbsp;<\/p>\n\n\n\n<p>Hay que seguir en esta l\u00ednea y corregir errores.<\/p>\n\n\n\n<!--nextpage-->\n\n\n\n<p>Benjam\u00ed \u00abC\u00bb 3 &#8211; Sarri\u00e0 2<\/p>\n\n\n\n<p>Partit molt competit contra Sarri\u00e0, un rival directe de la taula. En el primer quart de joc, la Grama estrenyia a dalt i aconseguien sotmetre a l&#8217;equip contrari. No obstant aix\u00f2, les sortides del visitant a la contra, els va permetre crear ocasions de perill, que no van acabar en gol.<\/p>\n\n\n\n<p>En el segon quart, l&#8217;equip rival va comen\u00e7ar a pressionar la sortida de pilota i als nostres centrals&nbsp;els costava m\u00e9s sortir amb la pilota controlada, per\u00f2 si la Grama superava aquesta l\u00ednia de pressi\u00f3, tenien molt d&#8217;espai per a c\u00f3rrer.&nbsp;Sebas&nbsp;va estar atent en un rebutgi&nbsp;del porter i va posar&nbsp;el 1-0 en el marcador. En el tercer quart el rival va reaccionar i, malgrat no gaudir de grans ocasions, va aconseguir empatar el partit amb un servei de banda mal buidat per la nostra defensa (1-1).<\/p>\n\n\n\n<p>Cap equip controlava el partit, que consistia en un anar i venir constant. En una&nbsp;contra&nbsp;de la Grama, una bona passada de&nbsp;Yago&nbsp;deixava nom\u00e9s a Aleix, despr\u00e9s que aquest se separ\u00e9s de la marca correctament, i va posar el 2-1 en el marcador. No obstant aix\u00f2, a la Grama encara li quedaria molta feina per fer. En l&#8217;\u00faltim quart, la falta de contund\u00e8ncia dels nostres i la insist\u00e8ncia del rival tornaria a posar en taules el marcador (2-2).<\/p>\n\n\n\n<p>Finalment, despr\u00e9s d&#8217;un servei de falta r\u00e0pid, la defensa rival es va veure sorpresa i&nbsp;\u00c1lex&nbsp;va posar la pilota en l&#8217;\u00e0rea, amb una rematada forta i col\u00b7locada de&nbsp;Sebas, que va donar la vict\u00f2ria a casa als de la Grama (3-2).<\/p>\n\n\n\n<p>Vict\u00f2ria&nbsp;merescuda que ens acosta a la zona mitjana de la classificaci\u00f3.<\/p>\n\n\n\n<p><\/p>\n\n\n\n<hr class=\"wp-block-separator is-style-dots\"\/>\n\n\n\n<p><\/p>\n\n\n\n<p>Benjam\u00edn \u00abC\u00bb 3 &#8211; Sarri\u00e0 2\u00a0<\/p>\n\n\n\n<p>Partido muy competido contra\u00a0Sarri\u00e0, un rival directo de la tabla. En el primer cuarto de juego, la Grama apretaba arriba y\u00a0consegu\u00edan\u00a0someter al equipo contrario. No obstante, las salidas del visitante a la contra, les permiti\u00f3 crear ocasiones de peligro, que no acabaron en gol.\u00a0<br><br>En el segundo cuarto, el equipo rival empez\u00f3 a presionar la salida de bal\u00f3n y a nuestros centrales les costaba m\u00e1s salir con el bal\u00f3n controlado, pero si la Grama superaba esa l\u00ednea de presi\u00f3n, ten\u00edan mucho espacio para correr.\u00a0Sebas\u00a0estuvo atento en un rechace del portero y puso el 1-0 en el marcador. En el tercer cuarto el rival reaccion\u00f3 y, pese a no disfrutar de grandes ocasiones, logr\u00f3 empatar el partido con un saque de banda mal despejado por nuestra defensa (1-1).\u00a0<br><br>Ning\u00fan equipo controlaba el partido, que consist\u00eda en un ir y venir constante. En una contra de la Grama, un buen pase de Yago dejaba solo a\u00a0Aleix, despu\u00e9s de que este se separara de la marca correctamente, y puso el 2-1 en el marcador. Sin embargo, a la Grama a\u00fan le quedar\u00eda mucho trabajo por hacer. En el \u00faltimo cuarto, la falta de contundencia de los nuestros y la insistencia del rival volver\u00eda a poner en tablas el marcador (2-2).\u00a0<br><br>Finalmente, tras un saque de falta r\u00e1pido, la defensa rival se vio sorprendida y\u00a0\u00c1lex\u00a0puso la pelota en el \u00e1rea, con un remate fuerte y colocado de\u00a0Sebas, que dio la victoria en casa a los de la Grama (3-2).<\/p>\n\n\n\n<p>Victoria merecida que nos acerca a la zona media de la clasificaci\u00f3n.<\/p>\n\n\n\n<!--nextpage-->\n\n\n\n<p>Tur\u00f3 Peira 0 &#8211; Benjam\u00ed \u00abD\u00bb 7<\/p>\n\n\n\n<p>Els del Benjam\u00ed \u00abD\u00bb jugaven la 17a jornada fora de casa. Ja en el primer quart de partit (i tan sols en el primer minut de joc) es marcava el primer gol per part de la Grama. L&#8217;equip es va anar relaxant per\u00f2 sense deixar de jugar b\u00e9, aix\u00ed i tot no es va poder crear molt de perill.<br>En el segon quart als de la Fundaci\u00f3 els va continuar costant entrar en el partit fins al final del mateix on van poder marcar dos gols seguits.<br>En el tercer i en l&#8217;\u00faltim quart de partit, l&#8217;equip es va sentir m\u00e9s relaxat i ja van poder tenir m\u00e9s la pilota i sentint-se m\u00e9s segurs en camp contrari, va ser aqu\u00ed es van marcar els seg\u00fcents quatre gols.<br>En general l&#8217;equip va acabar content.<\/p>\n\n\n\n<p><\/p>\n\n\n\n<hr class=\"wp-block-separator is-style-dots\"\/>\n\n\n\n<p><\/p>\n\n\n\n<p>Tur\u00f3&nbsp;Peira&nbsp;0 &#8211; Benjam\u00edn \u201cD\u201d 7<\/p>\n\n\n\n<p>Los del Benjam\u00edn \u201cD\u201d jugaban la 17a jornada fuera de casa. Ya en el primer cuarto de partido (y tan solo en el primer minuto de juego) se marcaba el primer gol por parte de la Grama. El equipo se fue relajando pero sin dejar de jugar bien,\u00a0aun\u00a0as\u00ed no se pudo crear mucho peligro.<br>En el segundo cuarto a los de la Fundaci\u00f3n les sigui\u00f3 costando entrar en el partido hasta el final del mismo donde pudieron marcar dos goles seguidos.<br>En el tercer y en el \u00faltimo cuarto de partido, el equipo se sinti\u00f3 m\u00e1s relajado y ya pudieron tener m\u00e1s el bal\u00f3n y\u00a0sinti\u00e9ndose\u00a0m\u00e1s seguros en campo contrario, fue ah\u00ed se marcaron los siguientes cuatro\u00a0goles.<br>En general el equipo acab\u00f3 contento.<\/p>\n\n\n\n<!--nextpage-->\n\n\n\n<p>J\u00fapiter 18 &#8211; Benjam\u00ed \u00abE\u00bb 0<\/p>\n\n\n\n<p>Els nostres petitons del Benjam\u00ed \u00abE\u00bb van jugar un partit contra els quals anaven segons en la Lliga; un partit dur per\u00f2 que els nostres van comen\u00e7ar amb un molt bon primer quart de joc malgrat anar 2 a 0 al final d&#8217;aquest.<\/p>\n\n\n\n<p>Despr\u00e9s del segon quart el marcador era de 8-0. Va comen\u00e7ar la segona part i els contraris van marcar 3 gols molt aviat, al final del tercer quart el resultat era de 13-0 i el resultat final del partit va ser de 18-0.<\/p>\n\n\n\n<p>Aix\u00ed i tot l&#8217;entrenador es mostra content amb els nens perqu\u00e8 van donar el m\u00e0xim fins al final encara sense tenir canvis.<\/p>\n\n\n\n<p><\/p>\n\n\n\n<hr class=\"wp-block-separator is-style-dots\"\/>\n\n\n\n<p><\/p>\n\n\n\n<p>J\u00fapiter 18 &#8211; Benjam\u00edn \u00abE\u00bb 0<\/p>\n\n\n\n<p>Nuestros peque\u00f1itos del Benjam\u00edn \u00abE\u00bb jugaron un partido contra los que iban segundos en la Liga; un partido duro pero que los nuestros empezaron con un muy buen primer cuarto de juego a pesar de ir 2 a 0 al final de este.<\/p>\n\n\n\n<p>Despu\u00e9s del segundo cuarto el marcador era de 8-0. Comenz\u00f3 la segunda parte y los contrarios marcaron 3 goles muy pronto, al final del tercer cuarto el resultado era de 13-0 y el resultado final del partido fue de 18-0.<\/p>\n\n\n\n<p>Aun&nbsp;as\u00ed el entrenador se muestra contento con los ni\u00f1os porque dieron el m\u00e1ximo hasta el final a\u00fan sin tener cambios.<\/p>\n","protected":false},"excerpt":{"rendered":"<p>Llefi\u00e0 1 &#8211; Benjam\u00ed \u00abA\u00bb 1 Partit molt seri\u00f3s del Benjam\u00ed \u00abA\u00bb al qual li va faltar poc per a emportar-se els tres punts. El partit que es va jugar el dissabte fora de casa, va ser molt intens i treballat davant un rival molt dur que no va crear ocasions nom\u00e9s a pilota parada [&hellip;]<\/p>\n","protected":false},"author":1,"featured_media":28019,"comment_status":"closed","ping_status":"closed","sticky":false,"template":"","format":"standard","meta":{"footnotes":""},"categories":[4,11],"tags":[],"class_list":["post-28054","post","type-post","status-publish","format-standard","has-post-thumbnail","hentry","category-base-inclusiu","category-benjamins"],"_links":{"self":[{"href":"http:\/\/fegrama.cat\/web\/wp-json\/wp\/v2\/posts\/28054","targetHints":{"allow":["GET"]}}],"collection":[{"href":"http:\/\/fegrama.cat\/web\/wp-json\/wp\/v2\/posts"}],"about":[{"href":"http:\/\/fegrama.cat\/web\/wp-json\/wp\/v2\/types\/post"}],"author":[{"embeddable":true,"href":"http:\/\/fegrama.cat\/web\/wp-json\/wp\/v2\/users\/1"}],"replies":[{"embeddable":true,"href":"http:\/\/fegrama.cat\/web\/wp-json\/wp\/v2\/comments?post=28054"}],"version-history":[{"count":6,"href":"http:\/\/fegrama.cat\/web\/wp-json\/wp\/v2\/posts\/28054\/revisions"}],"predecessor-version":[{"id":28062,"href":"http:\/\/fegrama.cat\/web\/wp-json\/wp\/v2\/posts\/28054\/revisions\/28062"}],"wp:featuredmedia":[{"embeddable":true,"href":"http:\/\/fegrama.cat\/web\/wp-json\/wp\/v2\/media\/28019"}],"wp:attachment":[{"href":"http:\/\/fegrama.cat\/web\/wp-json\/wp\/v2\/media?parent=28054"}],"wp:term":[{"taxonomy":"category","embeddable":true,"href":"http:\/\/fegrama.cat\/web\/wp-json\/wp\/v2\/categories?post=28054"},{"taxonomy":"post_tag","embeddable":true,"href":"http:\/\/fegrama.cat\/web\/wp-json\/wp\/v2\/tags?post=28054"}],"curies":[{"name":"wp","href":"https:\/\/api.w.org\/{rel}","templated":true}]}}