{"id":28052,"date":"2020-03-02T11:58:35","date_gmt":"2020-03-02T10:58:35","guid":{"rendered":"http:\/\/fegrama.cat\/web\/?p=28052"},"modified":"2020-03-02T11:58:37","modified_gmt":"2020-03-02T10:58:37","slug":"molt-bons-partits-per-part-dels-infantils-a-i-b-que-surten-vencedors","status":"publish","type":"post","link":"http:\/\/fegrama.cat\/web\/molt-bons-partits-per-part-dels-infantils-a-i-b-que-surten-vencedors\/","title":{"rendered":"Molt bons partits per part dels Infantils \u00abA\u00bb i \u00abB\u00bb que surten vencedors."},"content":{"rendered":"\n<p>Infantil \u00abA\u00bb 4 &#8211;&nbsp;Premier&nbsp;0<\/p>\n\n\n\n<p>El partit de l&#8217;Infantil \u00abA\u00bb es va posar\u00a0molt de\u00a0cara ja en el minut 8, quan un dels centrals contraris va ser expulsat amb vermella directa.<\/p>\n\n\n\n<p>Als&nbsp;pocs minuts, els locals es van avan\u00e7ar gr\u00e0cies a gol de penal anotat per&nbsp;Rub\u00e8n, despr\u00e9s d&#8217;unes mans dins de l&#8217;\u00e0rea. La primera part va transc\u00f3rrer entre els intents de la Grama per ampliar el marcador i algun acostament sense perill de la&nbsp;Premier.<\/p>\n\n\n\n<p>La segona part va arrencar tamb\u00e9 molt&nbsp;b\u00e9, ja que&nbsp;aviat la Grama va trencar el partit. Despr\u00e9s d&#8217;un bon centre d&#8217;Omar,&nbsp;Rub\u00e8n&nbsp;va ca\u00e7ar la pilota en el segon pal i va marcar el segon. Poc despr\u00e9s&nbsp;Mamadou&nbsp;va anotar el tercer despr\u00e9s d&#8217;una bona jugada individual. El quart gol el va tornar a anotar&nbsp;Mamadou&nbsp;despr\u00e9s d&#8217;un gran passi de&nbsp;Moha.<\/p>\n\n\n\n<p>El nostre infantil va aconseguir una bona vict\u00f2ria en un partit en el qual tot va ser favorable.<\/p>\n\n\n\n<p><\/p>\n\n\n\n<hr class=\"wp-block-separator is-style-dots\"\/>\n\n\n\n<p><\/p>\n\n\n\n<p>Infantil \u00abA\u00bb 4 &#8211; Premier 0<\/p>\n\n\n\n<p>El partido del Infantil \u00abA\u00bb se puso muy de cara ya en el minuto 8 cuando uno de los centrales contrarios fue expulsado con roja directa.<\/p>\n\n\n\n<p>A los poco minutos, los locales se adelantaron gracias a gol de penalti anotado por Rub\u00e9n, tras unas manos dentro del \u00e1rea. La primera parte transcurri\u00f3 entre los intentos de la Grama por ampliar el marcador y alg\u00fan acercamiento sin peligro de la Premier.&nbsp;<\/p>\n\n\n\n<p>La segunda parte arranc\u00f3 tambi\u00e9n muy bien ya que pronto la Grama rompi\u00f3 el partido. Tras un buen centro de Omar, Rub\u00e9n&nbsp;caz\u00f3 el bal\u00f3n en el segundo palo y marc\u00f3 el segundo. Poco despu\u00e9s&nbsp;Mamadou&nbsp;anot\u00f3 el tercero tras una buena jugada individual. El cuarto gol lo volvi\u00f3 a anotar&nbsp;Mamadou&nbsp;tras un gran pase de&nbsp;Moha.&nbsp;<\/p>\n\n\n\n<p>Nuestro infantil consigui\u00f3 una buena victoria en un partido en el que todo fue de cara.<\/p>\n\n\n\n<!--nextpage-->\n\n\n\n<p>Infantil \u00abB\u00bb 4 &#8211; Bufal\u00e0 1<\/p>\n\n\n\n<p>El dissabte 29 els de l&#8217;Infantil \u00abB\u00bb jugaven el seu partit de la 18a jornada a casa; un partit que va estar molt complet i ja \u00e9s de l&#8217;inici amb molt\u00edssima intensitat on els nostres creaven moltes ocasions que no es podien acabar de materialitzar en gol.<br>Arriba el 0 a 1 en una&nbsp;contra&nbsp;dels visitants amb desajustament t\u00e0ctic de la Grama, aix\u00ed i tot, s&#8217;aconsegueix l&#8217;empat per part dels nostres en l&#8217;\u00faltim minut de la primera part.<br>Despr\u00e9s del descans arriba la segona part i els de la Grama surten igual de fortes i fins i tot millors, combinant bones jugades i alhora bons gols.<\/p>\n\n\n\n<p><\/p>\n\n\n\n<hr class=\"wp-block-separator is-style-dots\"\/>\n\n\n\n<p><\/p>\n\n\n\n<p>Infantil \u201cB\u201d 4 &#8211;&nbsp;Bufal\u00e0&nbsp;1<\/p>\n\n\n\n<p>El s\u00e1bado 29 los del Infantil \u201cB\u201d jugaban su partido de la 18a jornada\u00a0en casa; un partido que estuvo muy completo y ya\u00a0es\u00a0del inicio con much\u00edsima intensidad d\u00f3nde los nuestros creaban bastantes ocasiones que no se pod\u00edan acabar de materializar en gol.<br>Llega el 0 a 1 en una contra de los visitantes con desajuste t\u00e1ctico de la Grama,\u00a0aun\u00a0as\u00ed, se consigue el empate por parte de los nuestros en el \u00faltimo minuto de la primera parte.<br>Tras el descanso llega la segunda parte y los de la Grama salen igual de fuertes e incluso mejores, combinando buenas jugadas y a la vez buenos goles.<\/p>\n\n\n\n<!--nextpage-->\n\n\n\n<p>Bon Pastor \u00abA\u00bb 3 &#8211; Infantil \u00abC\u00bb 1<\/p>\n\n\n\n<p>Dissabte 29 de febrer i els de l&#8217;Infantil \u00abC\u00bb disputen el seu partit setmanal, en aquest cas amist\u00f3s, contra el Bon Pastor \u00abA\u00bb. Va ser un partit fluix per als nostres, sobretot en el centre del camp i davantera. Per tant, el Bon Pastor va ser superior. Els de la Grama van aguantar el primer temps b\u00e9, podent encaixar un gol.<\/p>\n\n\n\n<p>Ja en la segona part els nostres surten amb els canvis fets, per\u00f2 sense ganes, al final en els quinze minuts finals de joc s\u00f3n els contraris els qui encaixen el tercer gol.<\/p>\n\n\n\n<p><\/p>\n\n\n\n<hr class=\"wp-block-separator is-style-dots\"\/>\n\n\n\n<p><\/p>\n\n\n\n<p>Buen Pastor \u00abA\u00bb 3 &#8211; Infantil \u00abC\u00bb 1<\/p>\n\n\n\n<p>S\u00e1bado 29 de febrero y los del&nbsp;Infantil&nbsp;\u00abC\u00bb disputan su partido semanal, en este caso amistoso, contra el Buen Pastor \u00abA\u00bb. Fue un partido flojo para los nuestros, sobretodo en el centro del campo y delantera. Por ende, el Buen Pastor fue superior. Los de la Grama aguantaron el primer tiempo bien, pudiendo encajar un gol.<\/p>\n\n\n\n<p>Ya en la segunda parte los nuestros salen con los cambios hechos, pero sin ganas, al final en los quince minutos finales de juego son los contrarios quienes encajan el tercer gol.<\/p>\n\n\n\n<p><\/p>\n","protected":false},"excerpt":{"rendered":"<p>Infantil \u00abA\u00bb 4 &#8211;&nbsp;Premier&nbsp;0 El partit de l&#8217;Infantil \u00abA\u00bb es va posar\u00a0molt de\u00a0cara ja en el minut 8, quan un dels centrals contraris va ser expulsat amb vermella directa. Als&nbsp;pocs minuts, els locals es van avan\u00e7ar gr\u00e0cies a gol de penal anotat per&nbsp;Rub\u00e8n, despr\u00e9s d&#8217;unes mans dins de l&#8217;\u00e0rea. La primera part va transc\u00f3rrer entre [&hellip;]<\/p>\n","protected":false},"author":1,"featured_media":27939,"comment_status":"closed","ping_status":"closed","sticky":false,"template":"","format":"standard","meta":{"footnotes":""},"categories":[4,9],"tags":[],"class_list":["post-28052","post","type-post","status-publish","format-standard","has-post-thumbnail","hentry","category-base-inclusiu","category-infantils"],"_links":{"self":[{"href":"http:\/\/fegrama.cat\/web\/wp-json\/wp\/v2\/posts\/28052","targetHints":{"allow":["GET"]}}],"collection":[{"href":"http:\/\/fegrama.cat\/web\/wp-json\/wp\/v2\/posts"}],"about":[{"href":"http:\/\/fegrama.cat\/web\/wp-json\/wp\/v2\/types\/post"}],"author":[{"embeddable":true,"href":"http:\/\/fegrama.cat\/web\/wp-json\/wp\/v2\/users\/1"}],"replies":[{"embeddable":true,"href":"http:\/\/fegrama.cat\/web\/wp-json\/wp\/v2\/comments?post=28052"}],"version-history":[{"count":3,"href":"http:\/\/fegrama.cat\/web\/wp-json\/wp\/v2\/posts\/28052\/revisions"}],"predecessor-version":[{"id":28057,"href":"http:\/\/fegrama.cat\/web\/wp-json\/wp\/v2\/posts\/28052\/revisions\/28057"}],"wp:featuredmedia":[{"embeddable":true,"href":"http:\/\/fegrama.cat\/web\/wp-json\/wp\/v2\/media\/27939"}],"wp:attachment":[{"href":"http:\/\/fegrama.cat\/web\/wp-json\/wp\/v2\/media?parent=28052"}],"wp:term":[{"taxonomy":"category","embeddable":true,"href":"http:\/\/fegrama.cat\/web\/wp-json\/wp\/v2\/categories?post=28052"},{"taxonomy":"post_tag","embeddable":true,"href":"http:\/\/fegrama.cat\/web\/wp-json\/wp\/v2\/tags?post=28052"}],"curies":[{"name":"wp","href":"https:\/\/api.w.org\/{rel}","templated":true}]}}