{"id":28049,"date":"2020-03-02T17:00:04","date_gmt":"2020-03-02T16:00:04","guid":{"rendered":"http:\/\/fegrama.cat\/web\/?p=28049"},"modified":"2020-03-02T17:20:30","modified_gmt":"2020-03-02T16:20:30","slug":"croniques-dels-prebenjamins-amb-les-merescudes-victories-de-l-a-i-el-b","status":"publish","type":"post","link":"http:\/\/fegrama.cat\/web\/croniques-dels-prebenjamins-amb-les-merescudes-victories-de-l-a-i-el-b\/","title":{"rendered":"Cr\u00f2niques dels Prebenjamins amb les merescudes vict\u00f2ries de l&#8217; \u00abA\u00bb i el \u00abB\u00bb."},"content":{"rendered":"\n<figure class=\"wp-block-image size-large\"><img loading=\"lazy\" decoding=\"async\" width=\"768\" height=\"1024\" src=\"http:\/\/fegrama.cat\/web\/wp-content\/uploads\/2020\/03\/prebenjamin-a-768x1024.jpeg\" alt=\"\" class=\"wp-image-28073\" srcset=\"http:\/\/fegrama.cat\/web\/wp-content\/uploads\/2020\/03\/prebenjamin-a-768x1024.jpeg 768w, http:\/\/fegrama.cat\/web\/wp-content\/uploads\/2020\/03\/prebenjamin-a-225x300.jpeg 225w, http:\/\/fegrama.cat\/web\/wp-content\/uploads\/2020\/03\/prebenjamin-a-1152x1536.jpeg 1152w, http:\/\/fegrama.cat\/web\/wp-content\/uploads\/2020\/03\/prebenjamin-a.jpeg 1200w\" sizes=\"auto, (max-width: 768px) 100vw, 768px\" \/><\/figure>\n\n\n\n<p>Sant Gabriel 2 &#8211; Prebenjam\u00ed \u00abA\u00bb 3<\/p>\n\n\n\n<p>Els del Prebenjam\u00ed \u00abA\u00bb van jugar el partit del cap de setmana passat fora de casa; un partit que va ser molt trepidant i tibant donades les dimensions tan petites del terreny de joc. Els de la Grama van comen\u00e7ar una mica imprecisos en el joc per\u00f2 a poc a poc es van fer amb el domini.<br>Un primer gol de l&#8217;equip de casa en l&#8217;\u00faltim minut del primer quart li valia per a avan\u00e7ar-se en el marcador. El segon quart van ser els blaus els qui dominaven, eren superiors i va donar els seus fruits en aconseguir remuntar 1-2.<br>Despr\u00e9s del descans les forces s&#8217;igualen i el \u00abSangra\u00bb t\u00e9 la seva oportunitat i l&#8217;aprofita per a empatar.<br>En els \u00faltims minuts de joc els nostres es van bolcar en atac i van saber tallar les contres del local&#8230; Al final un gol de falta d\u00f3na els merescuts 3 punts als de la Fundaci\u00f3.<\/p>\n\n\n\n<p><\/p>\n\n\n\n<hr class=\"wp-block-separator is-style-dots\"\/>\n\n\n\n<p><\/p>\n\n\n\n<p>Sant&nbsp;Gabriel 2 &#8211;&nbsp;Prebenjamin&nbsp;\u201cA\u201d 3<\/p>\n\n\n\n<p>Los del&nbsp;Prebenjam\u00edn&nbsp;\u201cA\u201d jugaron su partido semanal fuera de casa, en un partido que fue muy trepidante y tenso dadas las dimensiones tan peque\u00f1as del terreno de juego. Los de la Grama empezaron algo imprecisos en el juego pero poco a poco se hicieron con el dominio.<br>Un primer gol del equipo de casa en el \u00faltimo minuto del primer cuarto le val\u00eda para adelantarse en el marcador. El segundo cuarto fueron los azules quienes dominaban, eran superiores y dio sus frutos al conseguir remontar 1-2.<br>Despu\u00e9s del descanso las fuerzas se igualan y&nbsp;el&nbsp;\u00abSangra\u00bb tiene su oportunidad y la aprovecha para empatar.<br>En los \u00faltimos minutos de juego los nuestros se volcaron en ataque y supieron cortar las contras del local&#8230; Al final un gol de falta da los merecidos 3 puntos a los de la Fundaci\u00f3n.<\/p>\n\n\n\n<!--nextpage-->\n\n\n\n<p>Santa Eul\u00e0lia 1 &#8211; Prebenjam\u00ed \u00abB\u00bb 5<\/p>\n\n\n\n<p>Els del Prebenjam\u00ed \u00abB\u00bb van comen\u00e7ar el partit pressionant al rival des del primer minut, la qual cosa va fer avan\u00e7ar-se en el marcador als de la Grama. Aix\u00ed i tot, la felicitat dura poc perqu\u00e8 al cap de cinc minuts s\u00f3n els locals els qui marquen creant aix\u00ed l&#8217;empat.<br>La Grama sali m\u00e9s fluixa en el segon quart, sense anar a la pressi\u00f3, per\u00f2 amb la sort que el rival tamb\u00e9 va sortir igual que els nostres.<br>S&#8217;arriba a la mitja part amb l&#8217;1 a 1. Canvi d&#8217;alineaci\u00f3 i jugadors, la Grama sali m\u00e9s concentrada i lluitant tot, el rival es comen\u00e7a a desconcentrar i la Fundaci\u00f3 l&#8217;aprofita, pressionant en tot moment al rival sense deixar-lo jugar i aix\u00f2 fa que els nostres obtinguin 4 gols m\u00e9s. La Grama marxa a casa molt contenta amb el 5 a 1 a favor seu.<\/p>\n\n\n\n<p><\/p>\n\n\n\n<hr class=\"wp-block-separator is-style-dots\"\/>\n\n\n\n<p><\/p>\n\n\n\n<p>Santa Eulalia 1 &#8211;&nbsp;Prebenjam\u00edn&nbsp;\u201cB\u201d 5<\/p>\n\n\n\n<p>Los del&nbsp;Prebenjam\u00edn&nbsp;\u201cB\u201d empezaron el partido presionando al rival desde el primer minuto, lo que hizo adelantarse en el marcador a los de la Grama.&nbsp;Aun&nbsp;as\u00ed la felicidad dura poco porque a los cinco minutos son los locales quienes marcan creando as\u00ed el empate.<br>La Grama sale m\u00e1s floja en el segundo cuarto, sin ir a la presi\u00f3n, pero con la suerte de que el rival tambi\u00e9n sali\u00f3 igual que los nuestros.<br>Se llega a la media parte con el 1 a 1. Cambio de alineaci\u00f3n y jugadores, la Grama sale m\u00e1s concentrada y luchando todo, el rival se empieza a desconcentrar y la Fundaci\u00f3n lo aprovecha, presionando en todo momento al rival sin dejarlo jugar y eso hace que los nuestros obtengan 4 goles m\u00e1s. La Grama se va a casa muy contenta con el 5 a 1 a su favor.<\/p>\n\n\n\n<!--nextpage-->\n\n\n\n<p>Prebenjam\u00ed&nbsp;\u00abC\u00bb 2 &#8211; Sarri\u00e0 5<\/p>\n\n\n\n<p>Partit dur contra un rival molt directe en la part baixa de la taula en el qual la Grama va tenir bastants ocasions de gol, a part d&#8217;un molt bon futbol&#8230; Per\u00f2 la sort no va acompanyar als nostres en el transcurs de la trobada i es van escapar els 3 punts, a part del mal arbitratge.<br>Els petits del&nbsp;Prebenjam\u00ed&nbsp;\u00abC\u00bb continuaran treballant i pensant en el pr\u00f2xim partit.<\/p>\n\n\n\n<p><\/p>\n\n\n\n<hr class=\"wp-block-separator is-style-dots\"\/>\n\n\n\n<p><\/p>\n\n\n\n<p>Partido del&nbsp;Prebenjam\u00edn&nbsp;\u201cC\u201d 2 &#8211;&nbsp;Sarri\u00e0&nbsp;5<\/p>\n\n\n\n<p>Partido duro contra un rival muy directo en la parte baja de la tabla en el cual la Grama tuvo bastantes ocasiones de gol, a parte de un muy buen f\u00fatbol&#8230; Pero la suerte no acompa\u00f1\u00f3 a los nuestros en el transcurso del encuentro y se escaparon los 3 puntos, a parte del mal arbitraje.<br>Los peque\u00f1os del&nbsp;Prebenjam\u00edn&nbsp;\u201cC\u201d van a seguir trabajando y pensando en el pr\u00f3ximo partido.<\/p>\n","protected":false},"excerpt":{"rendered":"<p>Sant Gabriel 2 &#8211; Prebenjam\u00ed \u00abA\u00bb 3 Els del Prebenjam\u00ed \u00abA\u00bb van jugar el partit del cap de setmana passat fora de casa; un partit que va ser molt trepidant i tibant donades les dimensions tan petites del terreny de joc. Els de la Grama van comen\u00e7ar una mica imprecisos en el joc per\u00f2 a [&hellip;]<\/p>\n","protected":false},"author":1,"featured_media":28073,"comment_status":"closed","ping_status":"closed","sticky":false,"template":"","format":"standard","meta":{"footnotes":""},"categories":[4,12],"tags":[],"class_list":["post-28049","post","type-post","status-publish","format-standard","has-post-thumbnail","hentry","category-base-inclusiu","category-prebenjamins"],"_links":{"self":[{"href":"http:\/\/fegrama.cat\/web\/wp-json\/wp\/v2\/posts\/28049","targetHints":{"allow":["GET"]}}],"collection":[{"href":"http:\/\/fegrama.cat\/web\/wp-json\/wp\/v2\/posts"}],"about":[{"href":"http:\/\/fegrama.cat\/web\/wp-json\/wp\/v2\/types\/post"}],"author":[{"embeddable":true,"href":"http:\/\/fegrama.cat\/web\/wp-json\/wp\/v2\/users\/1"}],"replies":[{"embeddable":true,"href":"http:\/\/fegrama.cat\/web\/wp-json\/wp\/v2\/comments?post=28049"}],"version-history":[{"count":5,"href":"http:\/\/fegrama.cat\/web\/wp-json\/wp\/v2\/posts\/28049\/revisions"}],"predecessor-version":[{"id":28078,"href":"http:\/\/fegrama.cat\/web\/wp-json\/wp\/v2\/posts\/28049\/revisions\/28078"}],"wp:featuredmedia":[{"embeddable":true,"href":"http:\/\/fegrama.cat\/web\/wp-json\/wp\/v2\/media\/28073"}],"wp:attachment":[{"href":"http:\/\/fegrama.cat\/web\/wp-json\/wp\/v2\/media?parent=28049"}],"wp:term":[{"taxonomy":"category","embeddable":true,"href":"http:\/\/fegrama.cat\/web\/wp-json\/wp\/v2\/categories?post=28049"},{"taxonomy":"post_tag","embeddable":true,"href":"http:\/\/fegrama.cat\/web\/wp-json\/wp\/v2\/tags?post=28049"}],"curies":[{"name":"wp","href":"https:\/\/api.w.org\/{rel}","templated":true}]}}