{"id":28045,"date":"2020-03-03T00:45:33","date_gmt":"2020-03-02T23:45:33","guid":{"rendered":"http:\/\/fegrama.cat\/web\/?p=28045"},"modified":"2020-03-03T00:45:40","modified_gmt":"2020-03-02T23:45:40","slug":"croniques-dels-alevins-amb-la-golejada-del-g","status":"publish","type":"post","link":"http:\/\/fegrama.cat\/web\/croniques-dels-alevins-amb-la-golejada-del-g\/","title":{"rendered":"Cr\u00f2niques dels Alevins amb la golejada del \u00abG\u00bb!"},"content":{"rendered":"\n<p>Hospitalet 2 &#8211; Alev\u00ed \u00abA\u00bb 3<\/p>\n\n\n\n<p>Els de l&#8217;Alev\u00ed \u00abA\u00bb jugaven un partit complicat en un camp dif\u00edcil on la Grama es va avan\u00e7ar en les primeres jugades amb un gol\u00e0s d&#8217;Omar, arribant aix\u00ed al descans amb 0 a 1. Van comen\u00e7ar molt forts els contraris i van poder donar la volta al marcador (2-1). Els nostres sabien el que es jugaven i en l&#8217;\u00faltim quart de joc nom\u00e9s anaven cap amunt, la qual cosa funciono en l&#8217;\u00faltima jugada del partit amb un altre gol d&#8217;Omar que va posar el 2-3 que permet als nostres seguir en el lloc d&#8217;ascens a preferent!!!<\/p>\n\n\n\n<p><\/p>\n\n\n\n<hr class=\"wp-block-separator is-style-dots\"\/>\n\n\n\n<p><\/p>\n\n\n\n<p>Hospitalet 2 &#8211; Alev\u00edn \u00abA\u00bb 3<\/p>\n\n\n\n<p>Los del Alev\u00edn \u00abA\u00bb jugaban un partido complicado en un campo dif\u00edcil donde la Grama se adelant\u00f3 en las primeras jugadas con un golazo de Omar, llegando as\u00ed al descanso con 0 a 1. Empezaron muy fuertes los contrarios y pudieron dar la vuelta al marcador (2-1). Los nuestros sab\u00edan lo que se jugaban y en el \u00faltimo cuarto solo iban hacia arriba, lo que funciono en la \u00faltima jugada del partido con otro gol de Omar que puso el 2-3 \u00a1\u00a1\u00a1que permite a los nuestros seguir en el puesto de ascenso a preferente!!!<\/p>\n\n\n\n<!--nextpage-->\n\n\n\n<p>Alev\u00ed \u00abB\u00bb 3 &#8211; Parets 8<\/p>\n\n\n\n<p>Aquest cap de setmana els de l&#8217;Alev\u00ed \u00abB\u00bb jugaven contra Parets, un partit important donat les circumst\u00e0ncies de la classificaci\u00f3 i que la Grama havia de guanyar per a pujar llocs en la classificaci\u00f3.<\/p>\n\n\n\n<p>El partit va comen\u00e7ar amb certa igualtat per\u00f2 es van avan\u00e7ar els contraris de Parets amb una acci\u00f3 de segona jugada.&nbsp;Al cap de pocs minuts&nbsp;la Grama encaixa el 0-2, per\u00f2&nbsp;poc temps despr\u00e9s&nbsp;van posar&nbsp;l&#8217;1-2.&nbsp;Al cap de tres minuts&nbsp;una segona jugada de nou van fer encaixar als nostres&nbsp;l&#8217;1-3. Els de la Grama podrien haver posat el 2 a 3 abans del descans si la pilota no hagu\u00e9s impactat en el pal.<\/p>\n\n\n\n<p>Aquest fet va fer que els de la Grama sortissin endollats despr\u00e9s del descans, per\u00f2 una fallada defensiva els va perjudicar.<\/p>\n\n\n\n<p>A partir d&#8217;aquest moment tots els gols van ser m\u00e9s per errors propis que no per encert del contrari.<\/p>\n\n\n\n<p>Ara toca continuar treballant i lluitar pels objectius.<\/p>\n\n\n\n<p><\/p>\n\n\n\n<hr class=\"wp-block-separator is-style-dots\"\/>\n\n\n\n<p><\/p>\n\n\n\n<p>Alev\u00edn \u00abB\u00bb 3 &#8211;&nbsp;Parets&nbsp;8<\/p>\n\n\n\n<p>Este fin de semana los del Alev\u00edn \u00abB\u00bb jugaban contra&nbsp;Parets, un partido importante dado las&nbsp;circunstancias&nbsp;de la clasificaci\u00f3n y que la Grama deb\u00eda ganar para subir puestos en la clasificaci\u00f3n.<\/p>\n\n\n\n<p>El partido empez\u00f3 con cierta igualdad pero se adelantaron los contrarios de&nbsp;Parets&nbsp;con una acci\u00f3n de segunda jugada. A los pocos minutos la Grama encaja el 0-2, pero al poco pusieron el 1-2. A los tres minutos una segunda jugada de nuevo hicieron encajar a los nuestros el 1-3. Los de la Grama podr\u00edan haber puesto el 2 a 3 antes del descanso si el bal\u00f3n no hubiese impactado en el palo.<\/p>\n\n\n\n<p>Este hecho hizo que los de la Grama salieran enchufados despu\u00e9s del descanso, pero un fallo defensivo les perjudic\u00f3.<\/p>\n\n\n\n<p>A partir de ese momento todos los goles fueron m\u00e1s por errores propios que no por acierto del contrario.<\/p>\n\n\n\n<p>Ahora toca seguir trabajando y luchar por los objetivos.<\/p>\n\n\n\n<!--nextpage-->\n\n\n\n<p>Alev\u00ed \u00abC\u00bb 0 &#8211; St. Gabriel 7.<\/p>\n\n\n\n<p>Els de l&#8217;Alev\u00ed \u00abC\u00bb van jugar aquesta setmana contra el segon classificat. Van ser els contraris els qui es van avan\u00e7ar molt&nbsp;r\u00e0pidament&nbsp;en una pilota a l&#8217;esquena en el minut tres. A partir d&#8217;aqu\u00ed l&#8217;equip es va reposar b\u00e9, manant una pilota a l&#8217;esquadra. Dues accions de c\u00f3rner que el porter contrari es mostrava molt encertat per a atallar. En el minut 11&#8242;&nbsp;de joc, sorprenien els nostres amb una altra pilota llarga a l&#8217;esquena, per a llaura acabar la primera part amb una acci\u00f3 final per a retallar el 3 a 0. Per\u00f2 el porter visitant tornava a respondre magn\u00edficament.<\/p>\n\n\n\n<p>Despr\u00e9s de la represa del partit els nostres tornaven a encaixar molt&nbsp;de pressa. Faltant una mica de fortuna per a escur\u00e7ar en diverses ocasions que no van tenir la fortuna de manar a la xarxa. Mentre que el rival executava amb encert cada contra.<\/p>\n\n\n\n<hr class=\"wp-block-separator is-style-dots\"\/>\n\n\n\n<p><\/p>\n\n\n\n<p>Alev\u00edn \u201cC\u201d 0 &#8211; St. Gabriel 7.&nbsp;<\/p>\n\n\n\n<p>Los del Alev\u00edn \u201cC\u201d jugaron esta semana contra el segundo clasificado. Fueron los contrarios quienes se adelantaron muy r\u00e1pido en un bal\u00f3n a la espalda en el minuto tres. A partir de ah\u00ed el equipo se repuso bien, mandando un bal\u00f3n a la escuadra. Dos acciones de c\u00f3rner que el portero contrario se mostraba muy acertado para atajar. En el minuto 11\u2019 de juego, sorprend\u00edan a los nuestros con otro bal\u00f3n largo a la espalda, para ara acabar la primera parte con una acci\u00f3n final para recortar el 3 a 0. Pero el portero visitante volv\u00eda a responder magn\u00edficamente.&nbsp;<\/p>\n\n\n\n<p>Tras la reanudaci\u00f3n del partido los nuestros volv\u00edan a encajar muy r\u00e1pido. Faltando un poco de fortuna para acortar en varias ocasiones que no tuvieron la fortuna de mandar a la red. Mientras que el rival ejecutaba con acierto cada contra.<br><\/p>\n\n\n\n<!--nextpage-->\n\n\n\n<p>Surt-li Bonanova 10 &#8211; Alev\u00ed \u201cE\u201d 0<\/p>\n\n\n\n<p>Els de l&#8217;Alev\u00ed \u201cE\u201d van jugar el seu partit setmanal en la Salle Bonanova davant un rival de segon any i contra el que els primers dues habitacions de joc els nostres van defensar \u201ca mort\u201d a m\u00e9s d&#8217;atacar junts, tots a l&#8217;una.<br>Es d\u00f3na el descans i en tornar despr\u00e9s de la mitja part, davant diversos errors dels nostres van comen\u00e7ar a arribar els gols en contra. El resultat no marca el joc, l&#8217;esfor\u00e7 i el sacrifici dels nostres. For\u00e7a&nbsp;Grama!!<\/p>\n\n\n\n<p><\/p>\n\n\n\n<hr class=\"wp-block-separator is-style-dots\"\/>\n\n\n\n<p><\/p>\n\n\n\n<p>Salle&nbsp;Bonanova&nbsp;10 &#8211; Alev\u00edn \u201cE\u201d 0<\/p>\n\n\n\n<p>Los del Alev\u00edn \u201cE\u201d jugaron su partido semanal en la Salle&nbsp;Bonanova&nbsp;ante un rival de segundo a\u00f1o y contra el que los primeros dos cuartos de juego los nuestros defendieron&nbsp;\u201ca muerte\u201d a m\u00e1s de atacar juntos, todos a una.<br>Se da el descanso y al volver tras la media parte, ante varios errores de los nuestros empezaron a llegar los goles en contra. El resultado no marca el juego, el esfuerzo y el sacrificio de los nuestros. \u00a1\u00a1Fuerza Grama!!<\/p>\n\n\n\n<!--nextpage-->\n\n\n\n<p>Alev\u00ed \u00abF\u00bb 5 &#8211; Pont Marina 3<\/p>\n\n\n\n<p>Els de l&#8217;Alev\u00ed \u00abF\u00bb van jugar aquest dissabte un partit molt treballat malgrat enfrontar-se a un rival de baix en la taula. Els contraris venien en una bona din\u00e0mica que es va notar en el camp. Els de la Grama van estar una bona part del partit&nbsp;empatats&nbsp;a dos; per\u00f2 al final els blavencs el van saber solucionar quallant un bon partit&nbsp;col\u00b7lectivament: molta passada i bones jugades. Aquesta \u00e9s la l\u00ednia a seguir.<br>L&#8217;entrenador diu: Tamb\u00e9 dir que el resultat podia haver estat bastant m\u00e9s ampli, ja que ens han anul\u00b7lat 5-6 gols en fora de joc i hem donat 3-4 travessers, malgrat aix\u00f2 content per la vict\u00f2ria i el treball.<\/p>\n\n\n\n<p><\/p>\n\n\n\n<hr class=\"wp-block-separator is-style-dots\"\/>\n\n\n\n<p><\/p>\n\n\n\n<p>Alev\u00edn \u201cF\u201d 5 &#8211; Pont Marina 3<\/p>\n\n\n\n<p>Los del Alev\u00edn \u201cF\u201d jugaron este s\u00e1bado un partido muy trabajado a pesar de enfrentarse a un rival de abajo en la tabla. Los contrarios ven\u00edan en una buena din\u00e1mica que se not\u00f3 en el campo. Los de la Grama fueron buena parte del partido&nbsp; empatados a dos; pero al final los azulones lo supieron solventar cuajando un buen partido a nivel colectivo: mucho pase y buenas jugadas. Esta es la l\u00ednea a seguir.&nbsp;<\/p>\n\n\n\n<p>El entrenador dice: Tambi\u00e9n decir que el resultado pod\u00eda haber sido bastante m\u00e1s amplio, ya que nos han anulado 5-6 goles en fuera de juego y hemos dado 3-4 largueros, pese a ello contento por la victoria y el trabajo.<br><\/p>\n\n\n\n<!--nextpage-->\n\n\n\n<p>Alev\u00ed \u201cG\u201d 14 &#8211; 0 Matar\u00f3<\/p>\n\n\n\n<p>Nostres petits de l&#8217;Alev\u00ed \u201cC\u201d van jugar el seu partit el dissabte. Un partit dominat des del principi amb gols molt primerencs. El rival no va poder donar la volta al marcador i no va generar moltes ocasions. L&#8217;entrenador es mostra molt content amb el treball dels nois que se superen dia a dia.<\/p>\n\n\n\n<p><\/p>\n\n\n\n<hr class=\"wp-block-separator is-style-dots\"\/>\n\n\n\n<p><\/p>\n\n\n\n<p>Alev\u00edn \u201cG\u201d 14 &#8211; 0 Matar\u00f3&nbsp;<\/p>\n\n\n\n<p>Nuestros peque\u00f1os del Alev\u00edn \u201cC\u201d jugaron su partido el s\u00e1bado. Un partido dominado desde el principio con goles muy tempranos. El rival no pudo dar la vuelta al marcador y no gener\u00f3 muchas ocasiones. El entrenador se muestra muy contento con el trabajo de los chicos que se superan d\u00eda a d\u00eda.<br><\/p>\n","protected":false},"excerpt":{"rendered":"<p>Hospitalet 2 &#8211; Alev\u00ed \u00abA\u00bb 3 Els de l&#8217;Alev\u00ed \u00abA\u00bb jugaven un partit complicat en un camp dif\u00edcil on la Grama es va avan\u00e7ar en les primeres jugades amb un gol\u00e0s d&#8217;Omar, arribant aix\u00ed al descans amb 0 a 1. Van comen\u00e7ar molt forts els contraris i van poder donar la volta al marcador (2-1). [&hellip;]<\/p>\n","protected":false},"author":1,"featured_media":27684,"comment_status":"closed","ping_status":"closed","sticky":false,"template":"","format":"standard","meta":{"footnotes":""},"categories":[10,4],"tags":[],"class_list":["post-28045","post","type-post","status-publish","format-standard","has-post-thumbnail","hentry","category-alevins","category-base-inclusiu"],"_links":{"self":[{"href":"http:\/\/fegrama.cat\/web\/wp-json\/wp\/v2\/posts\/28045","targetHints":{"allow":["GET"]}}],"collection":[{"href":"http:\/\/fegrama.cat\/web\/wp-json\/wp\/v2\/posts"}],"about":[{"href":"http:\/\/fegrama.cat\/web\/wp-json\/wp\/v2\/types\/post"}],"author":[{"embeddable":true,"href":"http:\/\/fegrama.cat\/web\/wp-json\/wp\/v2\/users\/1"}],"replies":[{"embeddable":true,"href":"http:\/\/fegrama.cat\/web\/wp-json\/wp\/v2\/comments?post=28045"}],"version-history":[{"count":5,"href":"http:\/\/fegrama.cat\/web\/wp-json\/wp\/v2\/posts\/28045\/revisions"}],"predecessor-version":[{"id":28083,"href":"http:\/\/fegrama.cat\/web\/wp-json\/wp\/v2\/posts\/28045\/revisions\/28083"}],"wp:featuredmedia":[{"embeddable":true,"href":"http:\/\/fegrama.cat\/web\/wp-json\/wp\/v2\/media\/27684"}],"wp:attachment":[{"href":"http:\/\/fegrama.cat\/web\/wp-json\/wp\/v2\/media?parent=28045"}],"wp:term":[{"taxonomy":"category","embeddable":true,"href":"http:\/\/fegrama.cat\/web\/wp-json\/wp\/v2\/categories?post=28045"},{"taxonomy":"post_tag","embeddable":true,"href":"http:\/\/fegrama.cat\/web\/wp-json\/wp\/v2\/tags?post=28045"}],"curies":[{"name":"wp","href":"https:\/\/api.w.org\/{rel}","templated":true}]}}