{"id":28002,"date":"2020-02-17T21:21:55","date_gmt":"2020-02-17T20:21:55","guid":{"rendered":"http:\/\/fegrama.cat\/web\/?p=28002"},"modified":"2020-02-17T21:24:07","modified_gmt":"2020-02-17T20:24:07","slug":"irreductibles","status":"publish","type":"post","link":"http:\/\/fegrama.cat\/web\/irreductibles\/","title":{"rendered":"Irreductibles"},"content":{"rendered":"\n<p class=\"has-medium-font-size\"><strong>\u00c8pica vict\u00f2ria del Juvenil A al Camp del Centenari de Matar\u00f3 en un partit on l\u2019entrega m\u00e0xima dels nostres jugadors va portar els tres punts a Santa Coloma.<\/strong><\/p>\n\n\n\n<figure class=\"wp-block-image size-large is-resized\"><img loading=\"lazy\" decoding=\"async\" src=\"http:\/\/fegrama.cat\/web\/wp-content\/uploads\/2020\/02\/image0-1024x768.jpeg\" alt=\"\" class=\"wp-image-28003\" width=\"782\" height=\"587\" srcset=\"http:\/\/fegrama.cat\/web\/wp-content\/uploads\/2020\/02\/image0-1024x768.jpeg 1024w, http:\/\/fegrama.cat\/web\/wp-content\/uploads\/2020\/02\/image0-300x225.jpeg 300w, http:\/\/fegrama.cat\/web\/wp-content\/uploads\/2020\/02\/image0-768x576.jpeg 768w, http:\/\/fegrama.cat\/web\/wp-content\/uploads\/2020\/02\/image0-1536x1152.jpeg 1536w, http:\/\/fegrama.cat\/web\/wp-content\/uploads\/2020\/02\/image0.jpeg 1600w\" sizes=\"auto, (max-width: 782px) 100vw, 782px\" \/><figcaption>La plantilla del Juvenil A al camp del Centenari de Matar\u00f3<\/figcaption><\/figure>\n\n\n\n<p>Molt de ritme\nen l\u2019inici de partit i m\u00e0xima igualtat entre ambd\u00f3s equips mostrant la dif\u00edcil\nsituaci\u00f3 que pateixen a la classificaci\u00f3. Per\u00f2 va haver-hi un fet puntual que\nva fer canviar la din\u00e0mica del matx.<\/p>\n\n\n\n<p>Als 17 minuts,\nen una mala caiguda despr\u00e9s d\u2019una sortida, Roger Estrada, el porter del Juvenil\nA, va caure a terra lesionat i va haver d\u2019abandonar el terreny de joc en\nambul\u00e0ncia.<\/p>\n\n\n\n<p>Impactats pel\nque havia succe\u00eft, l\u2019equip colomenc ho va notar i el seu joc es va descentrar\nuna mica fent que el Matar\u00f3 es sent\u00eds m\u00e9s c\u00f2mode sobre el terreny de joc i\nanotant l\u20191-0, als 24 minuts, en el primer apropament a porteria.<\/p>\n\n\n\n<p>Sense reacci\u00f3 colomenca\ni amb l\u2019equip encara descentrat, el Matar\u00f3 va anotar el segon als 41 minuts.\nAmb resultat de 2-0 el col\u00b7legiat va assenyalar el cam\u00ed de vestidors.<\/p>\n\n\n\n<p>La feina del\ncos t\u00e8cnic al descans va ser la de tornar a centrar l\u2019equip i canviar el\nsistema de joc per tal de proposar un joc m\u00e9s ofensiu i ambici\u00f3s. I va funcionar!!!\nDes del primer minut de la segona meitat els nois de Dani Rosa van tancar al\nMatar\u00f3 al seu camp, trepitjaven \u00e0rea en cada jugada i els locals nom\u00e9s podien\ndefensar-se i buscar contraatacs que no podien finalitzar. &nbsp;<\/p>\n\n\n\n<p>Si hi ha una\nsenya d\u2019identitat del nostre equip \u00e9s que aqu\u00ed no es rendeix ning\u00fa i els\njugadors de la Grama van seguir assetjant la porteria Sergi Casas fins que va\narribar la recompensa.<\/p>\n\n\n\n<p>Una bona\njugada per banda acabava amb la pilota a dins de l\u2019\u00e0rea en possessi\u00f3 d\u2019\u00c0lex\nMontalb\u00e1n que magistralment va rematar a la mitja volta i va anotar el 2-1 als\n83 minuts de joc.<\/p>\n\n\n\n<p>Quedava temps\nper reaccionar i donar-li la volta al marcador i la fe d\u2019aquest gran equip els\nhi donava ales mentre el Matar\u00f3 intentava aguantar tancat al seu \u00e0rea. <\/p>\n\n\n\n<p>Amb aquest\ngui\u00f3 l\u2019empat va arribar al minut 87 en una jugada d\u2019Oliver que va ser el m\u00e9s\nllest de la classe. 2-2 i la Grama era un aut\u00e8ntic cicl\u00f3 sobre el maresme.<\/p>\n\n\n\n<p>En aquest\nmoment els locals van intentar reaccionar sortint del seu terreny de joc i\nintentant intimidar als colomencs abandonant la seva zona de seguretat, per\u00f2\nabans de qualsevol reacci\u00f3 mataronina, una excel\u00b7lent passada entre l\u00ednies, a l\u2019esquena\ndels centrals, la va ca\u00e7ar el Killer Montalb\u00e1n. El davanter de la Grama va\ndefinir com pocs saben fer-ho, picant la piloteta per sobre del porter, anotant\nel 2-3 als 88 minuts.<\/p>\n\n\n\n<p>M\u00e0xima euf\u00f2ria\npels nois de Dani Rosa que van saber aguantar els minuts d\u2019afegit les embranzides\nag\u00f2niques del Matar\u00f3 i enduent-se una merescuda vict\u00f2ria important\u00edssima en la\nlluita per la perman\u00e8ncia. <\/p>\n\n\n\n<p>Tres de tres des del canvi de t\u00e8cnic a la banqueta del Juvenil A i clara mostra de millora en tots els sentits que ens fan ser optimistes de cara al que resta de campionat. Enhorabona nois.<\/p>\n\n\n\n<p><a href=\"http:\/\/fcf.cat\/acta\/1920\/futbol-11\/lliga-nacional-juvenil\/grup-7\/nj\/escola-futbol-mataro-ce-a\/nj\/fundacio-esportiva-grama-a\">CLIQUEU PER VEURE L&#8217;ACTA DEL PARTIT<\/a><\/p>\n\n\n\n<p><a href=\"http:\/\/fcf.cat\/classificacio\/1920\/futbol-11\/lliga-nacional-juvenil\/grup-7\">CLIQUEU PER VEURE LA CLASSIFICACI\u00d3 DE LNJ7<\/a><\/p>\n\n\n\n<div class=\"wp-block-group\"><div class=\"wp-block-group__inner-container is-layout-flow wp-block-group-is-layout-flow\">\n<blockquote class=\"wp-block-quote has-text-align-left is-style-large is-layout-flow wp-block-quote-is-layout-flow\"><p>VICT\u00d2RIA DEDICADA<\/p><p>La plantilla del Juvenil A vol dedicar expressament aquesta gran vict\u00f2ria al seu company, Roger Estrada, lesionat al partit de Matar\u00f3. <\/p><p>Des de l\u2019Entitat aprofitem per desitjar-li al jove porter una bona recuperaci\u00f3 i posem a la seva disposici\u00f3 totes les eines m\u00e8diques i de fisioter\u00e0pia que tenim per \u00a0ajudar en tot el que sigui necessari. Molta for\u00e7a Roger, t\u2019estimem.<\/p><\/blockquote>\n<\/div><\/div>\n\n\n\n<p>______________________________________________________________<\/p>\n\n\n\n<p class=\"has-medium-font-size\"><strong>\u00c9pica victoria del Juvenil A en el Camp del Centenari de Matar\u00f3 en un partido donde la entrega m\u00e1xima de los nuestros jugadores trajo los tres puntos para Santa Coloma.<\/strong><\/p>\n\n\n\n<p>Mucho ritmo en el inicio de partido y m\u00e1xima igualdad entre ambos equipos mostrando la dif\u00edcil situaci\u00f3n que padecen en la clasificaci\u00f3n. Pero hubo un hecho puntual que hizo cambiar la din\u00e1mica del encuentro.<br>A los 17 minutos, en una mala ca\u00edda tras una salida, Roger Estrada, el portero del Juvenil A, cay\u00f3 al suelo lesionado y tuvo que abandonar el terreno de juego en ambulancia.<\/p>\n\n\n\n<p>Impactados por lo que hab\u00eda sucedido, el equipo colomense lo not\u00f3 y su juego se descentr\u00f3 un poco haciendo que el Matar\u00f3 se sintiera m\u00e1s c\u00f3modo sobre el terreno de juego y anotando el 1-0, a los 24 minutos, en el primer acercamiento a porter\u00eda.<br> Sin reacci\u00f3n colomense y con el equipo todav\u00eda descentrado, el Matar\u00f3 anot\u00f3 el segundo a los 41 minutos. Con resultado de 2-0 el colegiado se\u00f1al\u00f3 el camino de vestuarios.<\/p>\n\n\n\n<p>El trabajo del cuerpo t\u00e9cnico en el descanso fue la de volver a centrar el equipo y cambiar el sistema de juego con el fin de proponer un juego m\u00e1s ofensivo y ambicioso. Y funcion\u00f3 !!! Desde el primer minuto de la segunda mitad los chicos de Dani Rosa encerraron en Matar\u00f3 en su campo, pisaban \u00e1rea en cada jugada y los locales s\u00f3lo pod\u00edan defenderse y buscar contragolpes que no pod\u00edan finalizar.<\/p>\n\n\n\n<p>A\u00fan as\u00ed, si hay una se\u00f1a de identidad de nuestro equipo es que aqu\u00ed no se rinde nadie y los jugadores de la Grama siguieron acosando la porter\u00eda Sergi Casas hasta que lleg\u00f3 la recompensa.<br> Una buena jugada por banda acababa con el bal\u00f3n dentro del \u00e1rea en posesi\u00f3n de Alex Montalb\u00e1n que magistralmente remat\u00f3 a la media vuelta y anot\u00f3 el 2-1 a los 83 minutos de juego.<\/p>\n\n\n\n<p>Quedaba tiempo para reaccionar y darle la vuelta al marcador y la fe de este gran equipo les daba alas mientras el Matar\u00f3 intentaba aguantar encerrado en su \u00e1rea.<\/p>\n\n\n\n<p>Con este gui\u00f3n el empate lleg\u00f3 en el minuto 87 en una jugada de Oliver que fue el m\u00e1s listo de la clase. 2-2 y la Grama era un aut\u00e9ntico cicl\u00f3n sobre el maresme.<\/p>\n\n\n\n<p>En ese momento los locales intentaron reaccionar saliendo de su terreno de juego e intentando intimidar a los colomenses abandonando su zona de seguridad, pero antes de cualquier reacci\u00f3n mataronina, un excelente pase entre l\u00edneas, a la espalda de los centrales, la cazar el Killer Montalb\u00e1n. <\/p>\n\n\n\n<p>El delantero de la Grama defini\u00f3 como pocos saben hacerlo, picando la pelotita por encima del portero, anotando el 2-3 a los 88 minutos.<br>M\u00e1xima euforia para los chicos de Dani Rosa que supieron aguantar en los minutos de a\u00f1adido las envestidas ag\u00f3nicas del Matar\u00f3 y llev\u00e1ndose una merecida victoria important\u00edsima en la lucha por la permanencia.<br> <\/p>\n\n\n\n<p>Tres de tres desde el cambio de t\u00e9cnico en el banquillo del Juvenil A y clara muestra de mejora en todos los sentidos que nos hacen ser optimistas de cara a lo que resta de campeonato. Enhorabuena chicos.<\/p>\n\n\n\n<p><a href=\"http:\/\/fcf.cat\/acta\/1920\/futbol-11\/lliga-nacional-juvenil\/grup-7\/nj\/escola-futbol-mataro-ce-a\/nj\/fundacio-esportiva-grama-a\">CLICAD PARA VER EL ACTA DEL PARTIDO<\/a><\/p>\n\n\n\n<p><a href=\"http:\/\/fcf.cat\/classificacio\/1920\/futbol-11\/lliga-nacional-juvenil\/grup-7\">CLICAD PARA VER LA CLASIFICACI\u00d3N DE LNJ7<\/a><\/p>\n","protected":false},"excerpt":{"rendered":"<p>\u00c8pica vict\u00f2ria del Juvenil A al Camp del Centenari de Matar\u00f3 en un partit on l\u2019entrega m\u00e0xima dels nostres jugadors va portar els tres punts a Santa Coloma. Molt de ritme en l\u2019inici de partit i m\u00e0xima igualtat entre ambd\u00f3s equips mostrant la dif\u00edcil situaci\u00f3 que pateixen a la classificaci\u00f3. Per\u00f2 va haver-hi un fet [&hellip;]<\/p>\n","protected":false},"author":1,"featured_media":28003,"comment_status":"closed","ping_status":"closed","sticky":false,"template":"","format":"standard","meta":{"footnotes":""},"categories":[4,6],"tags":[],"class_list":["post-28002","post","type-post","status-publish","format-standard","has-post-thumbnail","hentry","category-base-inclusiu","category-juvenils"],"_links":{"self":[{"href":"http:\/\/fegrama.cat\/web\/wp-json\/wp\/v2\/posts\/28002","targetHints":{"allow":["GET"]}}],"collection":[{"href":"http:\/\/fegrama.cat\/web\/wp-json\/wp\/v2\/posts"}],"about":[{"href":"http:\/\/fegrama.cat\/web\/wp-json\/wp\/v2\/types\/post"}],"author":[{"embeddable":true,"href":"http:\/\/fegrama.cat\/web\/wp-json\/wp\/v2\/users\/1"}],"replies":[{"embeddable":true,"href":"http:\/\/fegrama.cat\/web\/wp-json\/wp\/v2\/comments?post=28002"}],"version-history":[{"count":2,"href":"http:\/\/fegrama.cat\/web\/wp-json\/wp\/v2\/posts\/28002\/revisions"}],"predecessor-version":[{"id":28006,"href":"http:\/\/fegrama.cat\/web\/wp-json\/wp\/v2\/posts\/28002\/revisions\/28006"}],"wp:featuredmedia":[{"embeddable":true,"href":"http:\/\/fegrama.cat\/web\/wp-json\/wp\/v2\/media\/28003"}],"wp:attachment":[{"href":"http:\/\/fegrama.cat\/web\/wp-json\/wp\/v2\/media?parent=28002"}],"wp:term":[{"taxonomy":"category","embeddable":true,"href":"http:\/\/fegrama.cat\/web\/wp-json\/wp\/v2\/categories?post=28002"},{"taxonomy":"post_tag","embeddable":true,"href":"http:\/\/fegrama.cat\/web\/wp-json\/wp\/v2\/tags?post=28002"}],"curies":[{"name":"wp","href":"https:\/\/api.w.org\/{rel}","templated":true}]}}