{"id":27995,"date":"2020-02-17T21:45:50","date_gmt":"2020-02-17T20:45:50","guid":{"rendered":"http:\/\/fegrama.cat\/web\/?p=27995"},"modified":"2020-02-17T22:02:00","modified_gmt":"2020-02-17T21:02:00","slug":"cadets-on-el-c-perdona-i-regala-2-punts-i-amb-la-victoria-de-l-e","status":"publish","type":"post","link":"http:\/\/fegrama.cat\/web\/cadets-on-el-c-perdona-i-regala-2-punts-i-amb-la-victoria-de-l-e\/","title":{"rendered":"Cadets on el \u00abC\u00bb perdona i regala 2 punts, i amb la vict\u00f2ria de l&#8217; \u00abE\u00bb."},"content":{"rendered":"\n<figure class=\"wp-block-image size-large\"><img loading=\"lazy\" decoding=\"async\" width=\"1024\" height=\"768\" src=\"http:\/\/fegrama.cat\/web\/wp-content\/uploads\/2020\/02\/Foto-del-CA-con-dedicatoria-al-lesionado-David-Lozano.jpeg\" alt=\"\" class=\"wp-image-28007\" srcset=\"http:\/\/fegrama.cat\/web\/wp-content\/uploads\/2020\/02\/Foto-del-CA-con-dedicatoria-al-lesionado-David-Lozano.jpeg 1024w, http:\/\/fegrama.cat\/web\/wp-content\/uploads\/2020\/02\/Foto-del-CA-con-dedicatoria-al-lesionado-David-Lozano-300x225.jpeg 300w, http:\/\/fegrama.cat\/web\/wp-content\/uploads\/2020\/02\/Foto-del-CA-con-dedicatoria-al-lesionado-David-Lozano-768x576.jpeg 768w\" sizes=\"auto, (max-width: 1024px) 100vw, 1024px\" \/><figcaption>Fotografia del Cadet \u00abA\u00bb amb dedicatoria al lesionat David Lozano.<\/figcaption><\/figure>\n\n\n\n<p>Cadet \u00abA\u00bb 1 &#8211; Fundaci\u00f3 Cornell\u00e0 4<\/p>\n\n\n\n<p>Una Fundaci\u00f3 Cornell\u00e0 amb un elevat percentatge d&#8217;efectivitat de cara a gol, posa fi a una ratxa de 8 vict\u00f2ries consecutives del nostre Cadet \u00abA\u00bb.<br>Massa c\u00e0stig per als de Santa Coloma, que durant gran part del partit van tenir al Cornell\u00e0 acorralat en la seva \u00e0rea.<br>El partit iniciava amb els de Santa Coloma bolcats en l&#8217;\u00e0rea de Cornell\u00e0, eren nombroses les aproximacions dels locals que erraven ocasions clares, transcorregut el minut 15, clares mans del defensor visitant dins de l&#8217;\u00e0rea que el col\u00b7legiat molt pr\u00f2xim a l&#8217;acci\u00f3&#8230; Decideix mirar per a un altre costat. Minuts despr\u00e9s un error clamor\u00f3s de la defensa blavenca, concedia el 0-1.<br>Es reposaven aviat els de&nbsp;Manu&nbsp;Pel\u00e1ez&nbsp;i poc despr\u00e9s Albert en una bonica acci\u00f3 cap a l&#8217;empat. Seguia l&#8217;assidu contra la porteria visitant per\u00f2 sense \u00e8xit. Amb 1-1 s&#8217;arribava al descans.<br>En la represa, la grama va sortir a la recerca del partit, continuava aproximant-se a l&#8217;\u00e0rea de Cornell\u00e0, per\u00f2 de nou un error defensiu, permetia que els verds posessin l&#8217;1-2. A partir d&#8217;aqu\u00ed, desconcert dels de Santa Coloma, que m\u00e9s amb el cor que amb el cap van intentar que no s&#8217;escapessin els 3 punts. La Fundaci\u00f3 es va bolcar a l&#8217;atac a la recerca de l&#8217;empat i aix\u00f2 va generar molts espais en defensa, espais que un Cornella molt efectiu va aprofitar per a augmentar el seu avantatge a 1-4 i emportar-se els 3 punts.<br>Manu&nbsp;Pel\u00e1ez: estic orgull\u00f3s dels meus jugadors, aquest partit no pot desmer\u00e8ixer les 8 vict\u00f2ries consecutives que port\u00e0vem, ens reposarem des de ja. Hem de gaudir del cam\u00ed i del recorregut entreno rere entreno, evadir-nos dels arbitratges, de l&#8217;entorn i de tot el que no sigui la pilota, el verd i nosaltres!<br>No caurem en l&#8217;error de descentrar-nos de gaudir dia a dia i continuar aprenent. No valen les excuses, no ens van els plors!<\/p>\n\n\n\n<p><\/p>\n\n\n\n<hr class=\"wp-block-separator is-style-dots\"\/>\n\n\n\n<p><\/p>\n\n\n\n<p>Cadete \u201cA\u201d 1 &#8211; Fundaci\u00f3n Cornell\u00e1 4<\/p>\n\n\n\n<p>Una&nbsp;Fundaci\u00f3n&nbsp;Cornell\u00e1 con un elevado porcentaje de efectividad de cara a gol, pone fin a una racha de 8 victorias consecutivas de nuestro Cadete \u201cA\u201d.<br>Demasiado castigo para los de Santa Coloma, que durante gran parte del partido tuvieron al Cornell\u00e1 acorralado en su \u00e1rea.<br>El partido iniciaba con los de Santa Coloma volcados en el \u00e1rea de&nbsp;Cornell\u00e1, eran numerosas las aproximaciones de los locales que erraban ocasiones claras, transcurrido el minuto 15, claras manos del defensor visitante dentro del \u00e1rea que el colegiado muy pr\u00f3ximo a la acci\u00f3n&#8230;&nbsp;Decide&nbsp;mirar para otro lado. Minutos despu\u00e9s un error clamoroso de la defensa azulona, conced\u00eda el 0-1.<br>Se repon\u00edan pronto los de Manu Pel\u00e1ez y poco despu\u00e9s Albert en una bonita acci\u00f3n hacia el empate. Segu\u00eda el asiduo contra la porter\u00eda visitante pero sin \u00e9xito. Con 1-1 se llegaba al descanso.<br>En la reanudaci\u00f3n,&nbsp;la grama sali\u00f3 en busca del partido,&nbsp;segu\u00eda aproxim\u00e1ndose&nbsp;al&nbsp;\u00e1rea de Cornell\u00e1, pero de nuevo un error defensivo, permit\u00eda que los verdes pusieran el 1-2. A partir de aqu\u00ed, desconcierto de los de Santa Coloma, que m\u00e1s con el coraz\u00f3n que con la cabeza intentaron que no se escaparan los 3 puntos. La Fundaci\u00f3n se volc\u00f3 al ataque en busca del empate y esto gener\u00f3 muchos espacios en defensa, espacios que un&nbsp;Cornella&nbsp;muy efectivo aprovech\u00f3 para aumentar su ventaja a 1-4 y llevarse los 3 puntos.<br>Manu Pel\u00e1ez: estoy orgulloso de mis jugadores, este partido no puede desmerecer las 8 victorias consecutivas que llev\u00e1bamos, nos repondremos desde ya.&nbsp;\u00a1Debemos&nbsp;disfrutar del camino y del recorrido entreno&nbsp;tras entreno, evadirnos de los arbitrajes, del entorno y de todo lo que no sea el bal\u00f3n, el verde y nosotros!<br>No vamos a caer en el error de descentrarnos de disfrutar d\u00eda a d\u00eda y seguir aprendiendo.&nbsp;\u00a1No&nbsp;valen las excusas, no nos van los lloriqueos!<\/p>\n\n\n\n<!--nextpage-->\n\n\n\n<p>Cadet \u00abC\u00bb 3 &#8211;&nbsp;Young&nbsp;Talent 3<\/p>\n\n\n\n<p>El Cadet \u00abC\u00bb perdona i regala 2 punts.<br>Bona primera part dels de&nbsp;Brian&nbsp;Espinola&nbsp;en la primera vegada que s&#8217;asseia en la banqueta. La Grama va dominar amb una defensa de tres i molt bolcats a dalt. El&nbsp;Young&nbsp;Talent nom\u00e9s llan\u00e7ava pilotes sense crear oportunitats.&nbsp;Mario&nbsp;en el minut 30 amb una bona combinaci\u00f3 de&nbsp;Youseff&nbsp;marcava l&#8217;1-0. Els blavencs seguien i una estrat\u00e8gia rematava Guillem perqu\u00e8&nbsp;Youseff&nbsp;pos\u00e9s el 2-0 en el marcador abans del descans.<br>En la segona part va ser tot el contrari deu primers minuts que els de la Fundaci\u00f3 van sortir de gom a gom,&nbsp;Youseff&nbsp;va posar el 3-0 en el marcador, d&#8217;aqu\u00ed res es va poder fer. Es van acabar les piles els del Cadet \u00abC\u00bb que no aguantaven el ritme per l&#8217;estat f\u00edsic en el qual es troben. Ja no baixaven a defensar i s&#8217;anaven&nbsp;les marques, per aix\u00f2 en els \u00faltims 20&nbsp;minutos&nbsp;van empatar els contraris amb un 3-3.<br>Brian&nbsp;Espinola: Gran primera part on els nens van canviar el xip i van lliurar tot. Em preocupa el seu nivell f\u00edsic. Avui en la segona part no vam poder fer molt m\u00e9s. F\u00edsicament estaven destrossats. I a hores d&#8217;ara de la lliga preparar-los f\u00edsicament \u00e9s molt complicat. Per\u00f2 el divendres canviem les estrat\u00e8gies i si \u00e9s cert que 5 c\u00f3rners 1 acabo el gol i 4 dins de pals. Continuarem treballant i intentant-ho preparar, per\u00f2 si estem preocupats el cos t\u00e8cnic per l&#8217;estat f\u00edsic. En una setmana no podem canviar res per\u00f2 si \u00e9s cert que els nens han canviat aquesta actitud. I \u00e9s el m\u00e9s important amb la seva actitud, seguirem per la salvaci\u00f3.<\/p>\n\n\n\n<p><\/p>\n\n\n\n<hr class=\"wp-block-separator is-style-dots\"\/>\n\n\n\n<p><\/p>\n\n\n\n<p>Cadete \u201cC\u201d 3 &#8211;&nbsp;Young&nbsp;Talent&nbsp;3<\/p>\n\n\n\n<p>El Cadete \u201cC\u201d perdona y regala 2 puntos.<br>Buena primera parte de los de Brian&nbsp;Espinola&nbsp;en la primera vez que se sentaba en el banquillo. La Grama domin\u00f3 con una defensa de tres y muy volcados arriba. El&nbsp;Young&nbsp;Talent&nbsp;solo lanzaba balones sin crear oportunidades. Mario en el minuto 30 con una buena combinaci\u00f3n de&nbsp;Youseff&nbsp;marcaba el 1-0. Los azulones segu\u00edan y una estrategia remataba&nbsp;Guillem&nbsp;para que&nbsp;Youseff&nbsp;pusiera el 2-0 en el marcador antes del descanso.<br>El la segunda parte fue todo lo contrario diez primeros minutos que los de la Fundaci\u00f3n salieron a tope,&nbsp;Youseff&nbsp;puso el 3-0 en el marcador, de ah\u00ed nada se pudo hacer. Se acabaron las pilas los del Cadete \u201cC\u201d que no aguantaban el ritmo por el estado f\u00edsico en el que se encuentran. Ya no bajaban a defender y se iban las marcas, por eso en los \u00faltimos 20 minutos empataron los contrarios con un 3-3.<br>Brian&nbsp;Espinola: gran primera parte donde los ni\u00f1os cambiaron el chip y entregaron todo. Me preocupa su nivel f\u00edsico hoy en la segunda parte no pudimos hacer mucho m\u00e1s. F\u00edsicamente estaban destrozados. Y a estas alturas de la liga prepararlos f\u00edsicamente es muy complicado. Pero el viernes cambiamos las estrategias y si es cierto que 5&nbsp;c\u00f3rners&nbsp;1 acabo el gol y 4 dentro de palos. Seguiremos trabajando e intent\u00e1ndolo preparar, pero si estamos preocupados el cuerpo t\u00e9cnico por el estado f\u00edsico. En una semana no podemos cambiar nada pero si es cierto que&nbsp;los ni\u00f1os han cambiado esa actitud. Y es lo m\u00e1s importante con su actitud, seguiremos a por la salvaci\u00f3n.<\/p>\n\n\n\n<!--nextpage-->\n\n\n\n<p>Escola&nbsp;Pia&nbsp;Sarri\u00e0&nbsp;2 &#8211; Cadet \u00abD\u00bb 0<\/p>\n\n\n\n<p>Els del Cadet \u00abD\u00bb van jugar un partit que va estar molt equilibrat i molt disputat de segons contra tercers en la taula. Tots dos equips van tenir oportunitats de gol per\u00f2 qui les va materialitzar \u00e9s qui es va emportar el partit. En la segona part van ser els contraris els qui es van emportar l&#8217;1 a 0 i els nostres van intentar salvar-ho per\u00f2 ja no va ser possible. L&#8217;entrenador es mostra orgull\u00f3s pel seu equip que va estar a l&#8217;altura malgrat les nombroses baixes que van tenir per diferents motius.<\/p>\n\n\n\n<p><\/p>\n\n\n\n<hr class=\"wp-block-separator is-style-dots\"\/>\n\n\n\n<p><\/p>\n\n\n\n<p>Escola\u00a0Pia\u00a0Sarri\u00e0\u00a02 &#8211; Cadete \u00abD\u00bb 0<\/p>\n\n\n\n<p>Los del Cadete \u00abD\u00bb jugaron un partido que estuvo muy equilibrado y muy disputado de segundos contra terceros en la tabla. Ambos equipos tuvieron oportunidades de gol pero quien las materializ\u00f3 es quien se llev\u00f3 el partido. En la segunda parte fueron los contrarios quienes se\u00a0llevaron el 1 a 0 y los nuestros intentaron salvarlo pero ya no fue posible. El entrenador se muestra orgulloso por su equipo que dio la talla a pesar de las numerosas bajas que tuvieron por diferentes motivos.<\/p>\n\n\n\n<!--nextpage-->\n\n\n\n<p>Cadete \u201cE\u201d 3 &#8211; Guineueta 1<\/p>\n\n\n\n<p>Primer partido de la segunda vuelta. Los de la Grama tienen una primera parte bastante floja, pero se adelantan en el marcador r\u00e1pidamente en el minuto 3 con un gol de Bishop. Despu\u00e9s de 17 minutos, el rival empata 1-1 tras un fallo en las marcas. Los nuestros mantienen bal\u00f3n en campo contrario toda la primera parte, con jugadas claras pero que no se acababan de materializar. Se llega a la media parte con 1 a 1.&nbsp;<\/p>\n\n\n\n<p>Los de la FUndaci\u00f3n salen en la segunda parte con ganas de m\u00e1s, el partido pod\u00eda ser de cualquiera de los dos equipos, pero la Grama dominaba claramente y no dejaban pasar al rival. Tras cinco minutos, Christi\u00e1n marca el 2-1. Este gol da algo m\u00e1s de tranquilidad a los nuestros y que tocan con m\u00e1s calma. A\u00fan as\u00ed sab\u00edan que cualquier fallo podr\u00eda hacer pasarlo mal. En el minuto 51, el rival hace una falta la qual marca Niki, un golazo que hace separarse un poco m\u00e1s en el marcador a los de la Grama. El resto del partido consigueron tocar con m\u00e1s calma y crear jugadas muy buenas pero sin \u00e9xito, los \u00faltimos 5 minutos del partido el rival nos aprieta un poco m\u00e1s haciendo sufrir a los nuestros que finalmente consiguen la victoria con un 3-1.<\/p>\n\n\n\n<p>Dolors: primera parte bastante floja y con muchos aspectos a mejorar, pero en la segunda conseguimos darle otro ritmo, con mucho m\u00e1s movimiento de bal\u00f3n y jugadas en ataque muy buenas. \u00a1Gran partido!<br><\/p>\n","protected":false},"excerpt":{"rendered":"<p>Cadet \u00abA\u00bb 1 &#8211; Fundaci\u00f3 Cornell\u00e0 4 Una Fundaci\u00f3 Cornell\u00e0 amb un elevat percentatge d&#8217;efectivitat de cara a gol, posa fi a una ratxa de 8 vict\u00f2ries consecutives del nostre Cadet \u00abA\u00bb.Massa c\u00e0stig per als de Santa Coloma, que durant gran part del partit van tenir al Cornell\u00e0 acorralat en la seva \u00e0rea.El partit iniciava [&hellip;]<\/p>\n","protected":false},"author":1,"featured_media":28007,"comment_status":"closed","ping_status":"closed","sticky":false,"template":"","format":"standard","meta":{"footnotes":""},"categories":[4,7],"tags":[],"class_list":["post-27995","post","type-post","status-publish","format-standard","has-post-thumbnail","hentry","category-base-inclusiu","category-cadets"],"_links":{"self":[{"href":"http:\/\/fegrama.cat\/web\/wp-json\/wp\/v2\/posts\/27995","targetHints":{"allow":["GET"]}}],"collection":[{"href":"http:\/\/fegrama.cat\/web\/wp-json\/wp\/v2\/posts"}],"about":[{"href":"http:\/\/fegrama.cat\/web\/wp-json\/wp\/v2\/types\/post"}],"author":[{"embeddable":true,"href":"http:\/\/fegrama.cat\/web\/wp-json\/wp\/v2\/users\/1"}],"replies":[{"embeddable":true,"href":"http:\/\/fegrama.cat\/web\/wp-json\/wp\/v2\/comments?post=27995"}],"version-history":[{"count":8,"href":"http:\/\/fegrama.cat\/web\/wp-json\/wp\/v2\/posts\/27995\/revisions"}],"predecessor-version":[{"id":28013,"href":"http:\/\/fegrama.cat\/web\/wp-json\/wp\/v2\/posts\/27995\/revisions\/28013"}],"wp:featuredmedia":[{"embeddable":true,"href":"http:\/\/fegrama.cat\/web\/wp-json\/wp\/v2\/media\/28007"}],"wp:attachment":[{"href":"http:\/\/fegrama.cat\/web\/wp-json\/wp\/v2\/media?parent=27995"}],"wp:term":[{"taxonomy":"category","embeddable":true,"href":"http:\/\/fegrama.cat\/web\/wp-json\/wp\/v2\/categories?post=27995"},{"taxonomy":"post_tag","embeddable":true,"href":"http:\/\/fegrama.cat\/web\/wp-json\/wp\/v2\/tags?post=27995"}],"curies":[{"name":"wp","href":"https:\/\/api.w.org\/{rel}","templated":true}]}}