{"id":27987,"date":"2020-02-17T00:03:39","date_gmt":"2020-02-16T23:03:39","guid":{"rendered":"http:\/\/fegrama.cat\/web\/?p=27987"},"modified":"2020-02-17T00:03:41","modified_gmt":"2020-02-16T23:03:41","slug":"nova-victoria-pels-inclusius-de-la-grama","status":"publish","type":"post","link":"http:\/\/fegrama.cat\/web\/nova-victoria-pels-inclusius-de-la-grama\/","title":{"rendered":"Nova vict\u00f2ria pels Inclusius de la Grama."},"content":{"rendered":"\n<figure class=\"wp-block-image size-large\"><img loading=\"lazy\" decoding=\"async\" width=\"1024\" height=\"576\" src=\"http:\/\/fegrama.cat\/web\/wp-content\/uploads\/2020\/02\/WhatsApp-Image-2020-02-16-at-18.02.45-1024x576.jpeg\" alt=\"\" class=\"wp-image-27988\" srcset=\"http:\/\/fegrama.cat\/web\/wp-content\/uploads\/2020\/02\/WhatsApp-Image-2020-02-16-at-18.02.45-1024x576.jpeg 1024w, http:\/\/fegrama.cat\/web\/wp-content\/uploads\/2020\/02\/WhatsApp-Image-2020-02-16-at-18.02.45-300x169.jpeg 300w, http:\/\/fegrama.cat\/web\/wp-content\/uploads\/2020\/02\/WhatsApp-Image-2020-02-16-at-18.02.45-768x432.jpeg 768w, http:\/\/fegrama.cat\/web\/wp-content\/uploads\/2020\/02\/WhatsApp-Image-2020-02-16-at-18.02.45-1536x865.jpeg 1536w, http:\/\/fegrama.cat\/web\/wp-content\/uploads\/2020\/02\/WhatsApp-Image-2020-02-16-at-18.02.45.jpeg 1599w\" sizes=\"auto, (max-width: 1024px) 100vw, 1024px\" \/><figcaption>Dalt d&#8217;esquerra a dreta: Daniel Caba\u00f1as, Manuel Garrido, Sonia Gonz\u00e1lez, Jes\u00fas Luna, Jofre Ruiz, David Rodriguez i Miguel S\u00e1nchez.<br> Baix d&#8217;esquerra a dreta: Segio Molina, Jose Antonio Collada, Manuel Caparr\u00f3s, Mamadou i Israel G\u00f3mez.<\/figcaption><\/figure>\n\n\n\n<p>El nostre equip inclusiu va jugar aquest divendres dia 14 el seu corresponent partit de lliga contra\u00a0Osonament\u00a0amb una nova vict\u00f2ria (5 -0).<br>El partit va comen\u00e7ar favorablement cap als nostres\u00a0interessos, ja que\u00a0al primer minut ja ens hav\u00edem avan\u00e7at en el marcador.<br>Durant el transcurs de la primera part va haver-hi ocasions per a tots dos equips. Arribem al descans amb el marcador favorable de 3 gols a 0.<br>Durant els primers minuts de la segona part, el nostre entrenador va decidir donar una mica de descans als jugadors que estaven m\u00e9s fatigats pel lliurament que havien fet i del que ens jug\u00e0vem.<br>Una vegada d&#8217;haver-se reposat aquests jugadors, van tornar a entrar al terreny de joc.<br>D&#8217;aqu\u00ed al final no va haver-hi cap canvi m\u00e9s i el marcador es va veure reflectit en 2 gols m\u00e9s per als nostres interessos.<br>Els golejadors de la trobada van ser:\u00a0Alberto\u00a0Vela(4) i\u00a0Sergio(1).<br>Pr\u00f2xim partit de lliga:\u00a0Osonament-\u00a0F.E.Grama\u00a0el divendres 21 de febrer a les\u00a011h\u00a0en la poblaci\u00f3 de Vic.<\/p>\n\n\n\n<!--nextpage-->\n\n\n\n<figure class=\"wp-block-image size-large\"><img loading=\"lazy\" decoding=\"async\" width=\"1024\" height=\"576\" src=\"http:\/\/fegrama.cat\/web\/wp-content\/uploads\/2020\/02\/WhatsApp-Image-2020-02-16-at-18.02.45-1-1024x576.jpeg\" alt=\"\" class=\"wp-image-27989\" srcset=\"http:\/\/fegrama.cat\/web\/wp-content\/uploads\/2020\/02\/WhatsApp-Image-2020-02-16-at-18.02.45-1-1024x576.jpeg 1024w, http:\/\/fegrama.cat\/web\/wp-content\/uploads\/2020\/02\/WhatsApp-Image-2020-02-16-at-18.02.45-1-300x169.jpeg 300w, http:\/\/fegrama.cat\/web\/wp-content\/uploads\/2020\/02\/WhatsApp-Image-2020-02-16-at-18.02.45-1-768x432.jpeg 768w, http:\/\/fegrama.cat\/web\/wp-content\/uploads\/2020\/02\/WhatsApp-Image-2020-02-16-at-18.02.45-1-1536x865.jpeg 1536w, http:\/\/fegrama.cat\/web\/wp-content\/uploads\/2020\/02\/WhatsApp-Image-2020-02-16-at-18.02.45-1.jpeg 1599w\" sizes=\"auto, (max-width: 1024px) 100vw, 1024px\" \/><figcaption>Arriba de izquierda a derecha: Daniel Caba\u00f1as, Manuel Garrido, Sonia Gonz\u00e1lez, Jes\u00fas Luna, Jofre Ruiz, David Rodriguez y Miguel S\u00e1nchez.<br> Abajo de izquierda a derecha: Segio Molina, Jose Antonio Collada, Manuel Caparr\u00f3s, Mamadou y Israel G\u00f3mez.<\/figcaption><\/figure>\n\n\n\n<p>Nuestro equipo inclusivo jug\u00f3 este viernes d\u00eda 14 su correspondiente partido de liga contra\u00a0Osonament\u00a0con una nueva victoria (5 -0).<br>El partido empez\u00f3 favorablemente hacia nuestros intereses ya que al primer minuto ya nos hab\u00edamos avanzado en el marcador.<br>Durante el transcurso de la primera parte hubo ocasiones para ambos equipos. Lleguemos al descanso con el marcador favorable de 3 goles a 0.<br>Durante los primeros minutos de la segunda parte, nuestro entrenador decidi\u00f3 dar un poco de descanso a los jugadores que estaban m\u00e1s fatigados por la entrega que hab\u00edan hecho y de lo que nos jug\u00e1bamos.<br>Una vez de haberse repuesto dichos jugadores, volvieron a entrar al terreno de juego.<br>De aqu\u00ed al final no hubo ning\u00fan cambio m\u00e1s y el marcador se vio reflejado en 2 goles m\u00e1s para nuestros intereses.<br>Los goleadores del encuentro fueron: Alberto Vela(4) y Sergio(1).<br>Pr\u00f3ximo partido de liga:\u00a0Osonament- F.E.Grama el viernes 21 de febrero a las 11h en la poblaci\u00f3n de\u00a0Vic.<\/p>\n","protected":false},"excerpt":{"rendered":"<p>El nostre equip inclusiu va jugar aquest divendres dia 14 el seu corresponent partit de lliga contra\u00a0Osonament\u00a0amb una nova vict\u00f2ria (5 -0).El partit va comen\u00e7ar favorablement cap als nostres\u00a0interessos, ja que\u00a0al primer minut ja ens hav\u00edem avan\u00e7at en el marcador.Durant el transcurs de la primera part va haver-hi ocasions per a tots dos equips. Arribem [&hellip;]<\/p>\n","protected":false},"author":1,"featured_media":27988,"comment_status":"closed","ping_status":"closed","sticky":false,"template":"","format":"standard","meta":{"footnotes":""},"categories":[4,1256],"tags":[],"class_list":["post-27987","post","type-post","status-publish","format-standard","has-post-thumbnail","hentry","category-base-inclusiu","category-inclusiu"],"_links":{"self":[{"href":"http:\/\/fegrama.cat\/web\/wp-json\/wp\/v2\/posts\/27987","targetHints":{"allow":["GET"]}}],"collection":[{"href":"http:\/\/fegrama.cat\/web\/wp-json\/wp\/v2\/posts"}],"about":[{"href":"http:\/\/fegrama.cat\/web\/wp-json\/wp\/v2\/types\/post"}],"author":[{"embeddable":true,"href":"http:\/\/fegrama.cat\/web\/wp-json\/wp\/v2\/users\/1"}],"replies":[{"embeddable":true,"href":"http:\/\/fegrama.cat\/web\/wp-json\/wp\/v2\/comments?post=27987"}],"version-history":[{"count":1,"href":"http:\/\/fegrama.cat\/web\/wp-json\/wp\/v2\/posts\/27987\/revisions"}],"predecessor-version":[{"id":27990,"href":"http:\/\/fegrama.cat\/web\/wp-json\/wp\/v2\/posts\/27987\/revisions\/27990"}],"wp:featuredmedia":[{"embeddable":true,"href":"http:\/\/fegrama.cat\/web\/wp-json\/wp\/v2\/media\/27988"}],"wp:attachment":[{"href":"http:\/\/fegrama.cat\/web\/wp-json\/wp\/v2\/media?parent=27987"}],"wp:term":[{"taxonomy":"category","embeddable":true,"href":"http:\/\/fegrama.cat\/web\/wp-json\/wp\/v2\/categories?post=27987"},{"taxonomy":"post_tag","embeddable":true,"href":"http:\/\/fegrama.cat\/web\/wp-json\/wp\/v2\/tags?post=27987"}],"curies":[{"name":"wp","href":"https:\/\/api.w.org\/{rel}","templated":true}]}}