{"id":27982,"date":"2020-02-16T23:51:29","date_gmt":"2020-02-16T22:51:29","guid":{"rendered":"http:\/\/fegrama.cat\/web\/?p=27982"},"modified":"2020-02-17T19:16:57","modified_gmt":"2020-02-17T18:16:57","slug":"el-prebenjami-a-juga-un-partit-molt-igualat-malgrat-acabar-perdent-no-es-el-mateix-cas-pel-b","status":"publish","type":"post","link":"http:\/\/fegrama.cat\/web\/el-prebenjami-a-juga-un-partit-molt-igualat-malgrat-acabar-perdent-no-es-el-mateix-cas-pel-b\/","title":{"rendered":"El Prebenjam\u00ed \u00abA\u00bb juga un partit molt igualat malgrat acabar perdent, no \u00e9s el mateix cas pel \u00abB\u00bb."},"content":{"rendered":"\n<p>Prebenjam\u00ed&nbsp;\u00abA\u00bb 2 &#8211; Vila ol\u00edmpica 3<\/p>\n\n\n\n<p>Els del&nbsp;Prebenjam\u00ed&nbsp;\u00abA\u00bb van jugar un partit molt igualat on el m\u00e9s just hagu\u00e9s estat un empat.<br>Comen\u00e7ava el partit trepidant, ja que en els primers 5 minuts s&#8217;avan\u00e7ava la Vila, i els de la Grama, en el servei seg\u00fcent aconseguien l&#8217;empat. Una bona jugada del seu millor jugador els&nbsp;tornava a&nbsp;avan\u00e7ar un minut abans d&#8217;acabar el primer quart de joc.<br>Despr\u00e9s del descans els de la Grama van ser qui van aconseguir empatar, tot seguit els mateixos van comen\u00e7ar a ser superiors per joc&#8230; Per\u00f2 el gol acaba donant l&#8217;esquena als de la Fundaci\u00f3.<\/p>\n\n\n\n<p>Una jugada dels contraris per banda que sali fos i l&#8217;\u00e0rbitre no veu, \u00e9s aprofitada per a marcar el 2-3 definitiu.<\/p>\n\n\n\n<p><\/p>\n\n\n\n<hr class=\"wp-block-separator is-style-dots\"\/>\n\n\n\n<p><\/p>\n\n\n\n<p>Prebenjam\u00edn&nbsp;\u201cA\u201d 2 &#8211; Vila ol\u00edmpica 3<\/p>\n\n\n\n<p>Los del&nbsp;Prebenjam\u00edn&nbsp;\u00abA\u00bb jugaron un partido muy igualado donde lo m\u00e1s justo hubiese sido un empate.<br>Empezaba&nbsp;el partido trepidante, ya que en los primeros 5 minutos se adelantaba la Vila, y los de la Grama, en el saque siguiente consegu\u00edan el empate. Una buena jugada de su mejor jugador los volv\u00eda adelantar un minuto antes de acabar el primer cuarto de juego.<br>Despu\u00e9s del descanso los de la Grama fueron quien consiguieron empatar, acto seguido los mismos empezaron a ser superiores por juego&#8230; Pero el gol acaba dando la espalda a los de la Fundaci\u00f3n.&nbsp;<\/p>\n\n\n\n<p>Una jugada de los contrarios por banda que sale fuera y el \u00e1rbitro no ve, es aprovechada para marcar el 2-3 definitivo.<\/p>\n\n\n\n<!--nextpage-->\n\n\n\n<p>Prebenjam\u00ed&nbsp;\u00abB\u00bb 4 &#8211; Sistrells 3&nbsp;<\/p>\n\n\n\n<p>Primer partit de la segona volta on els de la Grama comencen el partit una mica&nbsp;adormits, per la qual cosa en la segona jugada tenen una distracci\u00f3 en defensa que posa el 0 a 1 per part dels contraris. Els nostres van decidir ficar-se en el partit pressionant i en el minut 6 s&#8217;aconsegueix empatar, encara que aquesta felicitat dura poc, ja que els visitants tornen a avan\u00e7ar-se en el marcador. S&#8217;arriba a la mitja part perdent 1 a 3. Canvi de posici\u00f3 a alguns jugadors i canvi de t\u00e0ctica. Els de la Grama surten concentrats i comencen a lluitar-ho tot, resultat de ficar dos gols m\u00e9s. Resultat de moment 3 a 3. A partir d&#8217;aqu\u00ed els contraris es comencen a desconcentrar una mica i els de la Grama no paren de lluitar i pressionar que aix\u00f2 fa que es marqui el gol de la vict\u00f2ria. Els de la Fundaci\u00f3 tornen a casa molt&nbsp;contents&nbsp;amb un 4 a 3 a favor.<\/p>\n\n\n\n<p><\/p>\n\n\n\n<hr class=\"wp-block-separator is-style-dots\"\/>\n\n\n\n<p><\/p>\n\n\n\n<p>Prebenjam\u00edn \u00abB\u00bb 4 &#8211; Sistrells 3 <\/p>\n\n\n\n<p>Primer partido de la segunda vuelta donde los de la Grama empiezan el partido un poco dormidos, por lo que en la segunda jugada tienen un despiste en defensa que pone el 0 a 1 por parte de los contrarios. Los nuestros decidieron meterse en el partido presionando y en el minuto 6 se logra empatar, aunque esa felicidad dura poco ya que los visitantes vuelven a adelantarse en el marcador. Se llega a la media parte perdiendo 1 a 3. Cambio de posici\u00f3n a algunos jugadores y cambio de t\u00e1ctica. Los de la Grama salen concentrados y empiezan a lucharlo todo, resultado de meter dos goles m\u00e1s. Resultado por el momento 3 a 3. A partir de ah\u00ed los contrarios se empiezan a desconcentrar un poco y los de la Grama no paran de luchar y presionar que eso hace que se marque el gol de la victoria. Los de la Fundaci\u00f3n se van a casa contentos con un 4 a 3 a favor.<\/p>\n","protected":false},"excerpt":{"rendered":"<p>Prebenjam\u00ed&nbsp;\u00abA\u00bb 2 &#8211; Vila ol\u00edmpica 3 Els del&nbsp;Prebenjam\u00ed&nbsp;\u00abA\u00bb van jugar un partit molt igualat on el m\u00e9s just hagu\u00e9s estat un empat.Comen\u00e7ava el partit trepidant, ja que en els primers 5 minuts s&#8217;avan\u00e7ava la Vila, i els de la Grama, en el servei seg\u00fcent aconseguien l&#8217;empat. Una bona jugada del seu millor jugador els&nbsp;tornava a&nbsp;avan\u00e7ar [&hellip;]<\/p>\n","protected":false},"author":1,"featured_media":27557,"comment_status":"closed","ping_status":"closed","sticky":false,"template":"","format":"standard","meta":{"footnotes":""},"categories":[4,12],"tags":[],"class_list":["post-27982","post","type-post","status-publish","format-standard","has-post-thumbnail","hentry","category-base-inclusiu","category-prebenjamins"],"_links":{"self":[{"href":"http:\/\/fegrama.cat\/web\/wp-json\/wp\/v2\/posts\/27982","targetHints":{"allow":["GET"]}}],"collection":[{"href":"http:\/\/fegrama.cat\/web\/wp-json\/wp\/v2\/posts"}],"about":[{"href":"http:\/\/fegrama.cat\/web\/wp-json\/wp\/v2\/types\/post"}],"author":[{"embeddable":true,"href":"http:\/\/fegrama.cat\/web\/wp-json\/wp\/v2\/users\/1"}],"replies":[{"embeddable":true,"href":"http:\/\/fegrama.cat\/web\/wp-json\/wp\/v2\/comments?post=27982"}],"version-history":[{"count":2,"href":"http:\/\/fegrama.cat\/web\/wp-json\/wp\/v2\/posts\/27982\/revisions"}],"predecessor-version":[{"id":27993,"href":"http:\/\/fegrama.cat\/web\/wp-json\/wp\/v2\/posts\/27982\/revisions\/27993"}],"wp:featuredmedia":[{"embeddable":true,"href":"http:\/\/fegrama.cat\/web\/wp-json\/wp\/v2\/media\/27557"}],"wp:attachment":[{"href":"http:\/\/fegrama.cat\/web\/wp-json\/wp\/v2\/media?parent=27982"}],"wp:term":[{"taxonomy":"category","embeddable":true,"href":"http:\/\/fegrama.cat\/web\/wp-json\/wp\/v2\/categories?post=27982"},{"taxonomy":"post_tag","embeddable":true,"href":"http:\/\/fegrama.cat\/web\/wp-json\/wp\/v2\/tags?post=27982"}],"curies":[{"name":"wp","href":"https:\/\/api.w.org\/{rel}","templated":true}]}}