{"id":27976,"date":"2020-02-16T21:28:28","date_gmt":"2020-02-16T20:28:28","guid":{"rendered":"http:\/\/fegrama.cat\/web\/?p=27976"},"modified":"2020-02-16T21:28:30","modified_gmt":"2020-02-16T20:28:30","slug":"un-gran-partit-dels-nostres-petits","status":"publish","type":"post","link":"http:\/\/fegrama.cat\/web\/un-gran-partit-dels-nostres-petits\/","title":{"rendered":"Un GRAN partit dels nostres petits."},"content":{"rendered":"\n<p>Escola 7 &#8211; Monta\u00f1esa 3<\/p>\n\n\n\n<p>Els m\u00e9s petits de la\u00a0Grama\u00a0van jugar el divendres contra la Monta\u00f1esa a casa. Un partit en el qual els nostres nens van donar tot i van jugar molt b\u00e9; al principi va costar una mica marcar el primer gol, per\u00f2 despr\u00e9s d&#8217;aix\u00f2 els altres van anar venint successivament amb treball constant, tot va ser rodat.<br>GRAN partit dels nostres petits!<\/p>\n\n\n\n<!--nextpage-->\n\n\n\n<p>Escuela 7 &#8211; Monta\u00f1esa 3<\/p>\n\n\n\n<p>Los m\u00e1s peque\u00f1os de la Grama jugaron el viernes contra la Monta\u00f1esa en casa. Un partido en el que nuestros peques dieron todo y jugaron muy bien; al principio cost\u00f3 un poco marcar el primer gol, pero despu\u00e9s de ello los otros fueron viniendo sucesivamente con trabajo constante, todo fue rodado.<\/p>\n\n\n\n<p>\u00a1GRAN partido de nuestros peques!<\/p>\n","protected":false},"excerpt":{"rendered":"<p>Escola 7 &#8211; Monta\u00f1esa 3 Els m\u00e9s petits de la\u00a0Grama\u00a0van jugar el divendres contra la Monta\u00f1esa a casa. Un partit en el qual els nostres nens van donar tot i van jugar molt b\u00e9; al principi va costar una mica marcar el primer gol, per\u00f2 despr\u00e9s d&#8217;aix\u00f2 els altres van anar venint successivament amb treball [&hellip;]<\/p>\n","protected":false},"author":1,"featured_media":27690,"comment_status":"closed","ping_status":"closed","sticky":false,"template":"","format":"standard","meta":{"footnotes":""},"categories":[4,33],"tags":[],"class_list":["post-27976","post","type-post","status-publish","format-standard","has-post-thumbnail","hentry","category-base-inclusiu","category-escola-diari-feg"],"_links":{"self":[{"href":"http:\/\/fegrama.cat\/web\/wp-json\/wp\/v2\/posts\/27976","targetHints":{"allow":["GET"]}}],"collection":[{"href":"http:\/\/fegrama.cat\/web\/wp-json\/wp\/v2\/posts"}],"about":[{"href":"http:\/\/fegrama.cat\/web\/wp-json\/wp\/v2\/types\/post"}],"author":[{"embeddable":true,"href":"http:\/\/fegrama.cat\/web\/wp-json\/wp\/v2\/users\/1"}],"replies":[{"embeddable":true,"href":"http:\/\/fegrama.cat\/web\/wp-json\/wp\/v2\/comments?post=27976"}],"version-history":[{"count":2,"href":"http:\/\/fegrama.cat\/web\/wp-json\/wp\/v2\/posts\/27976\/revisions"}],"predecessor-version":[{"id":27978,"href":"http:\/\/fegrama.cat\/web\/wp-json\/wp\/v2\/posts\/27976\/revisions\/27978"}],"wp:featuredmedia":[{"embeddable":true,"href":"http:\/\/fegrama.cat\/web\/wp-json\/wp\/v2\/media\/27690"}],"wp:attachment":[{"href":"http:\/\/fegrama.cat\/web\/wp-json\/wp\/v2\/media?parent=27976"}],"wp:term":[{"taxonomy":"category","embeddable":true,"href":"http:\/\/fegrama.cat\/web\/wp-json\/wp\/v2\/categories?post=27976"},{"taxonomy":"post_tag","embeddable":true,"href":"http:\/\/fegrama.cat\/web\/wp-json\/wp\/v2\/tags?post=27976"}],"curies":[{"name":"wp","href":"https:\/\/api.w.org\/{rel}","templated":true}]}}