{"id":27973,"date":"2020-02-16T23:45:46","date_gmt":"2020-02-16T22:45:46","guid":{"rendered":"http:\/\/fegrama.cat\/web\/?p=27973"},"modified":"2020-02-16T23:45:47","modified_gmt":"2020-02-16T22:45:47","slug":"croniques-dels-infantils-amb-la-gran-victoria-del-b-davant-el-sistrells","status":"publish","type":"post","link":"http:\/\/fegrama.cat\/web\/croniques-dels-infantils-amb-la-gran-victoria-del-b-davant-el-sistrells\/","title":{"rendered":"Cr\u00f2niques dels Infantils amb la gran vict\u00f2ria del \u00abB\u00bb davant el Sistrells."},"content":{"rendered":"\n<p>Espanyol 3 &#8211; Infantil \u00abA\u00bb 0<\/p>\n\n\n\n<p>Els de l&#8217;Infantil \u00abA\u00bb jugaven el seu partit el dissabte a la tarda fora de casa, a la ciutat esportiva&nbsp;Dani&nbsp;Jarque, un partit amb una primera part complicada per als de preferent on l&#8217;alt ritme de pilota dificulto molt la pressi\u00f3 alta als nostres.<\/p>\n\n\n\n<p>El primer gol va arribar despr\u00e9s d&#8217;un centre lateral des de la dreta, on la Grama no va ajustar b\u00e9 les marques i el davanter contrari va rematar lliure. El segon gol va ser molt semblant, per\u00f2 el centre va venir des del costat esquerre.<\/p>\n\n\n\n<p>La segona part va ser diferent, el plantejament va canviar, la Grama es va ajuntar en camp contrari i va aconseguir limitar les opcions de joc, a poc a poc va anar guanyant confian\u00e7a i aix\u00f2 li va permetre sortir diverses vegades a la contra. Nom\u00e9s la falta de punteria va impedir que la Grama marqu\u00e9s.<\/p>\n\n\n\n<p>Ja en el tram final una aventura individual del davanter local, va acabar en penal, que ell mateix va transformar.<\/p>\n\n\n\n<p><\/p>\n\n\n\n<hr class=\"wp-block-separator is-style-dots\"\/>\n\n\n\n<p><\/p>\n\n\n\n<p>Espanyol&nbsp;3 &#8211; Infantil \u00abA\u00bb 0<\/p>\n\n\n\n<p>Los del Infantil \u00abA\u00bb jugaban su partido el s\u00e1bado por la tarde fuera de casa, en la ciudad deportiva&nbsp;Dani Jarque, un partido con una primera parte complicada para los de preferente donde el alto ritmo de bal\u00f3n dificulto mucho la presi\u00f3n alta a los nuestros.<\/p>\n\n\n\n<p>El primer gol lleg\u00f3 tras un centro lateral desde la derecha, donde la Grama no ajust\u00f3 bien las marcas y el delantero contrario remat\u00f3 libre. El segundo gol fue muy parecido, pero el centro vino desde el lado izquierdo.&nbsp;<\/p>\n\n\n\n<p>La segunda parte fue diferente, el planteamiento cambi\u00f3, la Grama se junt\u00f3 en campo contrario y consigui\u00f3 limitar las opciones de juego, poco a poco fue ganando confianza y eso le permiti\u00f3 salir varias veces a la contra. Solo la falta de punter\u00eda impidi\u00f3 que la Grama marcase.&nbsp;<\/p>\n\n\n\n<p>Ya en el tramo final una aventura individual del delantero local, termin\u00f3 en penalti, que \u00e9l&nbsp;mismo transform\u00f3.<\/p>\n\n\n\n<!--nextpage-->\n\n\n\n<p>Sistrells 0 &#8211; Infantil \u00abB\u00bb 6<\/p>\n\n\n\n<p>Els de l&#8217;Infantil \u00abB\u00bb jugaven la seva 17a jornada fora de casa disputant un partit amb molt de control per part dels nostres de principi a fi i sobretot, sent molt efectius durant la primera part de cara a gol. En la segona part m\u00e9s del mateix, m\u00e9s gols i m\u00e9s oportunitats. Aix\u00ed i tot l&#8217;entrenador diu \u00abPodr\u00edem haver marcat m\u00e9s gols per les oportunitats generades, bona intensitat de tots els jugadors fins i tot guanyant i fins a l&#8217;\u00faltim minut.\u00bb<\/p>\n\n\n\n<p>A seguir!<\/p>\n\n\n\n<p><\/p>\n\n\n\n<hr class=\"wp-block-separator is-style-dots\"\/>\n\n\n\n<p><\/p>\n\n\n\n<p>Sistrells&nbsp;0 &#8211; Infantil \u00abB\u00bb 6<\/p>\n\n\n\n<p>Los del Infantil \u00abB\u00bb jugaban su 17a jornada fuera de casa disputando un partido con mucho control por parte de los nuestros de principio a fin y sobretodo, siendo muy efectivos durante la primera parte de cara a gol. En la segunda parte m\u00e1s de lo mismo, m\u00e1s goles y m\u00e1s oportunidades.&nbsp;Aun&nbsp;as\u00ed el entrenador dice \u00abPodr\u00edamos haber marcado&nbsp;m\u00e1s&nbsp;goles por las oportunidades generadas, buena intensidad de todos los jugadores aun ganando y hasta el \u00faltimo minuto.\u00bb<\/p>\n\n\n\n<p>\u00a1A seguir!<\/p>\n","protected":false},"excerpt":{"rendered":"<p>Espanyol 3 &#8211; Infantil \u00abA\u00bb 0 Els de l&#8217;Infantil \u00abA\u00bb jugaven el seu partit el dissabte a la tarda fora de casa, a la ciutat esportiva&nbsp;Dani&nbsp;Jarque, un partit amb una primera part complicada per als de preferent on l&#8217;alt ritme de pilota dificulto molt la pressi\u00f3 alta als nostres. El primer gol va arribar despr\u00e9s [&hellip;]<\/p>\n","protected":false},"author":1,"featured_media":27683,"comment_status":"closed","ping_status":"closed","sticky":false,"template":"","format":"standard","meta":{"footnotes":""},"categories":[4,9],"tags":[],"class_list":["post-27973","post","type-post","status-publish","format-standard","has-post-thumbnail","hentry","category-base-inclusiu","category-infantils"],"_links":{"self":[{"href":"http:\/\/fegrama.cat\/web\/wp-json\/wp\/v2\/posts\/27973","targetHints":{"allow":["GET"]}}],"collection":[{"href":"http:\/\/fegrama.cat\/web\/wp-json\/wp\/v2\/posts"}],"about":[{"href":"http:\/\/fegrama.cat\/web\/wp-json\/wp\/v2\/types\/post"}],"author":[{"embeddable":true,"href":"http:\/\/fegrama.cat\/web\/wp-json\/wp\/v2\/users\/1"}],"replies":[{"embeddable":true,"href":"http:\/\/fegrama.cat\/web\/wp-json\/wp\/v2\/comments?post=27973"}],"version-history":[{"count":3,"href":"http:\/\/fegrama.cat\/web\/wp-json\/wp\/v2\/posts\/27973\/revisions"}],"predecessor-version":[{"id":27981,"href":"http:\/\/fegrama.cat\/web\/wp-json\/wp\/v2\/posts\/27973\/revisions\/27981"}],"wp:featuredmedia":[{"embeddable":true,"href":"http:\/\/fegrama.cat\/web\/wp-json\/wp\/v2\/media\/27683"}],"wp:attachment":[{"href":"http:\/\/fegrama.cat\/web\/wp-json\/wp\/v2\/media?parent=27973"}],"wp:term":[{"taxonomy":"category","embeddable":true,"href":"http:\/\/fegrama.cat\/web\/wp-json\/wp\/v2\/categories?post=27973"},{"taxonomy":"post_tag","embeddable":true,"href":"http:\/\/fegrama.cat\/web\/wp-json\/wp\/v2\/tags?post=27973"}],"curies":[{"name":"wp","href":"https:\/\/api.w.org\/{rel}","templated":true}]}}