{"id":27968,"date":"2020-02-16T18:40:18","date_gmt":"2020-02-16T17:40:18","guid":{"rendered":"http:\/\/fegrama.cat\/web\/?p=27968"},"modified":"2020-02-16T19:49:15","modified_gmt":"2020-02-16T18:49:15","slug":"que-continui-la-festa","status":"publish","type":"post","link":"http:\/\/fegrama.cat\/web\/que-continui-la-festa\/","title":{"rendered":"Que continu\u00ef la festa!"},"content":{"rendered":"\n<p class=\"has-medium-font-size\"><strong>Vict\u00f2ria de la Grama contra el Vic en un partit de tu a tu on va guanyar qui m\u00e9s artilleria va mostrar.<\/strong><\/p>\n\n\n\n<figure class=\"wp-block-image size-large\"><img loading=\"lazy\" decoding=\"async\" width=\"1024\" height=\"622\" src=\"http:\/\/fegrama.cat\/web\/wp-content\/uploads\/2020\/02\/PHOTO-2020-02-16-15-25-30-1024x622.jpg\" alt=\"\" class=\"wp-image-27969\" srcset=\"http:\/\/fegrama.cat\/web\/wp-content\/uploads\/2020\/02\/PHOTO-2020-02-16-15-25-30-1024x622.jpg 1024w, http:\/\/fegrama.cat\/web\/wp-content\/uploads\/2020\/02\/PHOTO-2020-02-16-15-25-30-300x182.jpg 300w, http:\/\/fegrama.cat\/web\/wp-content\/uploads\/2020\/02\/PHOTO-2020-02-16-15-25-30-768x467.jpg 768w, http:\/\/fegrama.cat\/web\/wp-content\/uploads\/2020\/02\/PHOTO-2020-02-16-15-25-30-1536x933.jpg 1536w, http:\/\/fegrama.cat\/web\/wp-content\/uploads\/2020\/02\/PHOTO-2020-02-16-15-25-30.jpg 1600w\" sizes=\"auto, (max-width: 1024px) 100vw, 1024px\" \/><figcaption>Buba celebra el gol de la vict\u00f2ria (Foto: Sergi Garc\u00eda)<\/figcaption><\/figure>\n\n\n\n<p>-DBC- Havia de modificar el\nseu onze habitual Juanma Pons per fer front a l\u2019esquadra d\u2019Albert Camara\nobligat per la baixa de Michel Owono, sancionat despr\u00e9s de veure la cinquena\ngroga al camp del Matar\u00f3. <\/p>\n\n\n\n<p>Per\u00f2 les modificacions en l\u2019onze\ninicial del m\u00edster colomenc no es van quedar nom\u00e9s en el lateral, &nbsp;tamb\u00e9 va introduir canvis que permetessin un\nesquema &nbsp;camale\u00f2nic per evitar que Camara\npogu\u00e9s afrontar el partit amb la seguretat de saber qu\u00e8 \u00e9s el que es planejava.\nAix\u00ed van saltar al terreny de joc: Luque en porteria; laterals per Pe\u00f1a i\nLinares; centre de la defensa per Rojas, Juan Carlos i Machuca; al mig del camp\nestaven Edu Soler i Roger; les bandes per \u00c1ngel i Peris; i la punta d\u2019atac per\n\u00d3scar Mu\u00f1oz.<\/p>\n\n\n\n<p>Els primers minuts van ser\ntal i com es preveu en partits de m\u00e0xima tensi\u00f3 entre dos aspirants a una pla\u00e7a\nde play off d\u2019ascens. Ben plantada la Grama, ben plantat el Vic, molt centrecampisme\ni poques internades a les \u00e0rees. <\/p>\n\n\n\n<p>Amb aquest joc t\u00e0ctic, molt\nlligat a les ordres dels dos entrenadors, la Grama va tenir la primera gran\nocasi\u00f3 del partit. Corria el minut 20, una bona jugada de Roger Peris conduint\nla pilota va acabar obrint el joc a banda esquerra perqu\u00e8 Pe\u00f1a busques la\ncentrada a l\u2019\u00e0rea. All\u00e0 l\u2019esperava al segon pal \u00c1ngel Gonz\u00e1lez, per\u00f2 el seu\nremat es va perdre per sobre del travesser de Reig.<\/p>\n\n\n\n<p>Sobre el camp les forces\nestaven molt igualades per\u00f2 la Grama havia mostrat ja les seves urpes a l\u2019equip\nd\u2019Osona. &nbsp;Responia de manera t\u00edmida el Vic\namb una incursi\u00f3 per banda esquerra de Balaguer als 25 minuts per\u00f2 el partit no\ncanviava de gui\u00f3 i nom\u00e9s cal destacar una ocasi\u00f3 clara pels visitants. <\/p>\n\n\n\n<p>Va ser al minut 43, amb una\ncentrada de Peke a la que Luque va respondre ficant el seu guant per\u00f2\nVillajosana va poder rematar en segona jugada i la pilota va marxar fora per\nben poc. I despr\u00e9s d\u2019aquesta ocasi\u00f3, poc m\u00e9s, el col\u00b7legiat va assenyalar el cam\u00ed\nde vestidors amb el marcador inicial, 0-0.<\/p>\n\n\n\n<p>La segona part ens havia de\ndeparar un partit amb m\u00e9s intensitat. Evidentment tant Pons con Camara sabien\nque un pas endavant els podia condemnar per\u00f2 tamb\u00e9 els hi podia donar la\nvict\u00f2ria. <\/p>\n\n\n\n<p>En aquest duel t\u00e0ctic la\nsegona meitat va comen\u00e7ar amb una contra del Vic. Despr\u00e9s d\u2019un corner desaprofitat\nper la Grama, als 53 minuts, la velocitat vigatana va deixar en superioritat\nals atacants sobre la defensa colomenca per\u00f2 Jonathan Linares va avortar la\nocasi\u00f3 mantenint la calma a les files locals.<\/p>\n\n\n\n<p>Despr\u00e9s d\u2019aquest ensurt els homes de Camara van tenir alguna ocasi\u00f3 discreta per poder avan\u00e7ar-se com un xut lluny\u00e0 de Gil o una rematada de Peque enganxadeta a la base del pal que Luque va poder repel\u00b7lir.<\/p>\n\n\n\n<p>Per\u00f2 no oblidem que era un\npartit de tu a tu i la Grama va refer-se d\u2019aquests primers minuts del Vic a la\nsegona meitat. El primer que va entendre el partit va ser Juanma Pons que als\n63 minuts va moure la banqueta donant entrada a Crist\u00f3bal i Buba en lloc de Edu\nSoler i Peris.<\/p>\n\n\n\n<p>El canvi va ser decisiu perqu\u00e8\nPons, amb la modificaci\u00f3, va tornar al seu esquema habitual i l\u2019equip podia\nmostrar millor el seus mecanismes d\u2019atac amb dos homes en punta i les bandes ben\nobertes amb \u00c1ngel i Buba. <\/p>\n\n\n\n<p>Dos minuts despr\u00e9s del\ncanvi, al 65, la Grama va tenir una immillorable ocasi\u00f3. Una internada per\nbanda d\u00b4\u00c1ngel va acabar amb una centrada perfecta per \u00d3scar Mu\u00f1oz. El davanter\nblau es trobava sol a la frontal de la petita per\u00f2 la seva rematada va anar\ndirecta a les mans de Reig que la va aturar sense problemes.<\/p>\n\n\n\n<p>Seguia la igualtat al\nmarcador i ambd\u00f3s equips trepitjaven \u00e0rea amb m\u00e9s assidu\u00eftat del que s\u2019havia\nvist en els minuts anteriors. El t\u00e8cnic local es va veure obligat a realitzar\nuna nova substituci\u00f3 al minut 73. Jonathan Linares abandonava el terreny de joc\ndespr\u00e9s d\u2019un problema als bessons i entrava Jorge Omar. Aix\u00f2 va implicar un\ncanvi de banda per a Roger Pe\u00f1a que passava a ocupar el lateral dret mentre l\u2019uruguai\u00e0\nocupava la banda esquerra.<\/p>\n\n\n\n<p>La recta final del partit\nprometia i mentre Camara feia canvis de contenci\u00f3 enviant senyals als seus\njugadors de conformisme amb l\u2019empat, Pons ja havia donat el pas endavant buscant\nla vict\u00f2ria. Es mantenia la igualtat per\u00f2 el poder atacant de la Grama feia\npreveure una \u00faltima ofensiva que ens port\u00e9s a guanyar el partit.<\/p>\n\n\n\n<p>En aquesta ofensiva de la\nGrama la primera la va tenir Buba, als 80 minuts, amb una rematada al segon pal\nque va sortir molt a prop del pal dret de Reig. La segona la va tenir, als 81\nminuts, &nbsp;Pe\u00f1a amb una arribada a la\nfrontal i un xut des de fora de l\u2019\u00e0rea que va sortir fora per ben poc.<\/p>\n\n\n\n<p>Per\u00f2 l\u2019euf\u00f2ria va esclatar\na l\u2019Estadi als 85 minuts. \u00d3scar Mu\u00f1oz aixecava el cap al mig del camp i veia\ncom Buba iniciava la carrera en banda dreta. L\u2019extrem de la Grama va ca\u00e7ar\naquesta bona passada d\u2019\u00d3scar, va poder perfilar-se cap a dins i la seva rosca,\nperfecta, va allotjar-se a les xarxes de la porteria del Vic fent pujar l\u20191-0 a\nl\u2019electr\u00f2nic del Municipal.<\/p>\n\n\n\n<p>Tenia temps per reaccionar\nel Vic, ho van intentar a base de centrades des de les bandes per\u00f2 la Grama ha\napr\u00e9s l\u2019ofici d\u2019aquesta Primera Catalana i sap que si t\u00e9 el marcador a favor \u00e9s\nmolt dif\u00edcil superar-nos. Despr\u00e9s de diversos intents la defensa colomenca es\nva mostrar com un mur i el marcador no es va moure. <\/p>\n\n\n\n<p>Tres punts d\u2019or que es\nqueden a Santa Coloma i que serveixen per mostrar com el canvi de din\u00e0mica \u00e9s\nja un fet. A la jornada 14 l\u2019equip d\u2019Albert Camara tenia 8 punts d\u2019avantatge\nsobre la Grama i avui estem 4 per sobre. Per tant estem parlant de 12 punts\nrecuperats que ens han consolidat a la segona posici\u00f3 i que ens mantenen\ninvictes amb Juanma Pons a la banqueta.<\/p>\n\n\n\n<p>La propera setmana hi ha aturada per la festa del Carnestoltes per\u00f2 el dia 1 de mar\u00e7 realitzem una visita a un camp inexpugnable. El primer diumenge de mar\u00e7 visitem al l\u00edder, el Girona B, que compta els partits per vict\u00f2ries a excepci\u00f3 de l\u2019empat a Santa Coloma i l\u2019empat amb el Vic. A m\u00e9s \u00e9s un equip de r\u00e8cord que nom\u00e9s ha rebut dos gols en el que portem de temporada (els dos de penal) per\u00f2 si una cosa ens han demostrat els nois de la Grama \u00e9s que podem guanyar a qualsevol. <\/p>\n\n\n\n<p>Gaudim de la vict\u00f2ria\ncontra el Vic i preparem-nos pel que ve. Promet ser molt interesant. <\/p>\n\n\n\n<p><a href=\"http:\/\/fcf.cat\/acta\/1920\/futbol-11\/primera-catalana\/grup-1\/1cat\/fundacio-esportiva-grama-a\/1cat\/vic-unio-esportiva-club-a\">CLIQUEU PER VEURE L&#8217;ACTA DEL PARTIT<\/a><\/p>\n\n\n\n<p><a href=\"http:\/\/fcf.cat\/classificacio\/1920\/futbol-11\/primera-catalana\/grup-1\/jornada-21\">CLIQUEU PER VEURE LA CLASSIFICACI\u00d3 1CAT1<\/a><\/p>\n\n\n\n<p>__________________________________________________________<\/p>\n\n\n\n<p class=\"has-medium-font-size\"><strong>Victoria de la Grama contra el Vic en un partido de t\u00fa a t\u00fa donde gan\u00f3 quien m\u00e1s artiller\u00eda mostr\u00f3. <\/strong><\/p>\n\n\n\n<figure class=\"wp-block-image size-large\"><img loading=\"lazy\" decoding=\"async\" width=\"1024\" height=\"683\" src=\"http:\/\/fegrama.cat\/web\/wp-content\/uploads\/2020\/02\/PHOTO-2020-02-16-15-51-40-1024x683.jpg\" alt=\"\" class=\"wp-image-27970\" srcset=\"http:\/\/fegrama.cat\/web\/wp-content\/uploads\/2020\/02\/PHOTO-2020-02-16-15-51-40-1024x683.jpg 1024w, http:\/\/fegrama.cat\/web\/wp-content\/uploads\/2020\/02\/PHOTO-2020-02-16-15-51-40-300x200.jpg 300w, http:\/\/fegrama.cat\/web\/wp-content\/uploads\/2020\/02\/PHOTO-2020-02-16-15-51-40-768x512.jpg 768w, http:\/\/fegrama.cat\/web\/wp-content\/uploads\/2020\/02\/PHOTO-2020-02-16-15-51-40.jpg 1392w\" sizes=\"auto, (max-width: 1024px) 100vw, 1024px\" \/><figcaption>Buba fue decisivo con su gol contra el Vic (Foto: Joan Villagrasa)<\/figcaption><\/figure>\n\n\n\n<p><br> -DBC- Tuvo que modificiar su once habitual Juanma Pons para hacer frente a la escuadra de Albert Camara obligado por la baja de Michel Owono, sancionado tras ver la quinta amarilla en el campo del Matar\u00f3.<br> Pero las modificaciones en el once inicial del m\u00edster colomense no se quedaron s\u00f3lo en el lateral, tambi\u00e9n introdujo cambios que permitieran un esquema camale\u00f3nico para evitar que Camara pudiera afrontar el partido con la seguridad de saber qu\u00e9 es lo que se planeaba. As\u00ed saltaron al terreno de juego: Luque en porter\u00eda; laterales para Pe\u00f1a y Linares; centro de la defensa para Rojas, Juan Carlos y Machuca; en medio del campo estaban Edu Soler y Roger; las bandas para \u00c1ngel y Peris; y la punta de ataque para \u00d3scar Mu\u00f1oz.<\/p>\n\n\n\n<p>Los primeros minutos fueron tal y como se prev\u00e9 en partidos de m\u00e1xima tensi\u00f3n entre dos aspirantes a una plaza de play off de ascenso. Bien plantada la Grama,  bien asentado el Vic, mucho centrocampismo y pocas internadas en las \u00e1reas.<\/p>\n\n\n\n<p>Con este juego t\u00e1ctico, muy ligado a las \u00f3rdenes de los dos entrenadores, la Grama tuvo la primera gran ocasi\u00f3n del partido. Corr\u00eda el minuto 20, una buena jugada de Roger Peris conduciendo el bal\u00f3n acab\u00f3 abriendo el juego a banda izquierda para que Pe\u00f1a buscase el centro al \u00e1rea. All\u00ed lo esperaba en el segundo palo \u00c1ngel Gonz\u00e1lez, pero su remate se perdi\u00f3 por encima del larguero de Reig.<\/p>\n\n\n\n<p>Sobre el campo las fuerzas estaban muy igualadas pero la Grama hab\u00eda mostrado ya sus garras al equipo de Osona. Respond\u00eda de manera t\u00edmida el Vic con una incursi\u00f3n por banda izquierda de Balaguer a los 25 minutos pero el partido no cambiaba de gui\u00f3n y s\u00f3lo cabe destacar una ocasi\u00f3n clara para los visitantes.<br> Fue en el minuto 43, con un centro de Peke al que Luque respondi\u00f3 metiendo su guante pero Villajosana pudo rematar en segunda jugada y el bal\u00f3n se march\u00f3 fuera por poco. Y despu\u00e9s de esta ocasi\u00f3n, poco m\u00e1s, el colegiado se\u00f1al\u00f3 el camino de vestuarios con el marcador inicial, 0-0.<\/p>\n\n\n\n<p>La segunda parte nos deb\u00eda deparar un partido con m\u00e1s intensidad. Evidentemente tanto Pons con Camara sab\u00edan que un paso adelante les pod\u00eda condenar pero tambi\u00e9n les pod\u00eda dar la victoria.<\/p>\n\n\n\n<p> Con este duelo t\u00e1ctico la segunda mitad comenz\u00f3 con una contra del Vic. Tras un corner desperdiciado por la Grama, a los 53 minutos, la velocidad del Vic dej\u00f3 en superioridad a los atacantes sobre la defensa colomense pero Jonathan Linares abort\u00f3 la ocasi\u00f3n manteniendo la calma en las filas locales.<br> Despu\u00e9s de este susto los hombres de Camara tuvieron alguna ocasi\u00f3n discreta para poder avanzarse como un disparo lejano de Gil o un remate de Peque pegadito a la base del palo que Luque pudo repeler.<\/p>\n\n\n\n<p>Pero no olvidemos que era un partido de t\u00fa a t\u00fa y la Grama se repuso a estos primeros minutos del Vic en la segunda mitad. El primero que entendi\u00f3 el partido fue Juanma Pons que a los 63 minutos movi\u00f3 el banquillo dando entrada a Crist\u00f3bal y Buba en lugar de Edu Soler y Peris.<\/p>\n\n\n\n<p>El cambio fue decisivo para Pons, con la modificaci\u00f3n, volvi\u00f3 a su esquema habitual y el equipo pod\u00eda mostrar mejor sus mecanismos de ataque con dos hombres en punta y las bandas bien abiertas con \u00c1ngel y Buba.<br> Dos minutos despu\u00e9s del cambio, en el 65, la Grama tuvo una inmejorable ocasi\u00f3n. Una internada por banda de \u00c1ngel acab\u00f3 con un centro perfecto para \u00d3scar Mu\u00f1oz. El delantero azul\u00f3n se encontraba solo en la frontal de la peque\u00f1a pero su remate fue directo a las manos de Reig que la detuvo sin problemas.<\/p>\n\n\n\n<p>Segu\u00eda la igualdad en el marcador y ambos equipos pisaban \u00e1rea con m\u00e1s asiduidad de lo que se hab\u00eda visto en los minutos anteriores. El t\u00e9cnico local se vio obligado a realizar una nueva sustituci\u00f3n en el minuto 73. Jonathan Linares abandonaba el terreno de juego despu\u00e9s de un problema en los gemelos y entraba Jorge Omar. Esto implic\u00f3 un cambio de banda para Roger Pe\u00f1a que pasaba a ocupar el lateral derecho mientras el uruguayo ocupaba la banda izquierda.<\/p>\n\n\n\n<p>La recta final del partido promet\u00eda y mientras Camara hac\u00eda cambios de contenci\u00f3n enviando se\u00f1ales a sus jugadores de conformismo con el empate, Pons ya hab\u00eda dado el paso adelante buscando la victoria. Se manten\u00eda la igualdad pero el poder atacante de la Grama hac\u00eda prever una \u00faltima ofensiva que nos llevara a ganar el partido.<\/p>\n\n\n\n<p>En esta ofensiva de la Grama la primera la tuvo Buba, a los 80 minutos, con un remate al segundo palo que sali\u00f3 muy cerca del poste derecho de Reig. La segunda la tuvo, a los 81 minutos, Pe\u00f1a con una llegada a la frontal y un disparo desde fuera del \u00e1rea que sali\u00f3 fuera por poco.<br> Pero la euforia estall\u00f3 en el Estadio a los 85 minutos. \u00d3scar Mu\u00f1oz levantaba la cabeza en medio campo y ve\u00eda como Buba iniciaba la carrera en banda derecha. El extremo de la Grama caz\u00f3 el buen pase de \u00d3scar, pudo perfilarse hacia dentro, y su rosca, perfecta, se aloj\u00f3 en las redes de la porter\u00eda del Vic haciendo subir el 1-0 a el electr\u00f3nico del Municipal.<\/p>\n\n\n\n<p>Ten\u00eda tiempo para reaccionar el Vic, lo intentaron a base de centros desde las bandas pero la Grama ha aprendido el oficio de esta Primera Catalana y sabe que si tiene el marcador a favor es muy dif\u00edcil superarnos. Despu\u00e9s de varios intentos la defensa colomense se mostr\u00f3 como un muro y el marcador no se movi\u00f3.<\/p>\n\n\n\n<p>Tres puntos de oro que se quedan en Santa Coloma y que sirven para mostrar c\u00f3mo el cambio de din\u00e1mica es ya un hecho. En la jornada 14 el equipo de Albert Camara ten\u00eda 8 puntos de ventaja sobre la Grama y hoy estamos 4 por encima. Por lo tanto estamos hablando de 12 puntos recuperados que nos han consolidado en la segunda posici\u00f3n y que nos mantienen invictos con Juanma Pons en el banquillo.<\/p>\n\n\n\n<p>La pr\u00f3xima semana hay par\u00f3n por la fiesta del Carnaval pero el d\u00eda 1 de marzo realizamos una visita a un campo inexpugnable. El primer domingo de marzo visitamos al l\u00edder, el Girona B, que cuenta los partidos por victorias a excepci\u00f3n del empate en Santa Coloma y el empate con el Vic. Adem\u00e1s es un equipo de r\u00e9cord que s\u00f3lo ha recibido dos goles en lo que llevamos de temporada (ambos de penalti) pero si algo nos han demostrado los chicos de la Grama es que podemos ganar a cualquiera.<br> Disfrutemos de la victoria contra el Vic y prepar\u00e9monos para lo que viene. Promete ser muy interesante.<\/p>\n\n\n\n<p><a href=\"http:\/\/fcf.cat\/acta\/1920\/futbol-11\/primera-catalana\/grup-1\/1cat\/fundacio-esportiva-grama-a\/1cat\/vic-unio-esportiva-club-a\">CLICAD PARA EL ACTA DEL PARTIDO<\/a><\/p>\n\n\n\n<p><a href=\"http:\/\/fcf.cat\/classificacio\/1920\/futbol-11\/primera-catalana\/grup-1\/jornada-21\">CLICAD PARA VER LA CLASIFICACI\u00d3N DE 1CAT1<\/a><\/p>\n","protected":false},"excerpt":{"rendered":"<p>Vict\u00f2ria de la Grama contra el Vic en un partit de tu a tu on va guanyar qui m\u00e9s artilleria va mostrar. -DBC- Havia de modificar el seu onze habitual Juanma Pons per fer front a l\u2019esquadra d\u2019Albert Camara obligat per la baixa de Michel Owono, sancionat despr\u00e9s de veure la cinquena groga al camp [&hellip;]<\/p>\n","protected":false},"author":1,"featured_media":27969,"comment_status":"closed","ping_status":"closed","sticky":false,"template":"","format":"standard","meta":{"footnotes":""},"categories":[4,5],"tags":[],"class_list":["post-27968","post","type-post","status-publish","format-standard","has-post-thumbnail","hentry","category-base-inclusiu","category-primer-equip"],"_links":{"self":[{"href":"http:\/\/fegrama.cat\/web\/wp-json\/wp\/v2\/posts\/27968","targetHints":{"allow":["GET"]}}],"collection":[{"href":"http:\/\/fegrama.cat\/web\/wp-json\/wp\/v2\/posts"}],"about":[{"href":"http:\/\/fegrama.cat\/web\/wp-json\/wp\/v2\/types\/post"}],"author":[{"embeddable":true,"href":"http:\/\/fegrama.cat\/web\/wp-json\/wp\/v2\/users\/1"}],"replies":[{"embeddable":true,"href":"http:\/\/fegrama.cat\/web\/wp-json\/wp\/v2\/comments?post=27968"}],"version-history":[{"count":2,"href":"http:\/\/fegrama.cat\/web\/wp-json\/wp\/v2\/posts\/27968\/revisions"}],"predecessor-version":[{"id":27972,"href":"http:\/\/fegrama.cat\/web\/wp-json\/wp\/v2\/posts\/27968\/revisions\/27972"}],"wp:featuredmedia":[{"embeddable":true,"href":"http:\/\/fegrama.cat\/web\/wp-json\/wp\/v2\/media\/27969"}],"wp:attachment":[{"href":"http:\/\/fegrama.cat\/web\/wp-json\/wp\/v2\/media?parent=27968"}],"wp:term":[{"taxonomy":"category","embeddable":true,"href":"http:\/\/fegrama.cat\/web\/wp-json\/wp\/v2\/categories?post=27968"},{"taxonomy":"post_tag","embeddable":true,"href":"http:\/\/fegrama.cat\/web\/wp-json\/wp\/v2\/tags?post=27968"}],"curies":[{"name":"wp","href":"https:\/\/api.w.org\/{rel}","templated":true}]}}