{"id":27956,"date":"2020-02-10T22:09:22","date_gmt":"2020-02-10T21:09:22","guid":{"rendered":"http:\/\/fegrama.cat\/web\/?p=27956"},"modified":"2020-02-10T22:09:24","modified_gmt":"2020-02-10T21:09:24","slug":"lalevi-c-va-lluitar-pero-no-va-acabar-amb-un-bon-resultat","status":"publish","type":"post","link":"http:\/\/fegrama.cat\/web\/lalevi-c-va-lluitar-pero-no-va-acabar-amb-un-bon-resultat\/","title":{"rendered":"L&#8217;Alev\u00ed \u00abC\u00bb va lluitar pero no va acabar amb un bon resultat."},"content":{"rendered":"\n<p>Alev\u00ed \u201cC\u201d 0 &#8211;\u00a0St. Andreu 7.<\/p>\n\n\n\n<p>Els de l&#8217;Alev\u00ed \u201cC\u201d van jugar el seu partit setmanal contra el tercer classificat, un partit molt dur. Malgrat el 0 a 5 de la primera meitat, els petits de la\u00a0Grama\u00a0van sortir en la segona part amb ganes de continuar competint, per a encaixar dos gols m\u00e9s en la tercera habitaci\u00f3 de joc. Els de la\u00a0Fundaci\u00f3\u00a0van continuar intentant-ho per\u00f2 el porter visitant va fer bones intervencions que van evitar poder retallar dist\u00e0ncies en el marcador.<\/p>\n\n\n\n<!--nextpage-->\n\n\n\n<p>Alev\u00edn \u201cC\u201d 0 &#8211; St. Andreu 7.\u00a0<\/p>\n\n\n\n<p>Los del Alev\u00edn \u201cC\u201d jugaron su partido semanal contra el tercer clasificado, un partido muy duro. A pesar del 0 a 5 de la primera mitad, los peque\u00f1os de la Grama salieron en la segunda parte con ganas de seguir compitiendo, para encajar dos goles m\u00e1s en el tercer cuarto de juego. Los de la Fundaci\u00f3 siguieron intent\u00e1ndolo pero el portero visitante hizo buenas intervenciones que evitaron poder recortar distancias en el marcador.<br><\/p>\n","protected":false},"excerpt":{"rendered":"<p>Alev\u00ed \u201cC\u201d 0 &#8211;\u00a0St. Andreu 7. Els de l&#8217;Alev\u00ed \u201cC\u201d van jugar el seu partit setmanal contra el tercer classificat, un partit molt dur. Malgrat el 0 a 5 de la primera meitat, els petits de la\u00a0Grama\u00a0van sortir en la segona part amb ganes de continuar competint, per a encaixar dos gols m\u00e9s en la [&hellip;]<\/p>\n","protected":false},"author":1,"featured_media":27559,"comment_status":"closed","ping_status":"closed","sticky":false,"template":"","format":"standard","meta":{"footnotes":""},"categories":[10,4],"tags":[],"class_list":["post-27956","post","type-post","status-publish","format-standard","has-post-thumbnail","hentry","category-alevins","category-base-inclusiu"],"_links":{"self":[{"href":"http:\/\/fegrama.cat\/web\/wp-json\/wp\/v2\/posts\/27956","targetHints":{"allow":["GET"]}}],"collection":[{"href":"http:\/\/fegrama.cat\/web\/wp-json\/wp\/v2\/posts"}],"about":[{"href":"http:\/\/fegrama.cat\/web\/wp-json\/wp\/v2\/types\/post"}],"author":[{"embeddable":true,"href":"http:\/\/fegrama.cat\/web\/wp-json\/wp\/v2\/users\/1"}],"replies":[{"embeddable":true,"href":"http:\/\/fegrama.cat\/web\/wp-json\/wp\/v2\/comments?post=27956"}],"version-history":[{"count":1,"href":"http:\/\/fegrama.cat\/web\/wp-json\/wp\/v2\/posts\/27956\/revisions"}],"predecessor-version":[{"id":27957,"href":"http:\/\/fegrama.cat\/web\/wp-json\/wp\/v2\/posts\/27956\/revisions\/27957"}],"wp:featuredmedia":[{"embeddable":true,"href":"http:\/\/fegrama.cat\/web\/wp-json\/wp\/v2\/media\/27559"}],"wp:attachment":[{"href":"http:\/\/fegrama.cat\/web\/wp-json\/wp\/v2\/media?parent=27956"}],"wp:term":[{"taxonomy":"category","embeddable":true,"href":"http:\/\/fegrama.cat\/web\/wp-json\/wp\/v2\/categories?post=27956"},{"taxonomy":"post_tag","embeddable":true,"href":"http:\/\/fegrama.cat\/web\/wp-json\/wp\/v2\/tags?post=27956"}],"curies":[{"name":"wp","href":"https:\/\/api.w.org\/{rel}","templated":true}]}}