{"id":27930,"date":"2020-02-10T01:10:12","date_gmt":"2020-02-10T00:10:12","guid":{"rendered":"http:\/\/fegrama.cat\/web\/?p=27930"},"modified":"2020-02-10T01:10:20","modified_gmt":"2020-02-10T00:10:20","slug":"croniques-dels-infantils-amb-dues-victories-molt-lluitades-de-la-i-el-c","status":"publish","type":"post","link":"http:\/\/fegrama.cat\/web\/croniques-dels-infantils-amb-dues-victories-molt-lluitades-de-la-i-el-c\/","title":{"rendered":"Cr\u00f2niques dels Infantils amb dues vict\u00f2ries molt lluitades de l'\u00bbA\u00bb i el \u00abC\u00bb."},"content":{"rendered":"\n<figure class=\"wp-block-image size-large\"><img loading=\"lazy\" decoding=\"async\" width=\"1024\" height=\"768\" src=\"http:\/\/fegrama.cat\/web\/wp-content\/uploads\/2020\/02\/INFANTIL-A-1-1024x768.jpeg\" alt=\"\" class=\"wp-image-27939\" srcset=\"http:\/\/fegrama.cat\/web\/wp-content\/uploads\/2020\/02\/INFANTIL-A-1-1024x768.jpeg 1024w, http:\/\/fegrama.cat\/web\/wp-content\/uploads\/2020\/02\/INFANTIL-A-1-300x225.jpeg 300w, http:\/\/fegrama.cat\/web\/wp-content\/uploads\/2020\/02\/INFANTIL-A-1-768x576.jpeg 768w, http:\/\/fegrama.cat\/web\/wp-content\/uploads\/2020\/02\/INFANTIL-A-1-1536x1152.jpeg 1536w, http:\/\/fegrama.cat\/web\/wp-content\/uploads\/2020\/02\/INFANTIL-A-1.jpeg 1600w\" sizes=\"auto, (max-width: 1024px) 100vw, 1024px\" \/><\/figure>\n\n\n\n<p>Infantil \u00abA\u00bb 1 &#8211; Sant Gabriel 0<\/p>\n\n\n\n<p>\u00abEsfor\u00e7 igual a resultat.\u00bb<br>Els de\u00a0Brian\u00a0Espinola\u00a0van sortir al camp molt ben\u00a0col\u00b7locats\u00a0amb una lluita i entrega pel joc espectacular. El\u00a0Sanga\u00a0no creava ocasions i el domini era dels\u00a0blavencs.\u00a0<br>La primera part va ser un clar domini de la Grama per\u00f2 que no acabava d&#8217;arribar b\u00e9 a l&#8217;\u00e0rea local. Les pilotes parades eren molt efectius per a l&#8217;infantil \u00abA\u00bb,\u00a0Mamadou\u00a0amb un pal evitava que la Grama s&#8217;avanc\u00e9s.<br>Un Sagna replegat que jugava en rombe i que els de\u00a0Brian\u00a0havien estudiat per a posar-ho en pr\u00e0ctica aquest cap de setmana.<br>En la segona part els de Grama no van baixar intensitat, aprofundien i venien les ocasions.\u00a0Mamadou\u00a0aprofitava una acci\u00f3 de banda que posava\u00a0l&#8217;1-0 en el marcador. La Grama va seguir i va insistir, nom\u00e9s en els \u00faltims minuts amb 3 c\u00f3rners del\u00a0Sangra\u00a0posaven la por en el cos. Per\u00f2 aquesta vegada els d&#8217;Infantil de la Grama es van emportar el partit.<\/p>\n\n\n\n<p>Brian&nbsp;Espinola: gran feina i gran esfor\u00e7 en el meu \u00faltim partit assegut en aquesta banqueta. \u00c9s un orgull veure&#8217;ls cr\u00e9ixer i la intensitat que tenen. Gr\u00e0cies pel gol dedicat. Els coordinadors i el cos t\u00e8cnic hem decidit que hem d&#8217;intentar salvar al Cadet \u00abC\u00bb, ja que \u00e9s l&#8217;equip que l&#8217;any passat es va guanyar la lliga. Un grup que conec b\u00e9. I com&nbsp;el IA&nbsp;est\u00e0 molt treballat i amb moltes opcions de continuar sumant&#8230; Crec molt en aquests jugadors. Seguir\u00e9 al costat d&#8217;ells aix\u00f2 segur. Ara toca un repte important per a l&#8217;entitat que em va veure cr\u00e9ixer. I \u00e9s no baixar una categoria. Aqu\u00ed seguir\u00e9 en aquest&nbsp;IA&nbsp;coordinant-ho i posant el meu gra de sorra. Anem per m\u00e9s aix\u00f2 segur. Gr\u00e0cies a cadascun d&#8217;ells!<\/p>\n\n\n\n<p><\/p>\n\n\n\n<hr class=\"wp-block-separator is-style-dots\"\/>\n\n\n\n<p><\/p>\n\n\n\n<p>Infantil \u201cA\u201d 1 &#8211;\u00a0Sant\u00a0Gabriel 0<\/p>\n\n\n\n<p>\u00abEsfuerzo igual\u00a0a\u00a0resultado.\u00bb<br>Los de Brian\u00a0Esponila\u00a0saltaron al campo muy bien colocados, con una lucha y una entrega espectacular. El Sangra no creaba ocasiones y el dominio era de los azulones. La primera parte fue un claro dominio de la Grama pero que no acababa de llegar bien\u00a0al\u00a0\u00e1rea local. Los balones parados eran muy efectivos para el infantil \u00abA\u00bb,\u00a0Mamadou\u00a0con un poste evitaba que la Grama se adelantara.<br>Un Sangra replegado que jugaba en rombo y que los de Brian hab\u00edan estudiado para ponerlo en pr\u00e1ctica este fin de semana.<br>En la segunda parte los de Grama no bajaron intensidad, profundizaban y ven\u00edan las ocasiones.\u00a0Mamadou\u00a0aprovechaba una acci\u00f3n de banda que pon\u00eda el 1-0 en el marcador. La Grama sigui\u00f3 e insisti\u00f3,\u00a0solo\u00a0en los \u00faltimos minutos con 3\u00a0c\u00f3rners\u00a0del Sangra pon\u00edan el miedo en el cuerpo. Pero esta vez los de Infantil de la Grama se llevaron el partido.<\/p>\n\n\n\n<p>Brian&nbsp;Espinola: gran trabajo y gran esfuerzo en mi \u00faltimo partido sentado en este banquillo. Es un orgullo verlos crecer y la intensidad que tienen. Gracias por el gol dedicado. Los coordinadores y el cuerpo t\u00e9cnico hemos decidido que tenemos que intentar salvar al Cadete \u00abC\u00bb ya que es el equipo que el a\u00f1o pasado se gan\u00f3 la liga. Un grupo que conozco bien. Y como el&nbsp;IA&nbsp;est\u00e1 muy trabajado y con muchas opciones de seguir sumando&#8230;&nbsp;Creo&nbsp;mucho en estos jugadores. Seguir\u00e9 al lado de ellos eso seguro. Ahora toca un reto importante para la entidad que me vio crecer. Y es no bajar una categor\u00eda. Aqu\u00ed seguir\u00e9 en este&nbsp;IA&nbsp;coordin\u00e1ndolo y poniendo mi grano de arena. Vamos a por m\u00e1s eso seguro.&nbsp;\u00a1Gracias a cada uno de ellos!<\/p>\n\n\n\n<!--nextpage-->\n\n\n\n<p>Infantil \u00abB\u00bb 3 &#8211; Mercantil 3<\/p>\n\n\n\n<p>En el partit que van jugar els nostres nois de l&#8217;Infantil \u00abB\u00bb en la seva 16a jornada va estar empatat. En la primera part van ser els de la Grama qui marcava l&#8217;1 a 0 gr\u00e0cies a un bon passi entre l\u00ednies, aix\u00ed i tot hi ha un empat dels contraris per un penal que&nbsp;al cap de pocs minuts&nbsp;posa l&#8217;1 a 2 on la Grama no surt afavorida.<br>Just abans d&#8217;acabar la primera part els nostres empaten gr\u00e0cies al&nbsp;rebuig&nbsp;del porter contrari en una falta que els de la Grama van rematar a porteria.<br>Despr\u00e9s del descans comen\u00e7a la segona part en la qual els nostres controlen m\u00e9s el partit i d&#8217;una falta es marca el 3-2.<br>Va ser un partit de moltes faltes en contra, l&#8217;\u00e0rbitre va afegir 7&#8242;&nbsp;minuts&nbsp;\u00abper la cara\u00bb i l&#8217;empat per un gol dels contraris, es produeix en el minut 77&#8242;.<\/p>\n\n\n\n<p><\/p>\n\n\n\n<hr class=\"wp-block-separator is-style-dots\"\/>\n\n\n\n<p><\/p>\n\n\n\n<p>Infantil \u201cB\u201d 3 &#8211; Mercantil 3<\/p>\n\n\n\n<p>En el partido que jugaron nuestros chicos del Infantil \u201cB\u201d en su 16a jornada estuvo empatado. En la primera parte fueron los de la Grama quien marcaba el 1 a 0 gracias a un buen pase entre l\u00edneas,&nbsp;aun&nbsp;as\u00ed hay un empate de los contrarios por un penalti que a los pocos minutos pone el 1 a 2 donde la Grama no sale favorecida.<br>Justo antes de acabar la primera parte los nuestros empatan gracias al rechace del portero contrario en una falta que los de la Grama remataron a porter\u00eda.<br>Despu\u00e9s del descanso empieza la segunda parte en la que los nuestros controlan m\u00e1s el partido y de una falta se marca el 3-2.<br>Fue un partido de muchas faltas en contra, el \u00e1rbitro a\u00f1adi\u00f3 7\u2019 min \u201cpor la cara\u201d y el empate por un gol de los contrarios, se produce en el minuto 77\u2019.<\/p>\n\n\n\n<!--nextpage-->\n\n\n\n<figure class=\"wp-block-image size-large\"><img loading=\"lazy\" decoding=\"async\" width=\"1024\" height=\"763\" src=\"http:\/\/fegrama.cat\/web\/wp-content\/uploads\/2020\/02\/INFANTIL-C-1024x763.jpeg\" alt=\"\" class=\"wp-image-27940\" srcset=\"http:\/\/fegrama.cat\/web\/wp-content\/uploads\/2020\/02\/INFANTIL-C-1024x763.jpeg 1024w, http:\/\/fegrama.cat\/web\/wp-content\/uploads\/2020\/02\/INFANTIL-C-300x224.jpeg 300w, http:\/\/fegrama.cat\/web\/wp-content\/uploads\/2020\/02\/INFANTIL-C-768x572.jpeg 768w, http:\/\/fegrama.cat\/web\/wp-content\/uploads\/2020\/02\/INFANTIL-C.jpeg 1080w\" sizes=\"auto, (max-width: 1024px) 100vw, 1024px\" \/><\/figure>\n\n\n\n<p>Infantil \u201cC\u201d 4 &#8211;\u00a0Bellviche\u00a01<\/p>\n\n\n\n<p>Els de l&#8217;Infantil \u201cC\u201d van jugar un gran partit en el qual van comen\u00e7ar encaixant un gol matiner immerescut. La primera part va ser una mica fluixa i els de la&nbsp;Grama&nbsp;no van poder empatar malgrat tenir oportunitats molt clares.<br>Arriba la segona part i els nostres van sortir molt endollats, aquesta vegada sabent aprofitar les oportunitats i ficant quatre gols de l&#8217;estirada.<br>El partit va acabar amb un clar i contundent 4 a 1 lluitat pels nostres. <\/p>\n\n\n\n<p>GRAN PARTIT!!!<\/p>\n\n\n\n<p><\/p>\n\n\n\n<hr class=\"wp-block-separator is-style-dots\"\/>\n\n\n\n<p><\/p>\n\n\n\n<p>Infantil \u201cC\u201d 4 &#8211; Bellviche&nbsp; 1<\/p>\n\n\n\n<p>Los del Infantil \u201cC\u201d jugaron un gran partido en el que empezaron encajando un gol tempranero inmerecido. La primera parte fue un poco floja y los de la Grama no pudieron empatar pese a tener oportunidades muy claras.<\/p>\n\n\n\n<p>Llega la segunda parte y los nuestros salieron muy enchufados, esta vez sabiendo aprovechar las oportunidades y metiendo cuatro goles del tir\u00f3n.&nbsp;<\/p>\n\n\n\n<p>El partido acab\u00f3 con un claro y contundente 4 a 1 luchado por los nuestros.<\/p>\n\n\n\n<p>\u00a1\u00a1\u00a1GRAN PARTIDO!!!<br><\/p>\n","protected":false},"excerpt":{"rendered":"<p>Infantil \u00abA\u00bb 1 &#8211; Sant Gabriel 0 \u00abEsfor\u00e7 igual a resultat.\u00bbEls de\u00a0Brian\u00a0Espinola\u00a0van sortir al camp molt ben\u00a0col\u00b7locats\u00a0amb una lluita i entrega pel joc espectacular. El\u00a0Sanga\u00a0no creava ocasions i el domini era dels\u00a0blavencs.\u00a0La primera part va ser un clar domini de la Grama per\u00f2 que no acabava d&#8217;arribar b\u00e9 a l&#8217;\u00e0rea local. Les pilotes parades eren [&hellip;]<\/p>\n","protected":false},"author":1,"featured_media":27939,"comment_status":"closed","ping_status":"closed","sticky":false,"template":"","format":"standard","meta":{"footnotes":""},"categories":[4,9],"tags":[],"class_list":["post-27930","post","type-post","status-publish","format-standard","has-post-thumbnail","hentry","category-base-inclusiu","category-infantils"],"_links":{"self":[{"href":"http:\/\/fegrama.cat\/web\/wp-json\/wp\/v2\/posts\/27930","targetHints":{"allow":["GET"]}}],"collection":[{"href":"http:\/\/fegrama.cat\/web\/wp-json\/wp\/v2\/posts"}],"about":[{"href":"http:\/\/fegrama.cat\/web\/wp-json\/wp\/v2\/types\/post"}],"author":[{"embeddable":true,"href":"http:\/\/fegrama.cat\/web\/wp-json\/wp\/v2\/users\/1"}],"replies":[{"embeddable":true,"href":"http:\/\/fegrama.cat\/web\/wp-json\/wp\/v2\/comments?post=27930"}],"version-history":[{"count":5,"href":"http:\/\/fegrama.cat\/web\/wp-json\/wp\/v2\/posts\/27930\/revisions"}],"predecessor-version":[{"id":27941,"href":"http:\/\/fegrama.cat\/web\/wp-json\/wp\/v2\/posts\/27930\/revisions\/27941"}],"wp:featuredmedia":[{"embeddable":true,"href":"http:\/\/fegrama.cat\/web\/wp-json\/wp\/v2\/media\/27939"}],"wp:attachment":[{"href":"http:\/\/fegrama.cat\/web\/wp-json\/wp\/v2\/media?parent=27930"}],"wp:term":[{"taxonomy":"category","embeddable":true,"href":"http:\/\/fegrama.cat\/web\/wp-json\/wp\/v2\/categories?post=27930"},{"taxonomy":"post_tag","embeddable":true,"href":"http:\/\/fegrama.cat\/web\/wp-json\/wp\/v2\/tags?post=27930"}],"curies":[{"name":"wp","href":"https:\/\/api.w.org\/{rel}","templated":true}]}}