{"id":27913,"date":"2020-02-10T22:00:41","date_gmt":"2020-02-10T21:00:41","guid":{"rendered":"http:\/\/fegrama.cat\/web\/?p=27913"},"modified":"2020-02-10T22:00:42","modified_gmt":"2020-02-10T21:00:42","slug":"croniques-dels-juvenils-amb-les-victories-del-b-i-el-c","status":"publish","type":"post","link":"http:\/\/fegrama.cat\/web\/croniques-dels-juvenils-amb-les-victories-del-b-i-el-c\/","title":{"rendered":"Cr\u00f2niques dels Juvenils amb les vict\u00f2ries del \u00abB\u00bb i el \u00abC\u00bb."},"content":{"rendered":"\n<p>Racing&nbsp;Sarri\u00e0 0 &#8211; Juvenil \u00abB\u00bb 5<\/p>\n\n\n\n<p>Partit entre el&nbsp;Racing&nbsp;Sarri\u00e0 contra la Fundaci\u00f3 Grama Juvenil \u00abB\u00bb, partit de domini total del nostre Juvenil ja en els primers minuts van demostrar al que venien. Amb molta intensitat&nbsp;amb i sense&nbsp;pilota. Una pressi\u00f3 alta va provocar l&#8217;error del rival, i al cap de 15 minuts amb una gran jugada, Guillem posa el 0 a 1. El seg\u00fcent va ser d&#8217;una gran jugada individual de&nbsp;Yago&nbsp;a la sortida d&#8217;un c\u00f3rner on es fica fins a la cuina i finalitza amb classe col\u00b7locant el 0 a 2. L&#8217;equip adversari ja enfrontava dificultats i encara en la primera etapa del partit es va quedar amb un menys, per targeta vermella.<\/p>\n\n\n\n<p>En la segona part la Grama va sortir amb tres canvis respecte a la primera meitat, l&#8217;equip va continuar amb el mateix gui\u00f3 i aix\u00ed van arribar 3 gols m\u00e9s, destacant un robatori d&#8217;Arnau taules en zona 3\/4 i finalitzant el la jugada amb una gran definici\u00f3.&nbsp;<br>El partit va concloure amb un contundent 0-5 on llevant els primers minuts de la segona part on l&#8217;equip es va precipitar amb pilota, va ser amo i senyor del partit. Destacar el debut d&#8217;Arnau, porter del nostre Juvenil \u00abC\u00bb que va fer una gran acci\u00f3 mantenint la porteria a zero i tamb\u00e9 el de&nbsp;Marcos&nbsp;despr\u00e9s d&#8217;una lesi\u00f3 de llarga durada, un pas cap endavant respecte a la setmana passada i amb la ment posada en el seg\u00fcent partit en casa.<\/p>\n\n\n\n<p><\/p>\n\n\n\n<hr class=\"wp-block-separator is-style-dots\"\/>\n\n\n\n<p><\/p>\n\n\n\n<p>Racing Sarri\u00e1 0 &#8211; Juvenil \u00abB\u00bb 5 <\/p>\n\n\n\n<p>Partido entre el\u00a0Racing\u00a0Sarri\u00e1\u00a0contra la Fundaci\u00f3n Grama Juvenil B, partido de dominio total de nuestro Juvenil ya en los primeros minutos demostraron a lo que ven\u00edan. Con mucha intensidad con y sin bal\u00f3n, una presi\u00f3n alta provocando el error del rival, y a los 15 minutos con una gran jugada donde Guille pone el 0 a 1. El siguiente fue de una gran jugada individual de Yago a la salida de un c\u00f3rner donde se mete hasta la cocina y finaliza con clase colocando el 0 a 2. El equipo adversario ya enfrentaba dificultades y a\u00fan en la primera etapa del partido se qued\u00f3 con uno menos, por tarjeta roja.\u00a0<\/p>\n\n\n\n<p>En la segunda parte la Grama sali\u00f3 con tres cambios respecto a la primera mitad, el equipo continu\u00f3 con el mismo guion y as\u00ed llegaron 3 goles m\u00e1s, destacando un robo de Arnau mesas en zona 3\/4 y finalizando el la jugada con una gran definici\u00f3n. El partido concluy\u00f3 con un contundente 0-5 donde quitando los primeros minutos de la segunda parte donde el equipo se precipit\u00f3 con bal\u00f3n, fue due\u00f1o y se\u00f1or del partido. Destacar el debut de Arnau, portero de nuestro Juvenil \u00abC\u00bb que hizo una gran acci\u00f3n manteniendo la porter\u00eda a cero y el debut de marcos despu\u00e9s de una lesi\u00f3n de gran duraci\u00f3n, un pasito adelante respecto a la semana pasada y con la mente puesta en el siguiente partido en casa.<\/p>\n\n\n\n<!--nextpage-->\n\n\n\n<figure class=\"wp-block-image size-large\"><img loading=\"lazy\" decoding=\"async\" width=\"1024\" height=\"768\" src=\"http:\/\/fegrama.cat\/web\/wp-content\/uploads\/2020\/02\/JUVENIL-C-1024x768.jpeg\" alt=\"\" class=\"wp-image-27953\" srcset=\"http:\/\/fegrama.cat\/web\/wp-content\/uploads\/2020\/02\/JUVENIL-C-1024x768.jpeg 1024w, http:\/\/fegrama.cat\/web\/wp-content\/uploads\/2020\/02\/JUVENIL-C-300x225.jpeg 300w, http:\/\/fegrama.cat\/web\/wp-content\/uploads\/2020\/02\/JUVENIL-C-768x576.jpeg 768w, http:\/\/fegrama.cat\/web\/wp-content\/uploads\/2020\/02\/JUVENIL-C-1536x1152.jpeg 1536w, http:\/\/fegrama.cat\/web\/wp-content\/uploads\/2020\/02\/JUVENIL-C.jpeg 1600w\" sizes=\"auto, (max-width: 1024px) 100vw, 1024px\" \/><\/figure>\n\n\n\n<p>CP\u00a0Sarri\u00e0 1 &#8211; Juvenil \u00abC\u00bb 3<\/p>\n\n\n\n<p>Vict\u00f2ria a domicili del nostre Juvenil C davant el col\u00edder&nbsp;CP&nbsp;Sarri\u00e0 que serveix per a tancar (mancant la resoluci\u00f3 del partit susp\u00e8s amb la Manigua) una primera volta que permet als&nbsp;Colomenses&nbsp;continuar somiant amb l&#8217;ascens.<\/p>\n\n\n\n<p>El m\u00e9s que just, quant a dimensions, camp de Ca&nbsp;Caralleu&nbsp;seria testimoni d&#8217;un disputat partit en el qual va predominar el joc directe, les interrupcions constants, la pol\u00e8mica i la vergonyosa actitud del p\u00fablic<br>local.<\/p>\n\n\n\n<p>El partit comen\u00e7aria amb un penal a favor dels locals (minut 5) en una disputa en una pilota dividida entre el nostre porter Arnau Franco i el davanter rival. El penal seria transformat i els nostres es veurien<br>obligats a remuntar.<\/p>\n\n\n\n<p>Les ocasions visitants van anar arribant fins que en el minut 14,&nbsp;Takeru&nbsp;Nagai, despr\u00e9s d&#8217;un bon centre de&nbsp;Jean&nbsp;Paul Medina, sumava el primer pareixis els blavencs.<\/p>\n\n\n\n<p>El conjunt barcelon\u00ed buscava crear perill a trav\u00e9s d&#8217;accions a pilota parada i del joc directe, per\u00f2 les sensacions al descans (1-1) eren de superioritat visitant.<\/p>\n\n\n\n<p>La segona meitat comen\u00e7aria prop de la porteria local, amb un conjunt visitant generant ocasions fins que, en el minut 52, Guillem Aguilar, despr\u00e9s d&#8217;un excel\u00b7lent colpejo croat, desfeia l&#8217;empat en el marcador.<\/p>\n\n\n\n<p>Les inexplicables protestes despr\u00e9s del gol dels jugadors locals van arribar a suposar una targeta<br>vermella per al golejador barcelon\u00ed, deixant al seu equip amb 10 jugadors per al que quedava de partit.<\/p>\n\n\n\n<p>Despr\u00e9s de l&#8217;expulsi\u00f3, el domini Colomenc va ser major per\u00f2 les ocasions no es transformaven en gols fins que, Arnau Roca, en el minut 68, doblegava l&#8217;avantatge despr\u00e9s d&#8217;una excel\u00b7lent rematada de cap creuat.<\/p>\n\n\n\n<p>Un minut despr\u00e9s, V\u00edctor&nbsp;Qui\u00f1ones&nbsp;seria expulsat per una doble groga (totes dues targetes dubtoses), deixant el partit en un deu contra deu en el qual les innombrables interrupcions van fer que els vint minuts finals es fessin massa llargs per a l&#8217;avantatge que hi havia en el marcador.<\/p>\n\n\n\n<p>L&#8217;equip, a la part alta de la taula, visitar\u00e0 al cuer Collblanc Torrassa en la seg\u00fcent jornada amb l&#8217;objectiu de sumar de nou tres punts i seguir al capdavant una setmana m\u00e9s. El partit es disputar\u00e0 el diumenge 16 de febrer a les&nbsp;18h&nbsp;en el Municipal del Gornal.<\/p>\n\n\n\n<p><\/p>\n\n\n\n<hr class=\"wp-block-separator is-style-dots\"\/>\n\n\n\n<p><\/p>\n\n\n\n<p>CP\u00a0Sarri\u00e1 1 &#8211;  Juvenil \u00abC\u00bb 3<\/p>\n\n\n\n<p>Victoria a domicilio de nuestro Juvenil C ante el\u00a0col\u00edder\u00a0CP\u00a0Sarria que<br>sirve para cerrar (a falta de la resoluci\u00f3n del partido suspendido con la<br>Manigua) una primera vuelta que permite a los\u00a0Colomenses\u00a0seguir so\u00f1ando con el ascenso.<\/p>\n\n\n\n<p>El m\u00e1s que justo, en cuanto a dimensiones, campo de Can&nbsp;Caralleu&nbsp;ser\u00eda<br>testigo de un disputado partido en el que predomin\u00f3 el juego directo, las<br>interrupciones constantes, la pol\u00e9mica y la vergonzosa actitud del p\u00fablico<br>local.<\/p>\n\n\n\n<p>El partido empezar\u00eda con un penalti a favor de los locales (minuto 5) en una<br>disputa en un bal\u00f3n dividido entre nuestro portero Arnau Franco y el<br>delantero rival. El penalti ser\u00eda transformado y los nuestros se ver\u00edan<br>obligados a remontar.<\/p>\n\n\n\n<p>Las ocasiones visitantes fueron llegando hasta que en el minuto 14,\u00a0Takeru<br>Nagai, tras un buen centro de Jean Paul Medina, sumaba el primero paras los azulones.<\/p>\n\n\n\n<p>El conjunto barcelon\u00e9s buscaba crear peligro a trav\u00e9s de acciones a bal\u00f3n<br>parado y del juego directo, pero las sensaciones al descanso (1-1) eran de<br>superioridad visitante.<\/p>\n\n\n\n<p>La segunda mitad empezar\u00eda cerca de la porter\u00eda local, con un conjunto<br>visitante generando ocasiones hasta que, en el minuto 52,&nbsp;Guillem&nbsp;Aguilar,<br>tras un excelente golpeo cruzado, deshac\u00eda el empate en el marcador.<\/p>\n\n\n\n<p>Las inexplicables protestas tras el gol de los jugadores locales llegaron a<br>suponer una tarjeta roja para el goleador barcelon\u00e9s, dejando a su equipo<br>con 10 jugadores para lo que quedaba de partido.<\/p>\n\n\n\n<p>Tras la expulsi\u00f3n, el dominio&nbsp;colomense&nbsp;fue mayor pero las ocasiones no se<br>transformaban en goles hasta que, Arnau Roca, en el minuto 68, doblaba la<br>ventaja tras un excelente remate de cabeza cruzado.<\/p>\n\n\n\n<p>Un minuto despu\u00e9s, V\u00edctor Qui\u00f1ones ser\u00eda expulsado por una doble amarilla (ambas tarjetas dudosas), dejando el partido en un diez contra diez en el que las innumerables interrupciones hicieron que los veinte minutos finales se hicieran demasiado largos para la ventaja que hab\u00eda en el marcador.<\/p>\n\n\n\n<p>El equipo, en lo alto de la tabla, visitar\u00e1 al colista\u00a0Collblanc\u00a0Torrassa\u00a0en<br>la siguiente jornada con el objetivo de sumar de nuevo tres puntos y seguir<br>en cabeza una semana m\u00e1s. El partido se disputar\u00e1 el domingo 16 de febrero a las 18h en el Municipal del\u00a0Gornal.<\/p>\n\n\n\n<!--nextpage-->\n\n\n\n<p>Anguera 3 &#8211; Juvenil \u00abD\u00bb 3<\/p>\n\n\n\n<p>Partit tosc i molt disputat en un camp molt petit el que van jugar els nostres nois del Juvenil \u00abD\u00bb, on la pilota trepitjava poc el s\u00f2l.<\/p>\n\n\n\n<p>En una primera part on el Juvenil \u00abD\u00bb comen\u00e7ava perdent en el minut 7&#8242;&nbsp;despr\u00e9s d&#8217;un error defensiu; per\u00f2 abans de la seva finalitzaci\u00f3 aconseguia empatar el partit (1-1).<\/p>\n\n\n\n<p>En la segona part el partit es va tornar boig, la Fundaci\u00f3 li donava la volta al marcador i dominava el partit, per\u00f2&nbsp;l&#8217;Anguera&nbsp;aconseguia empatar-lo, per falta d&#8217;intensitat defensiva s&#8217;arriba al 2 a 2.<\/p>\n\n\n\n<p>El partit era un \u00abcorrecalles\u00bb fins que en una bona jugada, la Fundaci\u00f3 aconseguia avan\u00e7ar-se. Per\u00f2 els nostres no van saber&nbsp;apoderar-se del partit i una vegada m\u00e9s, en el minut de descompte es deixaven escapar 2 punts m\u00e9s.<\/p>\n\n\n\n<p><\/p>\n\n\n\n<hr class=\"wp-block-separator is-style-dots\"\/>\n\n\n\n<p><\/p>\n\n\n\n<p>Anguera 3 &#8211; Juvenil \u201cD\u201d 3<\/p>\n\n\n\n<p>Partido tosco y muy disputado en un campo muy peque\u00f1o el que jugaron nuestros chicos del Juvenil \u201cD\u201d, donde el bal\u00f3n pisaba poco el suelo.&nbsp;<\/p>\n\n\n\n<p>En una primera parte donde el Juvenil \u201cD\u201d empezaba perdiendo en el minuto 7\u2019 tras un error defensivo; pero antes de su finalizaci\u00f3n lograba empatar el partido (1-1).&nbsp;Partido tosco y muy disputado en un campo muy peque\u00f1o el que jugaron nuestros chicos del Juvenil \u201cD\u201d, donde el bal\u00f3n pisaba poco el suelo.&nbsp;<\/p>\n\n\n\n<p>En la segunda parte el partido se volvi\u00f3 loco, la Fundaci\u00f3n le daba la vuelta al marcador y dominaba el partido, pero el Anguera lograba empatarlo, por falta de intensidad defensiva se llega al 2 a 2.&nbsp;<\/p>\n\n\n\n<p>El partido era un \u201ccorrecalles\u201d hasta que en una buena jugada, la Fundaci\u00f3n lograba adelantarse. Pero los nuestros no supieron hacerse con el partido y una vez m\u00e1s, en el minuto de descuento se dejaban escapar 2 puntos m\u00e1s.<\/p>\n","protected":false},"excerpt":{"rendered":"<p>Racing&nbsp;Sarri\u00e0 0 &#8211; Juvenil \u00abB\u00bb 5 Partit entre el&nbsp;Racing&nbsp;Sarri\u00e0 contra la Fundaci\u00f3 Grama Juvenil \u00abB\u00bb, partit de domini total del nostre Juvenil ja en els primers minuts van demostrar al que venien. Amb molta intensitat&nbsp;amb i sense&nbsp;pilota. Una pressi\u00f3 alta va provocar l&#8217;error del rival, i al cap de 15 minuts amb una gran jugada, [&hellip;]<\/p>\n","protected":false},"author":1,"featured_media":27953,"comment_status":"closed","ping_status":"closed","sticky":false,"template":"","format":"standard","meta":{"footnotes":""},"categories":[4,6],"tags":[],"class_list":["post-27913","post","type-post","status-publish","format-standard","has-post-thumbnail","hentry","category-base-inclusiu","category-juvenils"],"_links":{"self":[{"href":"http:\/\/fegrama.cat\/web\/wp-json\/wp\/v2\/posts\/27913","targetHints":{"allow":["GET"]}}],"collection":[{"href":"http:\/\/fegrama.cat\/web\/wp-json\/wp\/v2\/posts"}],"about":[{"href":"http:\/\/fegrama.cat\/web\/wp-json\/wp\/v2\/types\/post"}],"author":[{"embeddable":true,"href":"http:\/\/fegrama.cat\/web\/wp-json\/wp\/v2\/users\/1"}],"replies":[{"embeddable":true,"href":"http:\/\/fegrama.cat\/web\/wp-json\/wp\/v2\/comments?post=27913"}],"version-history":[{"count":8,"href":"http:\/\/fegrama.cat\/web\/wp-json\/wp\/v2\/posts\/27913\/revisions"}],"predecessor-version":[{"id":27955,"href":"http:\/\/fegrama.cat\/web\/wp-json\/wp\/v2\/posts\/27913\/revisions\/27955"}],"wp:featuredmedia":[{"embeddable":true,"href":"http:\/\/fegrama.cat\/web\/wp-json\/wp\/v2\/media\/27953"}],"wp:attachment":[{"href":"http:\/\/fegrama.cat\/web\/wp-json\/wp\/v2\/media?parent=27913"}],"wp:term":[{"taxonomy":"category","embeddable":true,"href":"http:\/\/fegrama.cat\/web\/wp-json\/wp\/v2\/categories?post=27913"},{"taxonomy":"post_tag","embeddable":true,"href":"http:\/\/fegrama.cat\/web\/wp-json\/wp\/v2\/tags?post=27913"}],"curies":[{"name":"wp","href":"https:\/\/api.w.org\/{rel}","templated":true}]}}