{"id":27911,"date":"2020-02-10T16:45:13","date_gmt":"2020-02-10T15:45:13","guid":{"rendered":"http:\/\/fegrama.cat\/web\/?p=27911"},"modified":"2020-02-10T16:45:17","modified_gmt":"2020-02-10T15:45:17","slug":"els-petits-no-paren-de-donar-ho-tot-i-es-veu-reflectit","status":"publish","type":"post","link":"http:\/\/fegrama.cat\/web\/els-petits-no-paren-de-donar-ho-tot-i-es-veu-reflectit\/","title":{"rendered":"Els petits no paren de donar-ho tot i es veu reflectit!"},"content":{"rendered":"\n<p>Llefi\u00e0 1 &#8211;&nbsp;Prebenjam\u00ed&nbsp;\u00abA\u00bb 4<\/p>\n\n\n\n<p>Partit fora de casa per als nostres petits&nbsp;que comencen amb molt bona actitud. Bona pressi\u00f3 i anticipaci\u00f3 recompensa als de la Grama amb un gol en el minut un de joc. Poc duraria l&#8217;alegria, ja que Llefi\u00e0 els empataria en el 2. Seguia la trobada trepidant i on la Grama s&#8217;avan\u00e7ava de nou. Havien passat nom\u00e9s 4&#8242;&nbsp;minuts del comen\u00e7ament i ja es veia que els nostres estaven endollats.<\/p>\n\n\n\n<p>En el segon quart de joc, la Grama va controlar encara millor i no van donar opcions a atacs dels contraris.<br>Despr\u00e9s del descans en el qual es va parlar que era l&#8217;hora de pressionar com en el principi&#8230; aix\u00ed ho van fer, pressi\u00f3 alta sobre la sortida dels contraris que els fan dubtar. Aix\u00ed el tercer tant, va caure del costat de la Grama. En l&#8217;\u00faltim quart, la Grama aguantava b\u00e9 la seva empenta i en una contra maten el partit amb 1-4.<br>L&#8217;entrenador diu: \u00abTornem a la bona actitud del principi de temporada. Amb bona pressi\u00f3 i solidaritat entre companys&#8230; A seguir aix\u00ed equip.\u00bb<\/p>\n\n\n\n<p><\/p>\n\n\n\n<hr class=\"wp-block-separator is-style-dots\"\/>\n\n\n\n<p><\/p>\n\n\n\n<p>Llefi\u00e0&nbsp;1 &#8211;&nbsp;Prebenjamin&nbsp;\u00abA\u00bb 4<\/p>\n\n\n\n<p>Partido fuera de casa para nuestros peque\u00f1ines que empiezan con muy buena actitud. Buena presi\u00f3n y anticipaci\u00f3n recompensa a los de la Grama con un gol en el minuto uno de juego. Poco durar\u00eda la alegr\u00eda, ya que&nbsp;Llefi\u00e0&nbsp;los&nbsp;empataria&nbsp;en el 2. Segu\u00eda el encuentro trepidante y donde la Grama se adelantaba de nuevo. Hab\u00edan pasado solo 4&#8242; minutos del comienzo y ya se ve\u00eda que los nuestros estaban enchufados.&nbsp;<\/p>\n\n\n\n<p>En el segundo cuarto de juego la Grama control\u00f3 a\u00fan mejor y no dieron opciones a ataques de los contrarios.<br>Despu\u00e9s del descanso en el que se habl\u00f3 de que era la hora de presionar como en el principio&#8230;&nbsp;as\u00ed&nbsp;lo hicieron, presi\u00f3n alta sobre la salida de los contrarios que los hacen dudar. As\u00ed el tercer tanto, cay\u00f3 del lado de la Grama. En el \u00faltimo cuarto la Grama aguantaba bien su empuj\u00f3n y en una contra matan el partido con 1-4.<br>El entrenador dice: \u00abVolvemos a la buena actitud del principio de temporada. Con buena presi\u00f3n y solidaridad entre compa\u00f1eros&#8230; A seguir as\u00ed equipo.\u00bb<\/p>\n\n\n\n<!--nextpage-->\n\n\n\n<p>Prebenjam\u00ed \u00abB\u00bb 5 &#8211;&nbsp;Racing&nbsp;Sarri\u00e0 3<\/p>\n\n\n\n<p>Els nostres Prebenjamins del \u00abB\u00bb jugaven el seu partit d&#8217;aquesta setmana comen\u00e7ant una mica \u00abadormits\u00bb pel que en la primera jugada, per una distracci\u00f3 que es t\u00e9 en defensa, els contraris s\u00f3n els qui marquen el primer gol que posa el 0 a 1 en el marcador. Malgrat aix\u00f2 els de la Grama segueixen sense pressionar i deixant jugar al rival&#8230; Aix\u00f2 fa que el rival marqui un altre gol i que es vagi a la mitja part perdent amb 2 a 0.<br>Despr\u00e9s d&#8217;aquest petit descans se surt en la segona part amb una concentraci\u00f3 immensa, comen\u00e7ant a lluitar el partit com si no hi hagu\u00e9s un dem\u00e0, els de la Grama aix\u00ed, fiquen tres gols. El llumin\u00f3s mostra el 3 a 2. A partir d&#8217;aqu\u00ed, els contraris es comencen a desconcentrar i els de la Grama no paren de lluitar i pressionar; que aix\u00f2 fa que el rival es posi nervi\u00f3s i es marqui un gol en pr\u00f2pia porta&#8230; Per\u00f2 per un error defensiu s\u00f3n ells qui marquen un gol deixant el partit 4 a 3 en aquest moment. Els de la Grama saben corregir l&#8217;error i continuen jugant al seu joc, fent-se aix\u00ed amb un altre gol que deixa el 5 a 3 en el llumin\u00f3s i&nbsp;anant-se a casa molt&nbsp;contents.<\/p>\n\n\n\n<p><\/p>\n\n\n\n<hr class=\"wp-block-separator\"\/>\n\n\n\n<p><\/p>\n\n\n\n<p>Prebenjam\u00edn&nbsp;\u201cB\u201d 5 &#8211;&nbsp;Racing&nbsp;Sarri\u00e0&nbsp;3<\/p>\n\n\n\n<p>Nuestros&nbsp;Prebenjamines&nbsp;del \u201cB\u201d jugaban su partido de esta semana empezando un poco \u201cdormidos\u201d por lo que en la primera jugada, por un despiste que se tiene en defensa, los contrarios son quienes marcan el primer gol que pone el 0 a 1 en el marcador. A pesar de eso los de la Grama siguen sin presionar y dejando jugar al rival\u2026&nbsp;Eso&nbsp;hace que el rival marque otro gol y que se vaya a la media parte perdiendo con 2 a 0.<br>Despu\u00e9s de ese peque\u00f1o descanso se sale en la segunda parte con una concentraci\u00f3n inmensa, empezando a luchar el partido como si no hubiera un ma\u00f1ana, los de la Grama as\u00ed, meten tres goles. El luminoso muestra el 3 a 2. A partir de ah\u00ed, los contrarios se empiezan a desconcentrar y los de la Grama no paran de luchar y presionar; que eso hace que el rival se ponga nervioso y se marque un gol en propia puerta&#8230;&nbsp;Pero&nbsp;por un error defensivo son ellos quien marcan un gol dejando el partido 4 a 3 en ese momento. Los de la Grama saben corregir el error y siguen jugando a su juego, haci\u00e9ndose as\u00ed con otro gol que deja el 5 a 3 en el luminoso y y\u00e9ndose a casa muy contentos.<\/p>\n","protected":false},"excerpt":{"rendered":"<p>Llefi\u00e0 1 &#8211;&nbsp;Prebenjam\u00ed&nbsp;\u00abA\u00bb 4 Partit fora de casa per als nostres petits&nbsp;que comencen amb molt bona actitud. Bona pressi\u00f3 i anticipaci\u00f3 recompensa als de la Grama amb un gol en el minut un de joc. Poc duraria l&#8217;alegria, ja que Llefi\u00e0 els empataria en el 2. Seguia la trobada trepidant i on la Grama s&#8217;avan\u00e7ava [&hellip;]<\/p>\n","protected":false},"author":1,"featured_media":27685,"comment_status":"closed","ping_status":"closed","sticky":false,"template":"","format":"standard","meta":{"footnotes":""},"categories":[4,12],"tags":[],"class_list":["post-27911","post","type-post","status-publish","format-standard","has-post-thumbnail","hentry","category-base-inclusiu","category-prebenjamins"],"_links":{"self":[{"href":"http:\/\/fegrama.cat\/web\/wp-json\/wp\/v2\/posts\/27911","targetHints":{"allow":["GET"]}}],"collection":[{"href":"http:\/\/fegrama.cat\/web\/wp-json\/wp\/v2\/posts"}],"about":[{"href":"http:\/\/fegrama.cat\/web\/wp-json\/wp\/v2\/types\/post"}],"author":[{"embeddable":true,"href":"http:\/\/fegrama.cat\/web\/wp-json\/wp\/v2\/users\/1"}],"replies":[{"embeddable":true,"href":"http:\/\/fegrama.cat\/web\/wp-json\/wp\/v2\/comments?post=27911"}],"version-history":[{"count":4,"href":"http:\/\/fegrama.cat\/web\/wp-json\/wp\/v2\/posts\/27911\/revisions"}],"predecessor-version":[{"id":27948,"href":"http:\/\/fegrama.cat\/web\/wp-json\/wp\/v2\/posts\/27911\/revisions\/27948"}],"wp:featuredmedia":[{"embeddable":true,"href":"http:\/\/fegrama.cat\/web\/wp-json\/wp\/v2\/media\/27685"}],"wp:attachment":[{"href":"http:\/\/fegrama.cat\/web\/wp-json\/wp\/v2\/media?parent=27911"}],"wp:term":[{"taxonomy":"category","embeddable":true,"href":"http:\/\/fegrama.cat\/web\/wp-json\/wp\/v2\/categories?post=27911"},{"taxonomy":"post_tag","embeddable":true,"href":"http:\/\/fegrama.cat\/web\/wp-json\/wp\/v2\/tags?post=27911"}],"curies":[{"name":"wp","href":"https:\/\/api.w.org\/{rel}","templated":true}]}}