{"id":27895,"date":"2020-02-04T13:21:14","date_gmt":"2020-02-04T12:21:14","guid":{"rendered":"http:\/\/fegrama.cat\/web\/?p=27895"},"modified":"2020-02-04T13:21:15","modified_gmt":"2020-02-04T12:21:15","slug":"croniques-dels-cadets-amb-la-victoria-del-a","status":"publish","type":"post","link":"http:\/\/fegrama.cat\/web\/croniques-dels-cadets-amb-la-victoria-del-a\/","title":{"rendered":"Cr\u00f2niques dels Cadets amb la vict\u00f2ria del \u00abA\u00bb."},"content":{"rendered":"\n<p>Cadet \u00abA\u00bb 3 &#8211; Fundaci\u00f3 Badalona 2<\/p>\n\n\n\n<p>Partit trepidant el viscut el dissabte en el municipal. Enfrontament entre&nbsp;l&#8217;el Cadet \u00abA\u00bb de la Grama que \u00e9s&nbsp;la 2a&nbsp;classificada en la taula i&nbsp;la Badalona&nbsp;3r classificat.<br>El partit comen\u00e7ava amb una Grama intentant estr\u00e8nyer a dalt i&nbsp;una Badalona&nbsp;ben assentat en el camp i fent-se amo de la pilota.&nbsp;La Badalona&nbsp;donava un primer av\u00eds amb una pilota que sortia molt prop de la meta de&nbsp;Papi, al que la Grama responia amb un&nbsp;\u00abderechazo\u00bb&nbsp;de Franco que s&#8217;estavella en el travesser. Corria el minut 19&#8242; de joc, quan el davanter dels visitants seria derrocat en l&#8217;\u00e0rea. Penal a favor&nbsp;de la Badalona&nbsp;que posaria el 0-1 en el marcador. Els&nbsp;Colomencs,&nbsp;de nou van contrarestar i&#8230; una vegada&nbsp;H\u00e8ctor&nbsp;i una altra vegada&nbsp;Rub\u00e8n, enviaven totes dues ocasions fregant el pal!<br>Amb el resultat de 0 a 1 s&#8217;arribava al descans!<br>En la represa \u00abels&nbsp;Blauencs\u00bb van sortir decidits pel partit, davant&nbsp;una Badalona&nbsp;que, ja des del minut 42&#8242; alentia el joc i buscava perdre temps en cada acci\u00f3 on el joc es detenia. Per\u00f2 els locals robaven en camp de Badalona i sortien en transicions molt r\u00e0pides. En una d&#8217;aquestes transicions,&nbsp;Rub\u00e9n&nbsp;era derrocat per darrere i aix\u00f2 li costaria la segona groga a un jugador visitant.&nbsp;La Badalona&nbsp;es quedava amb 10 jugadors i comen\u00e7ava l&#8217;assetjament dels de&nbsp;Santaco, nombroses ocasions que feien indicar que l&#8217;empat estava a prop&#8230; I en el minut 74&#8242; el&nbsp;pitxitxi&nbsp;Albert posava les taules!!! Per\u00f2 els de&nbsp;Manu&nbsp;Pel\u00e1ez&nbsp;no es conformaven amb l&#8217;empat i continuaven assetjant la porteria rival. Arriba el minut 79&#8242; i de nou Albert posava la pilota en el fons de les malles! Amb el 2-1 es va deslligar la bogeria, bogeria que va durar poc, perqu\u00e8 tan sols 1 minut despr\u00e9s&nbsp;la Badalona&nbsp;posava de nou l&#8217;empat 2-2. Per\u00f2 el millor encara estava per arribar, i \u00e9s que en el minut 84&#8242;, Xavi Moreno amb un xut amb l&#8217;esquerra des de la frontal enviava un m\u00edssil&nbsp;davant el qual&nbsp;res podia fer el porter dels de Badalona. 3-2&nbsp;resultat&nbsp;final i els 3 punts es queden en el municipal!!<\/p>\n\n\n\n<p><\/p>\n\n\n\n<hr class=\"wp-block-separator is-style-dots\"\/>\n\n\n\n<p><\/p>\n\n\n\n<p>Cadete \u201cA\u201d 3 &#8211; Fundaci\u00f3n Badalona 2<\/p>\n\n\n\n<p>Partido trepidante el vivido el s\u00e1bado en el municipal. Enfrentamiento entre la el Cadete \u201cA\u201d de la Grama que es la 2\u00ba clasificada en la tabla y el Badalona 3\u00ba clasificado.<\/p>\n\n\n\n<p>El partido empezaba con una Grama intentando apretar arriba y un Badalona bien asentado en el campo y haci\u00e9ndose due\u00f1o del bal\u00f3n. El Badalona daba un primer aviso con un bal\u00f3n que sal\u00eda muy cerca de la meta de Papi, a lo que la Grama respond\u00eda con un derechazo de Franco que se estrella en el larguero. Corr\u00eda el minuto 19\u2019 de juego, cuando el delantero de los visitantes ser\u00eda derribado en el \u00e1rea. Penalti a favor del Badalona que pondr\u00eda el 0-1 en el marcador. Los Colomenses de nuevo contrarrestaron y&#8230; una vez Hector y otra vez Rub\u00e9n, \u00a1enviaban ambas ocasiones fregando el poste!<\/p>\n\n\n\n<p>\u00a1Con el resultado de 0 a 1 se llegaba al descanso!<\/p>\n\n\n\n<p>En la reanudaci\u00f3n \u201clos Azulones\u201d salieron decididos a por el partido, ante un Badalona que, ya desde el minuto 42\u2019 ralentizaba el juego y buscaba perder tiempo en cada acci\u00f3n donde el juego se deten\u00eda. Pero los locales robaban en campo de Badalona y sal\u00edan en transiciones muy r\u00e1pidas. En una de estas transiciones, Rub\u00e9n era derribado por detr\u00e1s y esto le costar\u00eda la segunda amarilla a un jugador visitante. El Badalona se quedaba con 10 jugadores y empezaba el acoso de los de Santaco, numerosas ocasiones que hac\u00edan indicar que el empate estaba cerca&#8230; Y en el minuto 74\u2019 \u00a1\u00a1\u00a1el pichichi Albert pon\u00eda las tablas!!! Pero los de Manu Pel\u00e1ez no se conformaban con el empate y segu\u00edan asediando la porter\u00eda rival. Llega el minuto 79\u2019 y de nuevo Albert \u00a1pon\u00eda el bal\u00f3n en el fondo de las mallas! Con el 2-1 se desat\u00f3 la locura, locura que dur\u00f3 poco, porque tan solo 1 minuto despu\u00e9s el Badalona pon\u00eda de nuevo el empate 2-2. Pero lo mejor a\u00fan estaba por llegar, y es que en el minuto 84\u2019, Xavi Moreno con un zurdazo desde la frontal enviaba un misil ante lo que nada pod\u00eda hacer el portero de los de Badalona. 3-2 resultado final \u00a1\u00a1y los 3 puntos se quedan en el municipal!!<\/p>\n\n\n\n<!--nextpage-->\n\n\n\n<p>Santa\u00a0Eul\u00e0lia\u00a01 &#8211; Cadet \u00abC\u00bb 0<\/p>\n\n\n\n<p>Partit molt igualat per als del Cadet \u00abC\u00bb que jugaven fora de casa.<br>En els inicis de la primera part, l&#8217;equip es va sentir molt c\u00f2mode dominant el joc; els de la Grama van crear&nbsp;bastants&nbsp;ocasions sense resultat, per aix\u00f2 al final de la mateixa els dos equips van generar perill. \u00abEn la segona part no s\u00e9 si ens relaxem una mica per\u00f2 no vam saber materialitzar el partit\u00bb diu l&#8217;entrenador de la Fundaci\u00f3. I desafortunadament en un centre frontal els de Santa&nbsp;Eul\u00e0lia&nbsp;supera la l\u00ednia defensiva dels de la Grama i sense res a fer el porter, s\u00f3n els contraris qui encaixen als nostres l&#8217;\u00fanic gol del partit.<br>En l&#8217;\u00faltim tram del partit els nostres es van bolcar a l&#8217;atac i en diverses ocasions es podria haver empatat, per\u00f2 el porter i el pal el van evitar.<\/p>\n\n\n\n<p><\/p>\n\n\n\n<hr class=\"wp-block-separator is-style-dots\"\/>\n\n\n\n<p><\/p>\n\n\n\n<p>Santa Eulalia 1 &#8211; Cadete \u00abC\u00bb 0<\/p>\n\n\n\n<p>Partido muy igualado para los del Cadete \u201cC\u201d que jugaban fuera de casa.<br>En los inicios de la primera parte, el equipo se sinti\u00f3 muy c\u00f3modo dominando el juego; los de la Grama crearon bastantes ocasiones sin resultado, por eso al final de la misma los dos equipos generaron peligro. \u201cEn la segunda parte no s\u00e9 si nos relajamos un poco pero no supimos materializar el partido\u201d dice el entrenador de la\u00a0Fundaci\u00f3n. Y desafortunadamente en un centro frontal los de Santa\u00a0Eulalia\u00a0supera la l\u00ednea defensiva de los de la Grama y sin nada que hacer el portero, son los contrarios quien encajan a los nuestros el \u00fanico gol del partido.<br>En el \u00faltimo tramo del partido los nuestros se volcaron al ataque y en varias ocasiones se podr\u00eda haber empatado, pero el portero y el palo lo evitaron.<\/p>\n\n\n\n<!--nextpage-->\n\n\n\n<p>Viar\u00f3 4 &#8211; Cadet \u00abD\u00bb 2<\/p>\n\n\n\n<p>Partit d&#8217;alt voltatge per als del Cadet \u00abD\u00bb de la Grama. Un partit que es va jugar contra el primer en la taula, el Viar\u00f3 contra els nostres que anaven segons. Era vital guanyar aquest partit.<br>La primera part va comen\u00e7ar amb tensi\u00f3 i molta rivalitat, per\u00f2 molt aviat es va posar el partit de cara als de la Grama gr\u00e0cies a\u00a0\u00d2scar\u00a0Mu\u00f1oz pel 0 a 1 amb tan sols deu minuts de joc. Passava el temps, per\u00f2 va ser poc despr\u00e9s d&#8217;aquest anterior gol quan gr\u00e0cies a una combinaci\u00f3 de tot l&#8217;equip de la Grama, que es va posar el 0-2; en el minut 25 pintava tot molt b\u00e9.<br>En el Viar\u00f3 s\u00f3n\u00a0tot nens\u00a0de segon any, la majoria dels de la Fundaci\u00f3 s\u00f3n de primer any i en un c\u00f3rner van ser els contraris els qui van marcar l&#8217;1 a 2. En unes altres abans d&#8217;arribar a la mitja part, van empatar als nostres.<br>Es va arribar al descans amb un 2-2. Va haver-hi diverses ocasions per a ampliar el marcador, per\u00f2 gana qui la fica i no qui t\u00e9 ocasions, que \u00e9s el que ens passo en la segona part; no es van arribar a materialitzar.<br>Finalment es va perdre 4 a 2, per\u00f2 l&#8217;entrenador es mostra molt content amb la intensitat i actitud dels nens, que es van deixar tot en el camp demostrant que eren millors que el Viar\u00f3.<\/p>\n\n\n\n<p><\/p>\n\n\n\n<hr class=\"wp-block-separator is-style-dots\"\/>\n\n\n\n<p><\/p>\n\n\n\n<p>Viar\u00f3\u00a04 &#8211; Cadete \u201cD\u201d 2<\/p>\n\n\n\n<p>Partido de alto voltaje para los del Cadete \u201cD\u201d de la Grama. Un partido que se jug\u00f3 contra el primero en la tabla, el\u00a0Viar\u00f3\u00a0contra los nuestros que\u00a0iban\u00a0segundos. Era vital ganar este partido.<br>La primera parte empez\u00f3 con tensi\u00f3n y mucha rivalidad, pero muy pronto se puso el partido de cara a los de la Grama gracias a Oscar Mu\u00f1oz por el 0 a 1 con tan solo diez minutos de juego. Pasaba el tiempo, pero fue poco despu\u00e9s de ese anterior gol cuando gracias a una combinaci\u00f3n de todo el equipo de la Grama, que se puso el 0-2; en el minuto 25 pintaba todo muy bien.<br>En el\u00a0Viar\u00f3\u00a0son todo ni\u00f1os de segundo a\u00f1o, la mayor\u00eda de los de la Fundaci\u00f3n son de primer a\u00f1o y en un c\u00f3rner fueron los contrarios quienes marcaron el 1 a 2. En otras antes de llegar a la media parte, empataron a los nuestros.<br>Se lleg\u00f3 al descanso con un 2-2. Hubo varias ocasiones para ampliar el marcador, pero gana quien la mete y no quien tiene ocasiones, que es lo que nos paso en la segunda parte; no se llegaron a materializar.<br>Finalmente se perdi\u00f3 4 a 2, pero el entrenador se muestra muy contento con la intensidad y actitud de los ni\u00f1os, que se dejaron todo en el campo demostrando que eran mejores que el\u00a0Viar\u00f3.<\/p>\n","protected":false},"excerpt":{"rendered":"<p>Cadet \u00abA\u00bb 3 &#8211; Fundaci\u00f3 Badalona 2 Partit trepidant el viscut el dissabte en el municipal. Enfrontament entre&nbsp;l&#8217;el Cadet \u00abA\u00bb de la Grama que \u00e9s&nbsp;la 2a&nbsp;classificada en la taula i&nbsp;la Badalona&nbsp;3r classificat.El partit comen\u00e7ava amb una Grama intentant estr\u00e8nyer a dalt i&nbsp;una Badalona&nbsp;ben assentat en el camp i fent-se amo de la pilota.&nbsp;La Badalona&nbsp;donava un [&hellip;]<\/p>\n","protected":false},"author":1,"featured_media":27696,"comment_status":"closed","ping_status":"closed","sticky":false,"template":"","format":"standard","meta":{"footnotes":""},"categories":[4,7],"tags":[],"class_list":["post-27895","post","type-post","status-publish","format-standard","has-post-thumbnail","hentry","category-base-inclusiu","category-cadets"],"_links":{"self":[{"href":"http:\/\/fegrama.cat\/web\/wp-json\/wp\/v2\/posts\/27895","targetHints":{"allow":["GET"]}}],"collection":[{"href":"http:\/\/fegrama.cat\/web\/wp-json\/wp\/v2\/posts"}],"about":[{"href":"http:\/\/fegrama.cat\/web\/wp-json\/wp\/v2\/types\/post"}],"author":[{"embeddable":true,"href":"http:\/\/fegrama.cat\/web\/wp-json\/wp\/v2\/users\/1"}],"replies":[{"embeddable":true,"href":"http:\/\/fegrama.cat\/web\/wp-json\/wp\/v2\/comments?post=27895"}],"version-history":[{"count":7,"href":"http:\/\/fegrama.cat\/web\/wp-json\/wp\/v2\/posts\/27895\/revisions"}],"predecessor-version":[{"id":27902,"href":"http:\/\/fegrama.cat\/web\/wp-json\/wp\/v2\/posts\/27895\/revisions\/27902"}],"wp:featuredmedia":[{"embeddable":true,"href":"http:\/\/fegrama.cat\/web\/wp-json\/wp\/v2\/media\/27696"}],"wp:attachment":[{"href":"http:\/\/fegrama.cat\/web\/wp-json\/wp\/v2\/media?parent=27895"}],"wp:term":[{"taxonomy":"category","embeddable":true,"href":"http:\/\/fegrama.cat\/web\/wp-json\/wp\/v2\/categories?post=27895"},{"taxonomy":"post_tag","embeddable":true,"href":"http:\/\/fegrama.cat\/web\/wp-json\/wp\/v2\/tags?post=27895"}],"curies":[{"name":"wp","href":"https:\/\/api.w.org\/{rel}","templated":true}]}}