{"id":27889,"date":"2020-02-04T12:49:33","date_gmt":"2020-02-04T11:49:33","guid":{"rendered":"http:\/\/fegrama.cat\/web\/?p=27889"},"modified":"2020-02-04T12:49:34","modified_gmt":"2020-02-04T11:49:34","slug":"juvenils-victoria-juvc","status":"publish","type":"post","link":"http:\/\/fegrama.cat\/web\/juvenils-victoria-juvc\/","title":{"rendered":"Cr\u00f2niques dels Juvenils amb la important vict\u00f2ria del \u00abC\u00bb que recupera el lideratge i afronta amb confian\u00e7a una setmana clau per a mantenir les seves aspiracions d&#8217;ascens."},"content":{"rendered":"\n<p>Neurofutbol&nbsp;3 &#8211; Juvenil \u00abB\u00bb 1<\/p>\n\n\n\n<p>Bon partit del nostre Juvenil \u00abB\u00bb a casa del l\u00edder: el&nbsp;Neurofutbol; on tres errors puntuals condemnaven als de la Grama.<br>Es va disputar una primera part on el&nbsp;Neurofutbol&nbsp;es va sentir m\u00e9s c\u00f2mode els primers 15 minuts de joc fins que la Fundaci\u00f3 es va&nbsp;assentar&nbsp;i es va apoderar del control del joc generant sensaci\u00f3 de perill, fent intervenir al porter rival en una acci\u00f3 del capit\u00e0&nbsp;Arellano&#8230; Mancant 5 minuts en un c\u00f3rner a favor en el&nbsp;rebuig, els contraris roben la pilota i marquen l&#8217;1-0. Aix\u00ed i&nbsp;tot, els nostres&nbsp;no s&#8217;ensorren i segueixen amb el control del partit. Segona part i la Fundaci\u00f3 fa un pas al capdavant en una triangulaci\u00f3 en el mitj\u00e0 que acaba en banda amb la incorporaci\u00f3 del lateral,&nbsp;Araujo&nbsp;que posa un centre mesurat i Oliver remata per a fer l&#8217;empat a un. Per\u00f2&nbsp;al cap de pocs minuts,&nbsp;un error de comunicaci\u00f3 entre el central i l&#8217;interior fa que la pilota el filtri l&#8217;equip rival dins de l&#8217;\u00e0rea per a ficar el 2-1. Per\u00f2 els de la Grama van donar la cara i van continuar insistint a la recerca de l&#8217;empat, tenint diverses accions per a aconseguir-lo i fent intervenir al porter rival, la m\u00e9s clara, una rematada de cap en la sortida d&#8217;un c\u00f3rner que sali pegat al pal de la porteria rival.<br>Ja al final del partit un robatori del davanter al central es converteix en el 3-1 definitiu.<br>El t\u00e8cnic diu: En general bona imatge, bona actitud dels jugadors, on nom\u00e9s uns errors puntuals van impedir treure un bon resultat del camp del l\u00edder.<\/p>\n\n\n\n<p><\/p>\n\n\n\n<hr class=\"wp-block-separator is-style-dots\"\/>\n\n\n\n<p><\/p>\n\n\n\n<p>Neurofutbol&nbsp;3 &#8211; Juvenil \u201cB\u201d 1<\/p>\n\n\n\n<p>Buen partido de nuestro Juvenil \u201cB\u201d en casa del l\u00edder: el\u00a0Neurofutbol; donde tres errores puntuales condenaban a los de la Grama.<br>Se disput\u00f3 una primera parte donde el\u00a0Neurofutbol\u00a0se sinti\u00f3 m\u00e1s c\u00f3modo los primeros 15 minutos de juego hasta que la Fundaci\u00f3n se asent\u00f3 y se hizo con el control del juego generando sensaci\u00f3n de peligro, haciendo intervenir al portero rival en una acci\u00f3n del capit\u00e1n\u00a0Arellano&#8230; A falta de 5 minutos en un c\u00f3rner a favor en el rechace, los contrarios roban el bal\u00f3n y marcan el 1-0.\u00a0Aun\u00a0as\u00ed los nuestros no se vienen abajo y siguen con el control del partido. Segunda parte y la Fundaci\u00f3n da un paso al frente en una triangulaci\u00f3n en el medio que acaba en banda con la incorporaci\u00f3n del lateral, Araujo que pone un centro medido y\u00a0Oliver\u00a0remata para hacer el empate a uno. Pero a los pocos minutos un error de comunicaci\u00f3n entre\u00a0el central\u00a0y el interior hace que el bal\u00f3n lo filtre el equipo rival dentro del \u00e1rea para meter el 2-1. Pero los de la Grama dieron la cara y siguieron insistiendo en busca del empate, teniendo varias acciones para conseguirlo y haciendo intervenir al portero rival, la m\u00e1s clara, un remate de cabeza en la salida de un c\u00f3rner que sale pegado al palo de la porter\u00eda rival.<br>Ya al final del partido un robo del delantero\u00a0al\u00a0central se convierte en el 3-1 definitivo.<br>El t\u00e9cnico dice: En general buena imagen, buena actitud de los jugadores, donde\u00a0solo\u00a0unos errores puntuales impidieron sacar una buen resultado del campo del l\u00edder.<\/p>\n\n\n\n<!--nextpage-->\n\n\n\n<figure class=\"wp-block-image size-large\"><img loading=\"lazy\" decoding=\"async\" width=\"1024\" height=\"768\" src=\"http:\/\/fegrama.cat\/web\/wp-content\/uploads\/2020\/02\/juvenil-c-1024x768.jpeg\" alt=\"\" class=\"wp-image-27892\" srcset=\"http:\/\/fegrama.cat\/web\/wp-content\/uploads\/2020\/02\/juvenil-c-1024x768.jpeg 1024w, http:\/\/fegrama.cat\/web\/wp-content\/uploads\/2020\/02\/juvenil-c-300x225.jpeg 300w, http:\/\/fegrama.cat\/web\/wp-content\/uploads\/2020\/02\/juvenil-c-768x576.jpeg 768w, http:\/\/fegrama.cat\/web\/wp-content\/uploads\/2020\/02\/juvenil-c-1536x1152.jpeg 1536w, http:\/\/fegrama.cat\/web\/wp-content\/uploads\/2020\/02\/juvenil-c.jpeg 1600w\" sizes=\"auto, (max-width: 1024px) 100vw, 1024px\" \/><\/figure>\n\n\n\n<p>Juvenil \u00abC\u00bb 2 &#8211;\u00a0Thau\u00a00<\/p>\n\n\n\n<p>Vict\u00f2ria important d&#8217;un Juvenil \u00abC\u00bb que recupera el lideratge i afronta amb confian\u00e7a una setmana clau per a mantenir les seves aspiracions d&#8217;ascens.<br>L&#8217;equip va sortir molt concentrat i amb un nivell d&#8217;intensitat i encert propis d&#8217;un equip amb clares intencions de guanyar i guanyar b\u00e9 davant una bona&nbsp;Thau, situada dos punts per sota a l&#8217;inici de la jornada.<br>Guillem Aguilar, amb un bon tret creuat, posava l&#8217;1-0 en el segon minut de joc.<br>A mesura que avan\u00e7ava la primera meitat, la pressi\u00f3 del conjunt visitant va anar augmentant i les imprecisions locals van comen\u00e7ar a prendre protagonisme. La&nbsp;Thau&nbsp;no creava perill per\u00f2 amena\u00e7ava a \u00abrobar\u00bb m\u00e9s amunt i el conjunt local es va anar apagant fins a arribar amb males sensacions al descans.<br>L&#8217;entrada de set jugadors diferents en la represa del partit va permetre al nostre juvenil recuperar el ritme i pujar la intensitat per a tornar a amena\u00e7ar la porteria contr\u00e0ria i impedir que els rivals s&#8217;acostessin a la seva \u00e0rea.<br>La profunditat i encert de cara a porteria d&#8217;Alejandro&nbsp;Campos, despr\u00e9s d&#8217;una bona pilota a l&#8217;espai de&nbsp;Leroy&nbsp;Pi\u00f1ero, va permetre als locals duplicar l&#8217;avantatge en el minut 57 i encarar l&#8217;\u00faltima mitja hora sabent que el rival s&#8217;exposaria m\u00e9s i amb concentraci\u00f3 i atenci\u00f3, continuarien arribant ocasions per a augmentar l&#8217;avantatge.<br>No obstant aix\u00f2, en el minut 75 de joc, el conjunt Colomenc es quedaria amb un home menys per la q\u00fcestionable vermella directa a&nbsp;Izan&nbsp;Ferreres, fet que va canviar els plans d&#8217;un Juvenil C, que va afrontar amb una serietat admirable els minuts finals d&#8217;un partit que deixaria el lideratge en la classificaci\u00f3.<br>Mancant con\u00e8ixer qu\u00e8 passar\u00e0 en el partit susp\u00e8s mancant quatre minuts per al xiulet final, fa dues jornades, contra la Manigua, la Grama visitar\u00e0 en l&#8217;\u00faltima jornada de la primera volta al col\u00edder&nbsp;CP&nbsp;Sarri\u00e0, en un partit crucial per a l&#8217;objectiu de l&#8217;equip. La trobada es disputar\u00e0 el diumenge 9 de febrer a les&nbsp;12\u202fh&nbsp;en el&nbsp;CEM&nbsp;Can&nbsp;Caralleu.<\/p>\n\n\n\n<p><\/p>\n\n\n\n<hr class=\"wp-block-separator is-style-dots\"\/>\n\n\n\n<p><\/p>\n\n\n\n<p>Juvenil \u201cC\u201d 2 &#8211; Thau 0<\/p>\n\n\n\n<p>Victoria importante de un Juvenil \u201cC\u201d que recupera el liderato y afronta con confianza una semana clave para mantener sus aspiraciones de ascenso.<br>El equipo sali\u00f3 muy concentrado y con un nivel de intensidad y acierto propios de un equipo con claras intenciones de ganar y ganar bien ante una buena\u00a0Thau, situada dos puntos por debajo al inicio de la jornada.<br>Guillem\u00a0Aguilar, con un buen disparo cruzado, pon\u00eda el 1-0 en el segundo minuto de juego.<br>Conforme avanzaba la primera mitad, la presi\u00f3n del conjunto visitante fue aumentando y las imprecisiones locales empezaron a tomar protagonismo. La\u00a0Thau\u00a0no creaba peligro pero amenazaba con robar m\u00e1s arriba, y el conjunto local se fue apagando hasta llegar con malas sensaciones al descanso.<br>La entrada de siete jugadores distintos en la reanudaci\u00f3n del partido permiti\u00f3 a nuestro juvenil recuperar el ritmo y subir la intensidad para volver a amenazar la porter\u00eda contraria e impedir que los rivales se acercaran a su \u00e1rea.<br>La profundidad y acierto de cara a porter\u00eda de Alejandro Campos, tras un buen bal\u00f3n al espacio de\u00a0Leroy\u00a0Pi\u00f1ero, permiti\u00f3 a los locales duplicar la ventaja en el minuto 57 y encarar la \u00faltima media hora sabiendo que el rival se expondr\u00eda m\u00e1s y con concentraci\u00f3n y atenci\u00f3n, seguir\u00edan llegando ocasiones para aumentar la ventaja.<br>No obstante, en el minuto 75, el conjunto\u00a0Colomense\u00a0se quedar\u00eda con un hombre menos por la cuestionable roja directa a Izan\u00a0Ferreres, hecho que cambi\u00f3 los planes de un Juvenil C, que afront\u00f3 con una seriedad admirable los minutos finales de un partido que dejar\u00eda el liderato en la clasificaci\u00f3n.<br>A falta de conocer qu\u00e9 pasar\u00e1 en el partido suspendido a falta de cuatro minutos para el pitido final, hace dos jornadas, contra la Manigua, la Grama visitar\u00e1 en la \u00faltima jornada de la primera vuelta al\u00a0col\u00edder\u00a0CP\u00a0Sarri\u00e1, en un partido crucial para el objetivo del equipo. El encuentro se disputar\u00e1 el domingo 9 de febrero a las 12h en el\u00a0CEM\u00a0Can\u00a0Caralleu.<\/p>\n\n\n\n<!--nextpage-->\n\n\n\n<p>Juvenil \u00abD\u00bb 1 &#8211; Lloreda 7<\/p>\n\n\n\n<p>Gran partit del Juvenil \u00abD\u00bb que li va plantar cara al Lloreda, per\u00f2 la mala sort de cara a porteria i la poca contund\u00e8ncia defensiva va fer que\u00a0es\u00a0marxes a la mitja part amb l&#8217;1 a 4.<br>En la segona meitat va sortir el Juvenil \u00abD\u00bb a intentar escur\u00e7ar dist\u00e0ncies en el marcador i en els\u00a0vint\u00a0primers minuts de joc de la segona part, semblava que ho aconseguiria perqu\u00e8 el Lloreda no tirava a porta. La Fundaci\u00f3 donava bones sensacions, per\u00f2 de nou una\u00a0contra\u00a0de l&#8217;equip contrari feia in\u00fatil aquest esfor\u00e7 i actitud del nostre juvenil, ja que el Lloreda marcaria l&#8217;1 a 5, cosa que va fer que el partit es trenqu\u00e9s i els visitants augmentessin el seu marcador amb un resultat final\u00a0d&#8217;1-7.<\/p>\n\n\n\n<p><\/p>\n\n\n\n<hr class=\"wp-block-separator is-style-dots\"\/>\n\n\n\n<p><\/p>\n\n\n\n<p>Juvenil \u201cD\u201d 1 &#8211;\u00a0Lloreda\u00a07<\/p>\n\n\n\n<p>Gran\u00a0partido\u00a0del Juvenil \u201cD\u201d que le plant\u00f3 cara al\u00a0Lloreda, pero la mala suerte de cara a porter\u00eda y la poca contundencia defensiva hizo que se fuera a la media parte con el 1 a 4.<br>En la segunda mitad sali\u00f3 el Juvenil \u201cD\u201d a intentar acortar distancias en el marcador y en los 20 primeros minutos de juego de la segunda parte, parec\u00eda que lo lograr\u00eda porque el\u00a0Lloreda\u00a0no tiraba a puerta. La Fundaci\u00f3n daba buenas sensaciones, pero de nuevo una contra del equipo contrario hac\u00eda in\u00fatil ese esfuerzo y actitud de nuestro juvenil, ya que el\u00a0Lloreda\u00a0marcar\u00eda el 1 a 5, cosa que hizo que el partido se rompiera y los visitantes aumentasen su marcador con un resultado final de 1-7.<\/p>\n","protected":false},"excerpt":{"rendered":"<p>Neurofutbol&nbsp;3 &#8211; Juvenil \u00abB\u00bb 1 Bon partit del nostre Juvenil \u00abB\u00bb a casa del l\u00edder: el&nbsp;Neurofutbol; on tres errors puntuals condemnaven als de la Grama.Es va disputar una primera part on el&nbsp;Neurofutbol&nbsp;es va sentir m\u00e9s c\u00f2mode els primers 15 minuts de joc fins que la Fundaci\u00f3 es va&nbsp;assentar&nbsp;i es va apoderar del control del joc [&hellip;]<\/p>\n","protected":false},"author":1,"featured_media":27892,"comment_status":"closed","ping_status":"closed","sticky":false,"template":"","format":"standard","meta":{"footnotes":""},"categories":[4,6],"tags":[],"class_list":["post-27889","post","type-post","status-publish","format-standard","has-post-thumbnail","hentry","category-base-inclusiu","category-juvenils"],"_links":{"self":[{"href":"http:\/\/fegrama.cat\/web\/wp-json\/wp\/v2\/posts\/27889","targetHints":{"allow":["GET"]}}],"collection":[{"href":"http:\/\/fegrama.cat\/web\/wp-json\/wp\/v2\/posts"}],"about":[{"href":"http:\/\/fegrama.cat\/web\/wp-json\/wp\/v2\/types\/post"}],"author":[{"embeddable":true,"href":"http:\/\/fegrama.cat\/web\/wp-json\/wp\/v2\/users\/1"}],"replies":[{"embeddable":true,"href":"http:\/\/fegrama.cat\/web\/wp-json\/wp\/v2\/comments?post=27889"}],"version-history":[{"count":4,"href":"http:\/\/fegrama.cat\/web\/wp-json\/wp\/v2\/posts\/27889\/revisions"}],"predecessor-version":[{"id":27894,"href":"http:\/\/fegrama.cat\/web\/wp-json\/wp\/v2\/posts\/27889\/revisions\/27894"}],"wp:featuredmedia":[{"embeddable":true,"href":"http:\/\/fegrama.cat\/web\/wp-json\/wp\/v2\/media\/27892"}],"wp:attachment":[{"href":"http:\/\/fegrama.cat\/web\/wp-json\/wp\/v2\/media?parent=27889"}],"wp:term":[{"taxonomy":"category","embeddable":true,"href":"http:\/\/fegrama.cat\/web\/wp-json\/wp\/v2\/categories?post=27889"},{"taxonomy":"post_tag","embeddable":true,"href":"http:\/\/fegrama.cat\/web\/wp-json\/wp\/v2\/tags?post=27889"}],"curies":[{"name":"wp","href":"https:\/\/api.w.org\/{rel}","templated":true}]}}