{"id":27887,"date":"2020-02-04T00:48:05","date_gmt":"2020-02-03T23:48:05","guid":{"rendered":"http:\/\/fegrama.cat\/web\/?p=27887"},"modified":"2020-02-04T00:48:08","modified_gmt":"2020-02-03T23:48:08","slug":"a-lalevi-c-li-va-faltar-una-mica-de-fortuna","status":"publish","type":"post","link":"http:\/\/fegrama.cat\/web\/a-lalevi-c-li-va-faltar-una-mica-de-fortuna\/","title":{"rendered":"A l&#8217;Alev\u00ed \u00abC\u00bb li va faltar una mica de fortuna."},"content":{"rendered":"\n<p>Alev\u00ed \u00abC\u00bb 1 &#8211; Hospitalet 2<\/p>\n\n\n\n<p>La setmana passada els nostres petits de Santa Coloma es jugaven un partit molt seri\u00f3s davant un bon Hospitalet. Primer de tot una primera habitaci\u00f3 de joc molt disputat on als de la Grama els va faltar una mica d&#8217;encert de cara a porteria per a avan\u00e7ar.<br>En el segon quart l&#8217;equip va seguir molt ficat en partit, malgrat avan\u00e7ar-se els visitants, mancant cinc minuts per a arribar al descans. Els locals van sortir despr\u00e9s del descans\u00a0conven\u00e7uts\u00a0a remuntar i mostra d&#8217;aix\u00f2 va ser el gol de l&#8217;empat als 4&#8242;\u00a0minuts de la represa. Els visitants s&#8217;avan\u00e7aven en una jugada desafortunada, aix\u00ed i tot, els nostres nois ho van intentar fins al xiulet final, per\u00f2 els va faltar una mica de fortuna per a aconseguir un empat que hagu\u00e9s fet just\u00edcia als seus m\u00e8rits.<\/p>\n\n\n\n<!--nextpage-->\n\n\n\n<p>Alev\u00edn \u201cC\u201d 1 &#8211; Hospitalet 2<\/p>\n\n\n\n<p>La semana pasada nuestros peque\u00f1os de Santa Coloma se jugaban un partido muy serio ante un buen Hospitalet. Primero de todo un primer cuarto de juego muy disputado donde a los de la Grama les falt\u00f3 algo de acierto de cara a porter\u00eda para adelantar.<br>En el segundo cuarto el equipo sigui\u00f3 muy metido en partido, a pesar de adelantarse los visitantes, a falta de cinco minutos para llegar al descanso. Los locales salieron despu\u00e9s del descanso convencidos en remontar y muestra de ello fue el gol del empate a los 4\u2019 minutos de la reanudaci\u00f3n. Los visitantes se adelantaban en una jugada desafortunada,\u00a0aun\u00a0as\u00ed nuestros chicos lo intentaron hasta el pitido final, pero les falt\u00f3 algo de fortuna para lograr un empate que hubiera hecho justicia a sus m\u00e9ritos.<\/p>\n","protected":false},"excerpt":{"rendered":"<p>Alev\u00ed \u00abC\u00bb 1 &#8211; Hospitalet 2 La setmana passada els nostres petits de Santa Coloma es jugaven un partit molt seri\u00f3s davant un bon Hospitalet. Primer de tot una primera habitaci\u00f3 de joc molt disputat on als de la Grama els va faltar una mica d&#8217;encert de cara a porteria per a avan\u00e7ar.En el segon [&hellip;]<\/p>\n","protected":false},"author":1,"featured_media":27559,"comment_status":"closed","ping_status":"closed","sticky":false,"template":"","format":"standard","meta":{"footnotes":""},"categories":[10,4],"tags":[],"class_list":["post-27887","post","type-post","status-publish","format-standard","has-post-thumbnail","hentry","category-alevins","category-base-inclusiu"],"_links":{"self":[{"href":"http:\/\/fegrama.cat\/web\/wp-json\/wp\/v2\/posts\/27887","targetHints":{"allow":["GET"]}}],"collection":[{"href":"http:\/\/fegrama.cat\/web\/wp-json\/wp\/v2\/posts"}],"about":[{"href":"http:\/\/fegrama.cat\/web\/wp-json\/wp\/v2\/types\/post"}],"author":[{"embeddable":true,"href":"http:\/\/fegrama.cat\/web\/wp-json\/wp\/v2\/users\/1"}],"replies":[{"embeddable":true,"href":"http:\/\/fegrama.cat\/web\/wp-json\/wp\/v2\/comments?post=27887"}],"version-history":[{"count":1,"href":"http:\/\/fegrama.cat\/web\/wp-json\/wp\/v2\/posts\/27887\/revisions"}],"predecessor-version":[{"id":27888,"href":"http:\/\/fegrama.cat\/web\/wp-json\/wp\/v2\/posts\/27887\/revisions\/27888"}],"wp:featuredmedia":[{"embeddable":true,"href":"http:\/\/fegrama.cat\/web\/wp-json\/wp\/v2\/media\/27559"}],"wp:attachment":[{"href":"http:\/\/fegrama.cat\/web\/wp-json\/wp\/v2\/media?parent=27887"}],"wp:term":[{"taxonomy":"category","embeddable":true,"href":"http:\/\/fegrama.cat\/web\/wp-json\/wp\/v2\/categories?post=27887"},{"taxonomy":"post_tag","embeddable":true,"href":"http:\/\/fegrama.cat\/web\/wp-json\/wp\/v2\/tags?post=27887"}],"curies":[{"name":"wp","href":"https:\/\/api.w.org\/{rel}","templated":true}]}}