{"id":27883,"date":"2020-02-03T21:51:30","date_gmt":"2020-02-03T20:51:30","guid":{"rendered":"http:\/\/fegrama.cat\/web\/?p=27883"},"modified":"2020-02-03T21:53:11","modified_gmt":"2020-02-03T20:53:11","slug":"excel%c2%b7lent-reaccio-del-juvenil-a","status":"publish","type":"post","link":"http:\/\/fegrama.cat\/web\/excel%c2%b7lent-reaccio-del-juvenil-a\/","title":{"rendered":"Excel\u00b7lent reacci\u00f3 del Juvenil A"},"content":{"rendered":"\n<p class=\"has-medium-font-size\"><strong>Debut de Dani Rosa a la banqueta i gran vict\u00f2ria del Juvenil A en un camp complicat. <\/strong><\/p>\n\n\n\n<figure class=\"wp-block-image size-large is-resized\"><img loading=\"lazy\" decoding=\"async\" src=\"http:\/\/fegrama.cat\/web\/wp-content\/uploads\/2020\/02\/PHOTO-2020-02-01-15-18-57-1024x768.jpg\" alt=\"\" class=\"wp-image-27884\" width=\"754\" height=\"566\" srcset=\"http:\/\/fegrama.cat\/web\/wp-content\/uploads\/2020\/02\/PHOTO-2020-02-01-15-18-57-1024x768.jpg 1024w, http:\/\/fegrama.cat\/web\/wp-content\/uploads\/2020\/02\/PHOTO-2020-02-01-15-18-57-300x225.jpg 300w, http:\/\/fegrama.cat\/web\/wp-content\/uploads\/2020\/02\/PHOTO-2020-02-01-15-18-57-768x576.jpg 768w, http:\/\/fegrama.cat\/web\/wp-content\/uploads\/2020\/02\/PHOTO-2020-02-01-15-18-57-1536x1152.jpg 1536w, http:\/\/fegrama.cat\/web\/wp-content\/uploads\/2020\/02\/PHOTO-2020-02-01-15-18-57.jpg 1600w\" sizes=\"auto, (max-width: 754px) 100vw, 754px\" \/><figcaption>L&#8217;onze incial del Juvenil A a Llagostera<\/figcaption><\/figure>\n\n\n\n<p>En una setmana moguda per la plantilla del Juvenil\nA, amb la marxa de Kiku i l\u2019arribada a la banqueta de Dani Rosa, procedent del\nJuvenil B, es preveia un partit complicat a terres gironines contra la U.E.\nLlagostera i no va decepcionar. <\/p>\n\n\n\n<p>El primer onze del nou m\u00edster va ser el seg\u00fcent:\nRoger Estrada; Hernando, Joan Rubio, Arnau i Iker; Gerard, Jordi Lozano i\nCampos; Aliou, Aleix i Oliver. <\/p>\n\n\n\n<p>Va comen\u00e7ar la primera meitat amb la Fundaci\u00f3\nportant el domini del joc i la Llagostera aprofitant les p\u00e8rdues de pilota per\nsortir a la contra.<\/p>\n\n\n\n<p>Els nostres arribaven per banda per\u00f2 sense generar\nperill en la porteria d\u2019Albert Hidalgo, mentre que l\u2019equip local jugava pilotades\nllargues que desestabilitzaven la defensa colomenca. En una d\u2019aquestes\npilotades van aconseguir posar-se per davant, 1-0 als 17 minuts, en una\nrematada de Joan Arxer. <\/p>\n\n\n\n<p>Lluny de enfonsar-se, la Grama es va recompondre i\nva mantenir el domini del joc per\u00f2 donant un pas m\u00e9s endavant i trepitjant m\u00e9s\nl\u2019\u00e0rea rival. Aix\u00ed, a pilota aturada, als 25 minuts Oliver va fer l\u20191-1 en un\nc\u00f3rner.<\/p>\n\n\n\n<p>Amb l\u2019empat es va arribar al descans i la segona\npart ens havia de deparar un partit completament diferent. <\/p>\n\n\n\n<p>La Grama va mantenir la seva ambici\u00f3 i va seguir\nbuscant la vict\u00f2ria mentre que la Llagostera no era capa\u00e7 de generar perill\ngr\u00e0cies al bon posicionament dels colomencs. Aquest gui\u00f3 de partit feia que els\nnostres toquessin i toquessin amb criteri i trobant espais entre l\u00ednies que el\nrival no era capa\u00e7 de defensar. <\/p>\n\n\n\n<p>I amb els nostres voltant l\u2019\u00e0rea gironina, era d\u2019esperar\nque en una internada alg\u00fa comet\u00e9s falta sobre un atacant i aix\u00ed va ser. Als 52\nminuts l\u2019\u00e0rbitre va assenyalar pena m\u00e0xima i Joan va anotar l\u20191-2.<\/p>\n\n\n\n<p>Uns minuts despr\u00e9s, al 57, una contra magistral\ndels nois de Dani Rosa va acabar amb un segon penal que va transformar Oliver\nen l\u20191-3 definitiu.<\/p>\n\n\n\n<p>Despr\u00e9s del tercer gol, el partit va entrar en una\nfase de control absolut de la Grama on la Llagostera no va poder entrar i el\nmarcador no es va moure.<\/p>\n\n\n\n<p>Parlava Dani Rosa en la pr\u00e8via d\u2019intentar\naconseguir un bon resultat que aixequ\u00e9s la moral dels&nbsp; jugadors i amb aquesta contundent vict\u00f2ria,\nbasada en el gran treball i el sacrifici de l\u2019equip estem segurs que tindrem m\u00e9s\nalegries en que resta de temporada.<\/p>\n\n\n\n<p>Enhorabona nois!!<\/p>\n\n\n\n<p><a href=\"http:\/\/fcf.cat\/acta\/1920\/futbol-11\/lliga-nacional-juvenil\/grup-7\/nj\/llagostera-ue-a\/nj\/fundacio-esportiva-grama-a\">CLIQUEU PER VEURE L&#8217;ACTA DEL PARTIT<\/a><\/p>\n\n\n\n<p><a href=\"http:\/\/fcf.cat\/classificacio\/1920\/futbol-11\/lliga-nacional-juvenil\/grup-7\">CLIQUEU PER VEURE LA CLASSIFICACI\u00d3 DE LNJ7<\/a><\/p>\n\n\n\n<hr class=\"wp-block-separator\"\/>\n\n\n\n<p class=\"has-medium-font-size\"><strong>Debut de Dani Rosa en el banquillo y gran victoria del Juvenil A en un campo complicado.<\/strong><\/p>\n\n\n\n<p>En una semana movida para la plantilla del Juvenil A, con la marcha de Kiku y la llegada al banquillo de Dani Rosa, procedente del Juvenil B, se preve\u00eda un partido complicado en tierras gerundenses contra la U.E. Llagostera y no decepcion\u00f3.<\/p>\n\n\n\n<p> El primer once del nuevo m\u00edster fue el siguiente: Roger Estrada; Hernando, Joan Rubio, Arnau e Iker; Gerard, Jordi Lozano y Campos; Aliou, Aleix y Oliver.<\/p>\n\n\n\n<p>Comenz\u00f3 la primera mitad con la Fundaci\u00f3  llevando el dominio del juego y la Llagostera aprovechando las p\u00e9rdidas de bal\u00f3n para salir a la contra.<br>Los nuestros llegaban por banda pero sin generar peligro en la porter\u00eda de Albert Hidalgo, mientras que el equipo local jugaba balonazos largos que desestabilizaban a la defensa colomense. En uno de estos pelotazo lograron ponerse por delante, 1-0 a los 17 minutos, en un remate de Joan Arxer.<\/p>\n\n\n\n<p><br> Lejos de hundirse, la Grama se recompuso y mantuvo el dominio del juego pero dando un paso m\u00e1s adelante y pisando m\u00e1s el \u00e1rea rival. As\u00ed, a bal\u00f3n parado, a los 25 minutos Oliver hizo el 1-1 en un c\u00f3rner.<br> Con el empate se lleg\u00f3 al descanso y la segunda parte nos deb\u00eda deparar un partido completamente diferente.<\/p>\n\n\n\n<p>La Grama mantuvo su ambici\u00f3n y sigui\u00f3 buscando la victoria mientras que la Llagostera no era capaz de generar peligro gracias al buen posicionamiento de los colomenses. Este gui\u00f3n de partido hac\u00eda que los nuestros tocaran y tocaran con criterio y encontrando espacios entre l\u00edneas que el rival no era capaz de defender.<\/p>\n\n\n\n<p>Y con nuestros chicos alrededor del \u00e1rea gerundense, era de esperar que en una internada alguien cometiera falta sobre un atacante y as\u00ed fue. A los 52 minutos el \u00e1rbitro se\u00f1al\u00f3 pena m\u00e1xima y Joan anot\u00f3 el 1-2.<\/p>\n\n\n\n<p>Unos minutos despu\u00e9s, en el 57, una contra magistral de los chicos de Dani Rosa termin\u00f3 con un segundo penalti que transform\u00f3 Oliver en el 1-3 definitivo.<br> Despu\u00e9s del tercer gol, el partido entr\u00f3 en una fase de control absoluto de la Grama donde la Llagostera no pudo entrar y el marcador no se movi\u00f3.<\/p>\n\n\n\n<p>Hablaba Dani Rosa en la previa de intentar conseguir un buen resultado que levantara la moral de los jugadores y con esta contundente victoria, basada en el gran trabajo y el sacrificio del equipo estamos seguros de que tendremos m\u00e1s alegr\u00edas en lo que resta de temporada.<\/p>\n\n\n\n<p> Enhorabuena chicos !!<\/p>\n\n\n\n<p><a href=\"http:\/\/fcf.cat\/acta\/1920\/futbol-11\/lliga-nacional-juvenil\/grup-7\/nj\/llagostera-ue-a\/nj\/fundacio-esportiva-grama-a\">CLICAD PARA VER EL ACTA DEL PARTIDO<\/a><\/p>\n\n\n\n<p><a href=\"http:\/\/fcf.cat\/classificacio\/1920\/futbol-11\/lliga-nacional-juvenil\/grup-7\">CLICAD PARA VER LA CLASIFICACI\u00d3N DE LNJ7<\/a><\/p>\n","protected":false},"excerpt":{"rendered":"<p>Debut de Dani Rosa a la banqueta i gran vict\u00f2ria del Juvenil A en un camp complicat. En una setmana moguda per la plantilla del Juvenil A, amb la marxa de Kiku i l\u2019arribada a la banqueta de Dani Rosa, procedent del Juvenil B, es preveia un partit complicat a terres gironines contra la U.E. [&hellip;]<\/p>\n","protected":false},"author":1,"featured_media":27884,"comment_status":"closed","ping_status":"closed","sticky":false,"template":"","format":"standard","meta":{"footnotes":""},"categories":[4,6],"tags":[],"class_list":["post-27883","post","type-post","status-publish","format-standard","has-post-thumbnail","hentry","category-base-inclusiu","category-juvenils"],"_links":{"self":[{"href":"http:\/\/fegrama.cat\/web\/wp-json\/wp\/v2\/posts\/27883","targetHints":{"allow":["GET"]}}],"collection":[{"href":"http:\/\/fegrama.cat\/web\/wp-json\/wp\/v2\/posts"}],"about":[{"href":"http:\/\/fegrama.cat\/web\/wp-json\/wp\/v2\/types\/post"}],"author":[{"embeddable":true,"href":"http:\/\/fegrama.cat\/web\/wp-json\/wp\/v2\/users\/1"}],"replies":[{"embeddable":true,"href":"http:\/\/fegrama.cat\/web\/wp-json\/wp\/v2\/comments?post=27883"}],"version-history":[{"count":2,"href":"http:\/\/fegrama.cat\/web\/wp-json\/wp\/v2\/posts\/27883\/revisions"}],"predecessor-version":[{"id":27886,"href":"http:\/\/fegrama.cat\/web\/wp-json\/wp\/v2\/posts\/27883\/revisions\/27886"}],"wp:featuredmedia":[{"embeddable":true,"href":"http:\/\/fegrama.cat\/web\/wp-json\/wp\/v2\/media\/27884"}],"wp:attachment":[{"href":"http:\/\/fegrama.cat\/web\/wp-json\/wp\/v2\/media?parent=27883"}],"wp:term":[{"taxonomy":"category","embeddable":true,"href":"http:\/\/fegrama.cat\/web\/wp-json\/wp\/v2\/categories?post=27883"},{"taxonomy":"post_tag","embeddable":true,"href":"http:\/\/fegrama.cat\/web\/wp-json\/wp\/v2\/tags?post=27883"}],"curies":[{"name":"wp","href":"https:\/\/api.w.org\/{rel}","templated":true}]}}