{"id":27881,"date":"2020-02-03T18:02:45","date_gmt":"2020-02-03T17:02:45","guid":{"rendered":"http:\/\/fegrama.cat\/web\/?p=27881"},"modified":"2020-02-03T18:02:46","modified_gmt":"2020-02-03T17:02:46","slug":"4-gols-que-van-col%c2%b7locar-el-benjami-b-en-la-zona-alta","status":"publish","type":"post","link":"http:\/\/fegrama.cat\/web\/4-gols-que-van-col%c2%b7locar-el-benjami-b-en-la-zona-alta\/","title":{"rendered":"4 gols que van col\u00b7locar el Benjam\u00ed \u00abB\u00bb en la zona alta."},"content":{"rendered":"\n<p>Vila Ol\u00edmpica 0 &#8211; Benjam\u00ed \u00abB\u00bb 4<\/p>\n\n\n\n<p>En l&#8217;\u00faltim partit de la primera volta als del Benjam\u00ed \u00abB\u00bb els tocava jugar contra la Vila Ol\u00edmpica fora de casa, en el camp contrari; un rival dif\u00edcil i que es va posicionar molt b\u00e9 en el camp.<br>La Grama que\u00a0continuava\u00a0creixent en joc i intensitat, va desplegar la seva millor versi\u00f3 en els dos primers quarts de joc i es va veure un partit din\u00e0mic, on es veia com la Grama controlava el partit i els nens gaudien tenint la pilota.<br>La Vila es va dedicar m\u00e9s a defensar-se i poques ocasions clares van tenir, en canvi els visitants arribaven amb clares oportunitats, aix\u00ed \u00e9s com es van marcar els 4 gols que van col\u00b7locar a la Grama en la zona alta.<br>L&#8217;entrenador remarca: El m\u00e9s important \u00e9s que continuen creixent com a jugadors i ho plasmen en el terreny de joc. La setmana seg\u00fcent comencem segona volta i toca visitar el camp sempre dif\u00edcil del Sant Gabriel.<\/p>\n\n\n\n<!--nextpage-->\n\n\n\n<p>Vila Ol\u00edmpica 0 &#8211;\u00a0Benjam\u00edn\u00a0\u201cB\u201d 4<\/p>\n\n\n\n<p>En el \u00faltimo partido de la primera vuelta a los del Benjam\u00edn \u201cB\u201d les tocaba jugar contra la Vila Ol\u00edmpica fuera de casa, en el campo contrario; un rival dif\u00edcil y que se posicion\u00f3 muy bien en el campo.<br>La Grama que sigue creciendo en juego e intensidad, despleg\u00f3 su mejor versi\u00f3n en los dos primeros cuartos de juego y se\u00a0vio\u00a0un partido din\u00e1mico, donde se ve\u00eda como la Grama controlaba el partido y los ni\u00f1os disfrutaban teniendo la pelota.<br>La Vila se dedic\u00f3 m\u00e1s a defenderse y pocas ocasiones claras tuvieron, en cambio los visitantes llegaban con claras oportunidades, as\u00ed es como se marcaron los 4 goles que colocaron a la Grama en la zona alta.<br>El entrenador remarca: Lo m\u00e1s importante es que siguen creciendo como jugadores y lo plasman en el terreno de juego. La semana siguiente empezamos segunda vuelta y toca visitar el campo siempre dif\u00edcil del\u00a0Sant\u00a0Gabriel.<\/p>\n","protected":false},"excerpt":{"rendered":"<p>Vila Ol\u00edmpica 0 &#8211; Benjam\u00ed \u00abB\u00bb 4 En l&#8217;\u00faltim partit de la primera volta als del Benjam\u00ed \u00abB\u00bb els tocava jugar contra la Vila Ol\u00edmpica fora de casa, en el camp contrari; un rival dif\u00edcil i que es va posicionar molt b\u00e9 en el camp.La Grama que\u00a0continuava\u00a0creixent en joc i intensitat, va desplegar la seva [&hellip;]<\/p>\n","protected":false},"author":1,"featured_media":27678,"comment_status":"closed","ping_status":"closed","sticky":false,"template":"","format":"standard","meta":{"footnotes":""},"categories":[4,11],"tags":[],"class_list":["post-27881","post","type-post","status-publish","format-standard","has-post-thumbnail","hentry","category-base-inclusiu","category-benjamins"],"_links":{"self":[{"href":"http:\/\/fegrama.cat\/web\/wp-json\/wp\/v2\/posts\/27881","targetHints":{"allow":["GET"]}}],"collection":[{"href":"http:\/\/fegrama.cat\/web\/wp-json\/wp\/v2\/posts"}],"about":[{"href":"http:\/\/fegrama.cat\/web\/wp-json\/wp\/v2\/types\/post"}],"author":[{"embeddable":true,"href":"http:\/\/fegrama.cat\/web\/wp-json\/wp\/v2\/users\/1"}],"replies":[{"embeddable":true,"href":"http:\/\/fegrama.cat\/web\/wp-json\/wp\/v2\/comments?post=27881"}],"version-history":[{"count":1,"href":"http:\/\/fegrama.cat\/web\/wp-json\/wp\/v2\/posts\/27881\/revisions"}],"predecessor-version":[{"id":27882,"href":"http:\/\/fegrama.cat\/web\/wp-json\/wp\/v2\/posts\/27881\/revisions\/27882"}],"wp:featuredmedia":[{"embeddable":true,"href":"http:\/\/fegrama.cat\/web\/wp-json\/wp\/v2\/media\/27678"}],"wp:attachment":[{"href":"http:\/\/fegrama.cat\/web\/wp-json\/wp\/v2\/media?parent=27881"}],"wp:term":[{"taxonomy":"category","embeddable":true,"href":"http:\/\/fegrama.cat\/web\/wp-json\/wp\/v2\/categories?post=27881"},{"taxonomy":"post_tag","embeddable":true,"href":"http:\/\/fegrama.cat\/web\/wp-json\/wp\/v2\/tags?post=27881"}],"curies":[{"name":"wp","href":"https:\/\/api.w.org\/{rel}","templated":true}]}}