{"id":27866,"date":"2020-02-03T00:07:59","date_gmt":"2020-02-02T23:07:59","guid":{"rendered":"http:\/\/fegrama.cat\/web\/?p=27866"},"modified":"2020-02-03T00:08:00","modified_gmt":"2020-02-02T23:08:00","slug":"victoria-pels-mes-petits","status":"publish","type":"post","link":"http:\/\/fegrama.cat\/web\/victoria-pels-mes-petits\/","title":{"rendered":"Vict\u00f2ria pels m\u00e9s petits!"},"content":{"rendered":"\n<p>Escola 5 &#8211;\u00a0Premier\u00a04<\/p>\n\n\n\n<p>Els petits de la Grama van jugar el seu partit setmanal d&#8217;una manera molt intensa, marcant ni m\u00e9s ni menys que al cap de dos minuts de joc. Per mala sort l&#8217;equip contrari va aconseguir empatar i avan\u00e7ar als nostres de seguida, per\u00f2 a la meitat del partit els de la Grama van saber reaccionar b\u00e9 i van fer un partit totalment emocionant, perqu\u00e8 des d&#8217;aquest moment fins al final, va ser un \u00abestira-i-arronsa\u00bb dels dos equips. Aix\u00ed i tot els de la Grama van aconseguir guanyar, per aix\u00f2 l&#8217;entrenadora es mostra orgullosa dels nens.<\/p>\n\n\n\n<!--nextpage-->\n\n\n\n<p>Ecuela\u00a05 &#8211; Premier 4<\/p>\n\n\n\n<p>Los peque\u00f1os de la Grama jugaron su partido semanal de una manera muy intensa, marcando nada m\u00e1s y nada menos que\u00a0a los dos minutos de juego. Por mala suerte el equipo contrario consigui\u00f3 empatar y adelantar a los nuestros enseguida, pero a mitad del partido los de la Grama supieron reaccionar bien e hicieron un partido totalmente emocionante, porque desde ese momento hasta el final, fue un \u201ctoma y daca\u201d de los dos equipos.\u00a0Aun\u00a0as\u00ed los de la Grama consiguieron ganar, por eso la entrenadora se muestra orgullosa de los peques.<\/p>\n","protected":false},"excerpt":{"rendered":"<p>Escola 5 &#8211;\u00a0Premier\u00a04 Els petits de la Grama van jugar el seu partit setmanal d&#8217;una manera molt intensa, marcant ni m\u00e9s ni menys que al cap de dos minuts de joc. Per mala sort l&#8217;equip contrari va aconseguir empatar i avan\u00e7ar als nostres de seguida, per\u00f2 a la meitat del partit els de la Grama [&hellip;]<\/p>\n","protected":false},"author":1,"featured_media":27690,"comment_status":"closed","ping_status":"closed","sticky":false,"template":"","format":"standard","meta":{"footnotes":""},"categories":[4,33],"tags":[],"class_list":["post-27866","post","type-post","status-publish","format-standard","has-post-thumbnail","hentry","category-base-inclusiu","category-escola-diari-feg"],"_links":{"self":[{"href":"http:\/\/fegrama.cat\/web\/wp-json\/wp\/v2\/posts\/27866","targetHints":{"allow":["GET"]}}],"collection":[{"href":"http:\/\/fegrama.cat\/web\/wp-json\/wp\/v2\/posts"}],"about":[{"href":"http:\/\/fegrama.cat\/web\/wp-json\/wp\/v2\/types\/post"}],"author":[{"embeddable":true,"href":"http:\/\/fegrama.cat\/web\/wp-json\/wp\/v2\/users\/1"}],"replies":[{"embeddable":true,"href":"http:\/\/fegrama.cat\/web\/wp-json\/wp\/v2\/comments?post=27866"}],"version-history":[{"count":1,"href":"http:\/\/fegrama.cat\/web\/wp-json\/wp\/v2\/posts\/27866\/revisions"}],"predecessor-version":[{"id":27867,"href":"http:\/\/fegrama.cat\/web\/wp-json\/wp\/v2\/posts\/27866\/revisions\/27867"}],"wp:featuredmedia":[{"embeddable":true,"href":"http:\/\/fegrama.cat\/web\/wp-json\/wp\/v2\/media\/27690"}],"wp:attachment":[{"href":"http:\/\/fegrama.cat\/web\/wp-json\/wp\/v2\/media?parent=27866"}],"wp:term":[{"taxonomy":"category","embeddable":true,"href":"http:\/\/fegrama.cat\/web\/wp-json\/wp\/v2\/categories?post=27866"},{"taxonomy":"post_tag","embeddable":true,"href":"http:\/\/fegrama.cat\/web\/wp-json\/wp\/v2\/tags?post=27866"}],"curies":[{"name":"wp","href":"https:\/\/api.w.org\/{rel}","templated":true}]}}