{"id":27851,"date":"2020-02-02T20:23:40","date_gmt":"2020-02-02T19:23:40","guid":{"rendered":"http:\/\/fegrama.cat\/web\/?p=27851"},"modified":"2020-02-02T20:28:39","modified_gmt":"2020-02-02T19:28:39","slug":"tres-punts-que-valen-or","status":"publish","type":"post","link":"http:\/\/fegrama.cat\/web\/tres-punts-que-valen-or\/","title":{"rendered":"Tres punts que valen or"},"content":{"rendered":"\n<p class=\"has-medium-font-size\"><strong>Treballada vict\u00f2ria de la Grama contra la Jonquera que ens fica de ple en la lluita per la segona pla\u00e7a del grup que dona dret a la promoci\u00f3 d\u2019ascens.<\/strong><\/p>\n\n\n\n<figure class=\"wp-block-image size-large\"><img loading=\"lazy\" decoding=\"async\" width=\"1024\" height=\"683\" src=\"http:\/\/fegrama.cat\/web\/wp-content\/uploads\/2020\/02\/PHOTO-2020-02-02-16-29-22-1024x683.jpg\" alt=\"\" class=\"wp-image-27853\" srcset=\"http:\/\/fegrama.cat\/web\/wp-content\/uploads\/2020\/02\/PHOTO-2020-02-02-16-29-22-1024x683.jpg 1024w, http:\/\/fegrama.cat\/web\/wp-content\/uploads\/2020\/02\/PHOTO-2020-02-02-16-29-22-300x200.jpg 300w, http:\/\/fegrama.cat\/web\/wp-content\/uploads\/2020\/02\/PHOTO-2020-02-02-16-29-22-768x512.jpg 768w, http:\/\/fegrama.cat\/web\/wp-content\/uploads\/2020\/02\/PHOTO-2020-02-02-16-29-22.jpg 1392w\" sizes=\"auto, (max-width: 1024px) 100vw, 1024px\" \/><figcaption>\u00c1ngel Gonz\u00e1lez ha  estat el millor jugador del partit (FOTO: JOAN VILLAGRASA)<\/figcaption><\/figure>\n\n\n\n<p>-DBC- Quasi b\u00e9 sense variacions en l\u2019onze inicial, sembla que Juanma Pons ha trobat el seu equip base i amb ells est\u00e0 aconseguint una bona ratxa de resultats. Sortia d\u2019inici amb: Luque en porteria; Juan Carlos i Rojas com a centrals; els laterals per Michel i Pe\u00f1a; el doble pivot per Soler i Roger; les bandes per \u00c1ngel i Buba; i la punta d\u2019atac per \u00d3scar i Obispo.<\/p>\n\n\n\n<p>Els primers minuts de joc ja deixaven clar quina seria la t\u00f2nica de la\nprimera meitat en el partit contra la U.E. La Jonquera. L\u2019equip giron\u00ed plantava\nel seu 4-4-2 amb dos l\u00ednies ben arreplegades per no deixar espais als colomencs\nmentre la Grama intentava foradar el mur verd dels homes de Mario Fern\u00e1ndez\nemprant les bandes.<\/p>\n\n\n\n<p>Aix\u00ed va arribar la primera\ngran ocasi\u00f3 per la Fundaci\u00f3, als 12 minuts, amb una bona centrada a la que\n\u00d3scar Mu\u00f1oz no va poder arribar per ben poc. <\/p>\n\n\n\n<p>Finalment la superioritat colomenca es va veure compensada amb una jugada col\u00b7lectiva\nexcel\u00b7lent amb la pilota circulant des de zona defensiva fins al mig del camp,\namb un canvi d\u2019orientaci\u00f3 que va traslladar l\u2019esf\u00e8rica des de la dreta fins acabar\na les botes d\u2019\u00c1ngel Gonz\u00e1lez en zona d\u2019extrem esquerr\u00e0.<\/p>\n\n\n\n<p>Sense dubtes el millor home del partit, \u00c1ngel, va marcar-se una\nextraordin\u00e0ria jugada endinsant-se a l\u2019\u00e0rea de la Jonquera i donant una passada\nperfecta per Edu Soler que, creuant la pilota magn\u00edficament va anotar el primer\ndel mat\u00ed als 21 minuts de joc.<\/p>\n\n\n\n<p>El mon\u00f2leg de la Grama es tradu\u00efa en l\u20191-0 i a m\u00e9s va mostrar un aut\u00e8ntic\nrecital ofensiu durant la resta de la primera meitat. \u00c1ngel seguia fent mal per\nbanda esquerra, Buba penetrava per &nbsp;banda\ndreta i, al mig, \u00d3scar i Obispo s\u2019hi deixaven la pell per rematar-les. <\/p>\n\n\n\n<p>Es succe\u00efen les ocasions per la Grama: \u00d3scar va tenir un remat clar que va\npoder enviar a corner Alex Campos despr\u00e9s d\u2019una magn\u00edfica centrada de Buba; De\nnou \u00d3scar va rematar a dins de l\u2019\u00e0rea petita una centrada de Pe\u00f1a per banda\nesquerra per una nova intervenci\u00f3 de Campos; Michel Owono rematava un c\u00f3rner al\nsegon pal i Campos toca la pilota per enviar-la a l\u2019escaire, per dins, en un\npossible gol fantasma; \u00c1ngel tornava a fer jugada personal i el seu xut el\ndesvia al primer pal el porter de la Jonquera; I acabava la primera meitat amb\nuna vaselina d\u2019\u00d3scar per sobre de Campos que va poder treure la defensa sobre\nla mateixa l\u00ednia de gol. <\/p>\n\n\n\n<p>Despr\u00e9s d\u2019un recital ofensiu, el col\u00b7legiat va assenyalar el cam\u00ed de\nvestidors amb un marcador massa curt pel que es va veure sobre la gespa, 1-0.<\/p>\n\n\n\n<p>La segona part va comen\u00e7ar de manera un tant imprecisa per ambd\u00f3s equips.\nLa Jonquera es veia encara amb possibilitats de buscar l\u2019empat i la Grama no\nera capa\u00e7 de marcar m\u00e9s diferencia al marcador tot i les ocasions de la primera\nmeitat. <\/p>\n\n\n\n<p>Als 59 minuts, Juanma Pons donava entrada a Crist\u00f3bal Le\u00f3n en substituci\u00f3 d\u2019Obispo i la primera pilota que va tocar va ser un remat que va sortir per ben poc per sobre de la porteria de Campos. <\/p>\n\n\n\n<p>Ho seguia intentant la\nGrama amb una bona rematada de Buba que marxa fora i amb una altra rematada de\nJuan Carlos que va poder aturar Campos. <\/p>\n\n\n\n<p>Mentrestant, Mario\nFern\u00e1ndez introdu\u00efa els canvis a les files de l\u2019equip fronterer per tractar de\ntreure\u2019s de sobre la superioritat colomenca. <\/p>\n\n\n\n<p>Els minuts finals van ser\nel reflex del que havia estat la segona meitat. La Grama va tenir ocasions fins\nal final, com un xut d\u2019Oscar des de la frontal de la petita que va aturar\nCampos mentre la Jonquera buscava la contra aprofitant l\u2019aire fresc del seu\natac en els minuts finals. Soufiane va finalitzar l\u2019\u00faltim atac &nbsp;de la Jonquera amb una contra perillosa i un\nremat ajustadet que es va perdre a prop del pal esquerra de la porteria de\nLuque.<\/p>\n\n\n\n<p>1-0 i una nova vict\u00f2ria\npels nois de Juanma Pons que continua invicte des de la seva arribada a Santa\nColoma. Un partit amb superioritat incontestable de la Grama sobre la Jonquera que\nno es veu reflectida en el resultat per\u00f2 s\u00ed en les estad\u00edstiques ja que els\nhomes de Mario Fern\u00e1ndez no van realitzar cap xut entre els tres pals.<\/p>\n\n\n\n<p>Jornada rodona pels interessos\nde la Fundaci\u00f3 Esportiva Grama amb la derrota del Vic i els empats de Matar\u00f3,\nGuineueta i Palam\u00f3s. <\/p>\n\n\n\n<p>La propera setmana tenim una nova final, a domicili, visitant el Camp del Centenari per enfrontar-nos al C.E. Matar\u00f3. Ser\u00e0 diumenge, a les 17h, i us ho narrarem en directe a <a href=\"http:\/\/www.gramaradio.cat\">www.gramaradio.cat<\/a> i a les nostres xarxes, al grama en joc.<\/p>\n\n\n\n<p><a href=\"http:\/\/fcf.cat\/acta\/1920\/futbol-11\/primera-catalana\/grup-1\/1cat\/fundacio-esportiva-grama-a\/1cat\/la-jonquera-ue-a\">CLIQUEU PER VEURE L&#8217;ACTA DEL PARTIT<\/a><\/p>\n\n\n\n<p><a href=\"http:\/\/fcf.cat\/classificacio\/1920\/futbol-11\/primera-catalana\/grup-1\">CLIQUEU PER VEURE LA CLASSIFICACI\u00d3 DE 1CAT1<\/a><\/p>\n\n\n\n<hr class=\"wp-block-separator\"\/>\n\n\n\n<p class=\"has-medium-font-size\"><strong>Trabajada victoria de la Grama contra la Jonquera que nos mete de lleno en la lucha por la segunda plaza del grupo que da derecho a la promoci\u00f3n de ascenso.<\/strong><\/p>\n\n\n\n<figure class=\"wp-block-image size-large\"><img loading=\"lazy\" decoding=\"async\" width=\"1024\" height=\"683\" src=\"http:\/\/fegrama.cat\/web\/wp-content\/uploads\/2020\/02\/PHOTO-2020-02-02-16-29-21-1-1024x683.jpg\" alt=\"\" class=\"wp-image-27854\" srcset=\"http:\/\/fegrama.cat\/web\/wp-content\/uploads\/2020\/02\/PHOTO-2020-02-02-16-29-21-1-1024x683.jpg 1024w, http:\/\/fegrama.cat\/web\/wp-content\/uploads\/2020\/02\/PHOTO-2020-02-02-16-29-21-1-300x200.jpg 300w, http:\/\/fegrama.cat\/web\/wp-content\/uploads\/2020\/02\/PHOTO-2020-02-02-16-29-21-1-768x512.jpg 768w, http:\/\/fegrama.cat\/web\/wp-content\/uploads\/2020\/02\/PHOTO-2020-02-02-16-29-21-1.jpg 1392w\" sizes=\"auto, (max-width: 1024px) 100vw, 1024px\" \/><figcaption>\u00d3scar Mu\u00f1oz ha tenido ocasiones para ampliar el marcador<\/figcaption><\/figure>\n\n\n\n<p><br> Casi sin variaciones en el once inicial, parece que Juanma Pons ha encontrado su equipo base y con ellos est\u00e1 consiguiendo una buena racha de resultados. Sal\u00eda de inicio con: Luque en porter\u00eda; Juan Carlos y Rojas como centrales; los laterales para Michel y Pe\u00f1a; el doble pivote para Soler y Roger; las bandas para \u00c1ngel y Buba; y la punta de ataque para \u00d3scar y Obispo.<\/p>\n\n\n\n<p><br> Los primeros minutos de juego ya dejaban claro cu\u00e1l ser\u00eda la t\u00f3nica de la primera mitad en el partido contra el U.E. La Jonquera. El equipo gerundense plantaba su 4-4-2 con dos l\u00edneas bien cerraditas para no dejar espacios a los colomenses mientras la Grama intentaba agujerear el muro verde de los hombres de Mario Fern\u00e1ndez utilizando las bandas.<\/p>\n\n\n\n<p><br> As\u00ed lleg\u00f3 la primera gran ocasi\u00f3n para la Fundaci\u00f3, a los 12 minutos, con un buen centro al que \u00d3scar Mu\u00f1oz no pudo llegar por poco.<br> Finalmente la superioridad colomense se vio compensada con una jugada colectiva, excelente con el bal\u00f3n circulando desde zona defensiva hasta el centro del campo, con un cambio de orientaci\u00f3n que traslad\u00f3 el esf\u00e9rico desde la derecha hasta terminar en las botas de \u00c1ngel Gonz\u00e1lez en zona de extremo zurdo.<\/p>\n\n\n\n<p><br> Sin duda el mejor hombre del partido, \u00c1ngel, se marc\u00f3 una extraordinaria jugada adentr\u00e1ndose en el \u00e1rea de la Jonquera y dando un pase perfecto para Edu Soler que, cruzando el bal\u00f3n magn\u00edficamente anot\u00f3 el primero de la ma\u00f1ana a los 21 minutos de juego.<\/p>\n\n\n\n<p><br> El mon\u00f3logo de la Grama se traduc\u00eda en el 1-0 y adem\u00e1s mostr\u00f3 un aut\u00e9ntico recital ofensivo durante el resto de la primera mitad. \u00c1ngel segu\u00eda haciendo da\u00f1o por banda izquierda, Buba penetraba por banda derecha y, en medio, \u00d3scar y Obispo se dejaban la piel para rematarlas.<\/p>\n\n\n\n<p><br> Se suced\u00edan las ocasiones para la Grama: \u00d3scar tuvo un remate claro que pudo enviar a corner Alex Campos tras un magn\u00edfico centro de Buba; De nuevo \u00d3scar remat\u00f3 dentro del \u00e1rea peque\u00f1a un centro de Pe\u00f1a por banda izquierda para una nueva intervenci\u00f3n de Campos; Michel Owono remataba un c\u00f3rner al segundo palo y Campos toca el bal\u00f3n para enviarla a la escuadra en un posible gol fantasma; \u00c1ngel volv\u00eda a hacer jugada personal y su disparo lo desv\u00eda en el primer palo el portero de la Jonquera; Y terminaba la primera mitad con una vaselina de \u00d3scar por encima de Campos que pudo sacar la defensa sobre la misma l\u00ednea de gol.<\/p>\n\n\n\n<p><br> Despu\u00e9s de ese recital ofensivo, el colegiado se\u00f1al\u00f3 el camino de vestuarios con un marcador demasiado corto para lo que se vio sobre el c\u00e9sped, 1-0.<\/p>\n\n\n\n<p><br> La segunda parte comenz\u00f3 de manera un tanto imprecisa para ambos equipos. La Jonquera se ve\u00eda a\u00fan con posibilidades de buscar el empate y la Grama no era capaz de marcar m\u00e1s diferencia al marcador a pesar de las ocasiones de la primera mitad.<\/p>\n\n\n\n<p><br> A los 59 minutos, Juanma Pons daba entrada a Crist\u00f3bal Le\u00f3n en sustituci\u00f3n de Obispo y el primer bal\u00f3n que toc\u00f3 ha sido un remate que  sali\u00f3 por poco por encima de la porter\u00eda de Campos.<br> Lo segu\u00eda intentando el Grama con un buen remate de Buba que se march\u00f3 fuera y con otro remate de Juan Carlos que pudo detener Campos.<br> Mientras tanto, Mario Fern\u00e1ndez introduc\u00eda los cambios en las filas del equipo fronterizo para tratar de sacudirse la superioridad colomense.<\/p>\n\n\n\n<p>Los minutos finales fueron el reflejo de lo que hab\u00eda sido la segunda mitad. La Grama tuvo ocasiones hasta el final, como un disparo de Oscar desde la frontal de la peque\u00f1a que detuvo Campos mientras la Jonquera buscaba la contra aprovechando el aire fresco de su ataque en los minutos finales. Soufiane finaliz\u00f3 el \u00faltimo ataque de la Jonquera con una contra peligrosa y un remate ajustadito que se perdi\u00f3 cerca del poste izquierdo de la porter\u00eda de Luque.<\/p>\n\n\n\n<p>1-0 y una nueva victoria para los chicos de Juanma Pons que contin\u00faa invicto desde su llegada a Santa Coloma. Un partido con superioridad incontestable de la Grama sobre la Jonquera que no se ve reflejada en el resultado pero s\u00ed en las estad\u00edsticas ya que los hombres de Mario Fern\u00e1ndez no realizaron ning\u00fan disparo entre los tres palos.<\/p>\n\n\n\n<p>Jornada redonda para los intereses de la Fundaci\u00f3 Esportiva Grama con la derrota del Vic y los empates de Matar\u00f3, Guineueta y Palam\u00f3s.<\/p>\n\n\n\n<p><br> La pr\u00f3xima semana tenemos una nueva final, a domicilio, visitando el Camp del Centenari para enfrentarnos al C.E. Matar\u00f3. Ser\u00e1 el domingo, a las 17, y se lo narraremos en directo a www.gramaradio.cat y en nuestras redes en el Grama en joc.<\/p>\n\n\n\n<p><a href=\"http:\/\/fcf.cat\/acta\/1920\/futbol-11\/primera-catalana\/grup-1\/1cat\/fundacio-esportiva-grama-a\/1cat\/la-jonquera-ue-a\">CLICAD PARA VER EL ACTA DEL PARTIDO<\/a><\/p>\n\n\n\n<p><a href=\"http:\/\/fcf.cat\/classificacio\/1920\/futbol-11\/primera-catalana\/grup-1\">CLICAD PARA VER LA CLASIFICACI\u00d3N DE 1CAT1<\/a><\/p>\n","protected":false},"excerpt":{"rendered":"<p>Treballada vict\u00f2ria de la Grama contra la Jonquera que ens fica de ple en la lluita per la segona pla\u00e7a del grup que dona dret a la promoci\u00f3 d\u2019ascens. -DBC- Quasi b\u00e9 sense variacions en l\u2019onze inicial, sembla que Juanma Pons ha trobat el seu equip base i amb ells est\u00e0 aconseguint una bona ratxa [&hellip;]<\/p>\n","protected":false},"author":1,"featured_media":27853,"comment_status":"closed","ping_status":"closed","sticky":false,"template":"","format":"standard","meta":{"footnotes":""},"categories":[4,5],"tags":[],"class_list":["post-27851","post","type-post","status-publish","format-standard","has-post-thumbnail","hentry","category-base-inclusiu","category-primer-equip"],"_links":{"self":[{"href":"http:\/\/fegrama.cat\/web\/wp-json\/wp\/v2\/posts\/27851","targetHints":{"allow":["GET"]}}],"collection":[{"href":"http:\/\/fegrama.cat\/web\/wp-json\/wp\/v2\/posts"}],"about":[{"href":"http:\/\/fegrama.cat\/web\/wp-json\/wp\/v2\/types\/post"}],"author":[{"embeddable":true,"href":"http:\/\/fegrama.cat\/web\/wp-json\/wp\/v2\/users\/1"}],"replies":[{"embeddable":true,"href":"http:\/\/fegrama.cat\/web\/wp-json\/wp\/v2\/comments?post=27851"}],"version-history":[{"count":2,"href":"http:\/\/fegrama.cat\/web\/wp-json\/wp\/v2\/posts\/27851\/revisions"}],"predecessor-version":[{"id":27856,"href":"http:\/\/fegrama.cat\/web\/wp-json\/wp\/v2\/posts\/27851\/revisions\/27856"}],"wp:featuredmedia":[{"embeddable":true,"href":"http:\/\/fegrama.cat\/web\/wp-json\/wp\/v2\/media\/27853"}],"wp:attachment":[{"href":"http:\/\/fegrama.cat\/web\/wp-json\/wp\/v2\/media?parent=27851"}],"wp:term":[{"taxonomy":"category","embeddable":true,"href":"http:\/\/fegrama.cat\/web\/wp-json\/wp\/v2\/categories?post=27851"},{"taxonomy":"post_tag","embeddable":true,"href":"http:\/\/fegrama.cat\/web\/wp-json\/wp\/v2\/tags?post=27851"}],"curies":[{"name":"wp","href":"https:\/\/api.w.org\/{rel}","templated":true}]}}