{"id":27847,"date":"2020-02-01T01:05:18","date_gmt":"2020-02-01T00:05:18","guid":{"rendered":"http:\/\/fegrama.cat\/web\/?p=27847"},"modified":"2020-02-01T01:05:21","modified_gmt":"2020-02-01T00:05:21","slug":"una-victoria-mes-pels-inclusius-de-la-grama","status":"publish","type":"post","link":"http:\/\/fegrama.cat\/web\/una-victoria-mes-pels-inclusius-de-la-grama\/","title":{"rendered":"Una vict\u00f2ria m\u00e9s pels Inclusius de la Grama."},"content":{"rendered":"\n<figure class=\"wp-block-image size-large\"><img loading=\"lazy\" decoding=\"async\" width=\"1024\" height=\"576\" src=\"http:\/\/fegrama.cat\/web\/wp-content\/uploads\/2020\/02\/WhatsApp-Image-2020-01-31-at-19.16.05-1024x576.jpeg\" alt=\"\" class=\"wp-image-27848\" srcset=\"http:\/\/fegrama.cat\/web\/wp-content\/uploads\/2020\/02\/WhatsApp-Image-2020-01-31-at-19.16.05-1024x576.jpeg 1024w, http:\/\/fegrama.cat\/web\/wp-content\/uploads\/2020\/02\/WhatsApp-Image-2020-01-31-at-19.16.05-300x169.jpeg 300w, http:\/\/fegrama.cat\/web\/wp-content\/uploads\/2020\/02\/WhatsApp-Image-2020-01-31-at-19.16.05-768x432.jpeg 768w, http:\/\/fegrama.cat\/web\/wp-content\/uploads\/2020\/02\/WhatsApp-Image-2020-01-31-at-19.16.05-1536x865.jpeg 1536w, http:\/\/fegrama.cat\/web\/wp-content\/uploads\/2020\/02\/WhatsApp-Image-2020-01-31-at-19.16.05.jpeg 1599w\" sizes=\"auto, (max-width: 1024px) 100vw, 1024px\" \/><figcaption><br>Dalt d\u2019esquerra a dreta: Daniel Caba\u00f1as, Rafael Rojano, Nicol\u00e1s D\u00edaz, Manuel Garrido, Miguel S\u00e1nchez, Jofre Ruiz i Jes\u00fas Luna.<br>Abaix d\u2019esquerra a dreta: Jose Antonio Collada, Daniel Salinas, Sergio Molina i Mamadou.<br><\/figcaption><\/figure>\n\n\n\n<p>Inclusius 7 &#8211; Terrasa 1<\/p>\n\n\n\n<p>El mat\u00ed del divendres 31 de gener, els Inclusius de la Fundaci\u00f3 Grama, va disputar en el pavell\u00f3 \u00abLa Bastida\u00bb el seu corresponent partit contra el Terrassa amb el resultat final favorable als nostres de 7 a 1.<\/p>\n\n\n\n<p>Comen\u00e7a el partit i tan sols amb 20\u00a0minuts\u00a0de joc, el marcador ja reflectia un 2 a 1.<\/p>\n\n\n\n<p>Des de l&#8217;inici de la segona part fins que ja estava decantat la trobada, l&#8217;entrenador de la Grama va decidir posar un equip que don\u00e9s garanties.<br>Ja amb el resultat favorable va anar fent rotacions fins a la finalitzaci\u00f3 de la trobada.<\/p>\n\n\n\n<p>Els golejadors del partit van ser:\u00a0Alberto\u00a0Vela (2),\u00a0Nicol\u00e1s\u00a0D\u00edaz (2),\u00a0Mamadou\u00a0(2) i\u00a0Jose\u00a0Antonio Collada (1).<\/p>\n\n\n\n<p>El pr\u00f2xim partit de lliga divendres 7 de febrer F.E.Grama\u00a0&#8211; 3 Turons \/ Num\u00e0ncia a les 11:15\u202fh\u00a0en el pavell\u00f3 La Bastida.<\/p>\n\n\n\n<!--nextpage-->\n\n\n\n<p>Inclusivos 7 &#8211; Terrasa 1<\/p>\n\n\n\n<p>La ma\u00f1ana del viernes 31 de enero, los Inclusivos de la Fundaci\u00f3 Grama, disput\u00f3 en el pabell\u00f3n \u201cLa Bastida\u201d su correspondiente partido contra el Terrassa con el resultado final favorable a los nuestros de 7 a 1.\u00a0<\/p>\n\n\n\n<p>Empieza el partido y tan solo con 20 minutos de juego, el marcador ya reflejaba un 2 a 1.<\/p>\n\n\n\n<p>Desde el inicio de la segunda parte hasta que ya estaba decantado el encuentro, el entrenador de la Grama decidi\u00f3 poner un equipo que diese garant\u00edas.&nbsp;<\/p>\n\n\n\n<p>Ya con el resultado favorable fue haciendo rotaciones hasta la finalizaci\u00f3n del encuentro.<\/p>\n\n\n\n<p>Los goleadores del partido fueron: Alberto Vela (2), Nicol\u00e1s D\u00edaz (2), Mamadou (2) i Jose Antonio Collada (1).<\/p>\n\n\n\n<p>El pr\u00f3ximo partido de liga viernes 7 de febrero F.E.Grama &#8211; 3 Turons \/ Numancia a las 11:15h en el pabell\u00f3n La Bastida.<br><\/p>\n","protected":false},"excerpt":{"rendered":"<p>Inclusius 7 &#8211; Terrasa 1 El mat\u00ed del divendres 31 de gener, els Inclusius de la Fundaci\u00f3 Grama, va disputar en el pavell\u00f3 \u00abLa Bastida\u00bb el seu corresponent partit contra el Terrassa amb el resultat final favorable als nostres de 7 a 1. Comen\u00e7a el partit i tan sols amb 20\u00a0minuts\u00a0de joc, el marcador ja [&hellip;]<\/p>\n","protected":false},"author":1,"featured_media":27848,"comment_status":"closed","ping_status":"closed","sticky":false,"template":"","format":"standard","meta":{"footnotes":""},"categories":[4,1256],"tags":[],"class_list":["post-27847","post","type-post","status-publish","format-standard","has-post-thumbnail","hentry","category-base-inclusiu","category-inclusiu"],"_links":{"self":[{"href":"http:\/\/fegrama.cat\/web\/wp-json\/wp\/v2\/posts\/27847","targetHints":{"allow":["GET"]}}],"collection":[{"href":"http:\/\/fegrama.cat\/web\/wp-json\/wp\/v2\/posts"}],"about":[{"href":"http:\/\/fegrama.cat\/web\/wp-json\/wp\/v2\/types\/post"}],"author":[{"embeddable":true,"href":"http:\/\/fegrama.cat\/web\/wp-json\/wp\/v2\/users\/1"}],"replies":[{"embeddable":true,"href":"http:\/\/fegrama.cat\/web\/wp-json\/wp\/v2\/comments?post=27847"}],"version-history":[{"count":1,"href":"http:\/\/fegrama.cat\/web\/wp-json\/wp\/v2\/posts\/27847\/revisions"}],"predecessor-version":[{"id":27849,"href":"http:\/\/fegrama.cat\/web\/wp-json\/wp\/v2\/posts\/27847\/revisions\/27849"}],"wp:featuredmedia":[{"embeddable":true,"href":"http:\/\/fegrama.cat\/web\/wp-json\/wp\/v2\/media\/27848"}],"wp:attachment":[{"href":"http:\/\/fegrama.cat\/web\/wp-json\/wp\/v2\/media?parent=27847"}],"wp:term":[{"taxonomy":"category","embeddable":true,"href":"http:\/\/fegrama.cat\/web\/wp-json\/wp\/v2\/categories?post=27847"},{"taxonomy":"post_tag","embeddable":true,"href":"http:\/\/fegrama.cat\/web\/wp-json\/wp\/v2\/tags?post=27847"}],"curies":[{"name":"wp","href":"https:\/\/api.w.org\/{rel}","templated":true}]}}