{"id":27837,"date":"2020-01-28T11:43:28","date_gmt":"2020-01-28T10:43:28","guid":{"rendered":"http:\/\/fegrama.cat\/web\/?p=27837"},"modified":"2020-01-28T11:47:41","modified_gmt":"2020-01-28T10:47:41","slug":"linfantil-femeni-que-haura-de-seguir-treballant-per-veure-resulats","status":"publish","type":"post","link":"http:\/\/fegrama.cat\/web\/linfantil-femeni-que-haura-de-seguir-treballant-per-veure-resulats\/","title":{"rendered":"L&#8217;Infantil Femen\u00ed que haur\u00e1 de seguir treballant per veure resulats."},"content":{"rendered":"\n<p>Infantil Femen\u00ed 0 &#8211; 7 Cirera<\/p>\n\n\n\n<p>La matinal del diumenge comen\u00e7ava amb una inflada derrota del nostre Infantil Femen\u00ed davant el quart classificat.<br>Les nostres noies van competir part de la trobada per\u00f2 no van ser capaces de convertir les clares situacions que van generar.<br>A mesura que passaven els minuts, el Cirera va ser capa\u00e7 de ficar massa enrere al conjunt local i, fins i tot una gran actuaci\u00f3 de la nostra portera&nbsp;Mayka, van convertir set trets per a deixar al nostre equip tocat i sense capacitat de reacci\u00f3.<br>Est\u00e0 sent un any dlent per a les nostres noies, que ara com ara sumen un punt en la m\u00e0xima categoria Infantil. Queda molta feina i segur donaran guerra en la segona volta.<br>El seg\u00fcent partit es disputar\u00e0 el dissabte dia 1 de febrer, a les 13.15, en el Municipal de Cornell\u00e0.<\/p>\n\n\n\n<!--nextpage-->\n\n\n\n<p>Infantil Femenino 0 &#8211; 7&nbsp;Cirera<\/p>\n\n\n\n<p>La matinal del domingo comenzaba con una abultada derrota de nuestro Infantil Femenino ante el cuarto clasificado.<br>Nuestras chicas compitieron parte del encuentro pero no fueron capaces de convertir las claras situaciones que generaron.<br>Conforme pasaban los minutos el&nbsp;Cirera&nbsp;fue capaz de meter demasiado atr\u00e1s al conjunto local y, aun una gran actuaci\u00f3n de nuestra portera&nbsp;Mayka, convirtieron siete disparos para dejar a nuestro equipo tocado y sin capacidad de reacci\u00f3n.<br>Est\u00e1 siendo un mal a\u00f1o para nuestras chicas, que por ahora suman un punto en la m\u00e1xima categor\u00eda Infantil. Queda mucho trabajo y seguro dar\u00e1n guerra en la segunda vuelta.<br>El siguiente partido se disputar\u00e1 el s\u00e1bado d\u00eda 1 de febrero, a las 13:15, en el Municipal de&nbsp;Cornell\u00e1.<\/p>\n","protected":false},"excerpt":{"rendered":"<p>Infantil Femen\u00ed 0 &#8211; 7 Cirera La matinal del diumenge comen\u00e7ava amb una inflada derrota del nostre Infantil Femen\u00ed davant el quart classificat.Les nostres noies van competir part de la trobada per\u00f2 no van ser capaces de convertir les clares situacions que van generar.A mesura que passaven els minuts, el Cirera va ser capa\u00e7 de [&hellip;]<\/p>\n","protected":false},"author":1,"featured_media":27480,"comment_status":"closed","ping_status":"closed","sticky":false,"template":"","format":"standard","meta":{"footnotes":""},"categories":[4,13],"tags":[],"class_list":["post-27837","post","type-post","status-publish","format-standard","has-post-thumbnail","hentry","category-base-inclusiu","category-femeni"],"_links":{"self":[{"href":"http:\/\/fegrama.cat\/web\/wp-json\/wp\/v2\/posts\/27837","targetHints":{"allow":["GET"]}}],"collection":[{"href":"http:\/\/fegrama.cat\/web\/wp-json\/wp\/v2\/posts"}],"about":[{"href":"http:\/\/fegrama.cat\/web\/wp-json\/wp\/v2\/types\/post"}],"author":[{"embeddable":true,"href":"http:\/\/fegrama.cat\/web\/wp-json\/wp\/v2\/users\/1"}],"replies":[{"embeddable":true,"href":"http:\/\/fegrama.cat\/web\/wp-json\/wp\/v2\/comments?post=27837"}],"version-history":[{"count":3,"href":"http:\/\/fegrama.cat\/web\/wp-json\/wp\/v2\/posts\/27837\/revisions"}],"predecessor-version":[{"id":27840,"href":"http:\/\/fegrama.cat\/web\/wp-json\/wp\/v2\/posts\/27837\/revisions\/27840"}],"wp:featuredmedia":[{"embeddable":true,"href":"http:\/\/fegrama.cat\/web\/wp-json\/wp\/v2\/media\/27480"}],"wp:attachment":[{"href":"http:\/\/fegrama.cat\/web\/wp-json\/wp\/v2\/media?parent=27837"}],"wp:term":[{"taxonomy":"category","embeddable":true,"href":"http:\/\/fegrama.cat\/web\/wp-json\/wp\/v2\/categories?post=27837"},{"taxonomy":"post_tag","embeddable":true,"href":"http:\/\/fegrama.cat\/web\/wp-json\/wp\/v2\/tags?post=27837"}],"curies":[{"name":"wp","href":"https:\/\/api.w.org\/{rel}","templated":true}]}}