{"id":27809,"date":"2020-01-27T12:03:57","date_gmt":"2020-01-27T11:03:57","guid":{"rendered":"http:\/\/fegrama.cat\/web\/?p=27809"},"modified":"2020-01-27T12:03:58","modified_gmt":"2020-01-27T11:03:58","slug":"un-empat-i-dues-derrotes-on-toca-seguint-treballant","status":"publish","type":"post","link":"http:\/\/fegrama.cat\/web\/un-empat-i-dues-derrotes-on-toca-seguint-treballant\/","title":{"rendered":"Un empat i dues derrotes on toca seguint treballant."},"content":{"rendered":"\n<p>Sant Andr\u00e9u 1 &#8211; Infantil \u00abA\u00bb 1<\/p>\n\n\n\n<p>\u00abUn infantil que necessita m\u00e9s!\u00bb diu el t\u00e8cnic.<\/p>\n\n\n\n<p>El partit d&#8217;aquesta setmana passada era molt important per als de Brian Espinola i&#8230; Es va fallar.<\/p>\n\n\n\n<p>S&#8217;inicia la primera part on el Sant Andreu no volia la pilota, nom\u00e9s buscava pilotes llargues. La Grama ho va intentar, per\u00f2 errors imperdonables fan que els de l&#8217;Infantil \u00abA\u00bb no estigui m\u00e9s amunt. Els de la Fundaci\u00f3 cometien fallades de noven\u00e7ans i alguns de falta d&#8217;intensitat. Un c\u00f3rner picat pel Sant Andreu marcava el gol local, entrava nom\u00e9s i amb una mitjana d&#8217;equip sota renda a solo. La Grama no es va descompondre i Rub\u00e8n va marcar l&#8217;1-1. En la segona part es va intentar fins a l&#8217;\u00faltim minut per\u00f2 no va poder ser i el marcador va quedar 1-1<\/p>\n\n\n\n<p>Brian Espinola: Els errors i la falta de punteria han marcat est\u00e0 una volta, s\u00ed que \u00e9s cert que s\u00e9 que mereixem estar m\u00e9s amunt per\u00f2 en aquest equip hi ha 6 jugadors que donen el nivell que exigeixo. I no \u00e9s suficient. Cometem errors ximples que ens fan perdre molts partits. No estic gens content, avui la consigna era clara entrar per bandes. Ells eren m\u00e9s febles. I nom\u00e9s en dues accions entrem per all\u00ed. Un el gol. Aix\u00ed \u00e9s complicat sumar punts perqu\u00e8 aquesta lliga i aquesta categoria no perdona. Toca remar no queda una altra. Depenem de nosaltres mateixos.<\/p>\n\n\n\n<p><\/p>\n\n\n\n<hr class=\"wp-block-separator is-style-dots\"\/>\n\n\n\n<p><\/p>\n\n\n\n<p>Sant Andr\u00e9u 1 &#8211; Infantil \u201cA\u201d 1<\/p>\n\n\n\n<p>\u201cUn infantil que necesita m\u00e1s!\u201d dice el t\u00e9cnico.<\/p>\n\n\n\n<p>El partido de esta semana pasada era muy importante para los de Brian Espinola y\u2026 Se fall\u00f3.<\/p>\n\n\n\n<p>Se inicia la primera parte donde el Sant Andreu no quer\u00eda la pelota y buscaba solo balones largos. La Grama lo intent\u00f3, pero errores imperdonables hacen que los del Infantil \u201cA\u201d no est\u00e9 m\u00e1s arriba. Los de la Fundaci\u00f3 comet\u00edan fallos de novatos y algunos de falta de intensidad. Un c\u00f3rner picado por el Sant Andreu marcaba el gol local, entraba solo y con una media de equipo bajo renta a solo. La Grama no se descompuso y Rub\u00e9n marc\u00f3 el 1-1. En la segunda parte se intent\u00f3 hasta el \u00faltimo min pero no pudo ser y el marcador qued\u00f3 1-1<\/p>\n\n\n\n<p>Brian Espinola: Los errores y la falta de punter\u00eda han marcado est\u00e1 una vuelta, s\u00ed que es cierto que s\u00e9 que merecemos estar m\u00e1s arriba pero en este equipo hay 6 jugadores que dan el nivel que exijo. Y no es suficiente. Cometemos errores tontos que nos hacen perder muchos partidos. No estoy nada contento, hoy la consigna era clara entrar por bandas. Ellos eran m\u00e1s d\u00e9biles. Y solo en dos acciones entramos por all\u00ed. Uno el gol. As\u00ed es complicado sumar puntos porque esta liga y esta categor\u00eda no perdona. Toca remar no queda otra. Dependemos de nosotros mismos.<br><\/p>\n\n\n\n<!--nextpage-->\n\n\n\n<p>Vilassar de Mar 3 &#8211; Infantil \u00abB\u00bb 0<\/p>\n\n\n\n<p>Dissabte passat es va jugar la 14a jornada dels petits de l&#8217;Infantil \u00abB\u00bb on va haver-hi una primera part molt ben disputada pels nostres f\u00edsicament i t\u00e0cticament, de les millors parts que ha fet en tota la temporada el nostre Infantil i m\u00e9s encara sent contra el l\u00edder invicte.<\/p>\n\n\n\n<p>Els de la Grama van arribar unes 6-7 vegades a l&#8217;\u00e0rea rival, els contraris algunes vegades menys, per\u00f2 en l&#8217;\u00faltim minut de la primera part s\u00f3n els del Vilassar els qui marquen dos gols a pilota parada de falta que els nostres no van saber buidar b\u00e9.<\/p>\n\n\n\n<p>En la segona part es trenca una mica m\u00e9s el partit, per\u00f2 aix\u00ed i tot els de la Grama segueixen amb una intensitat molt bona i tenint un parell o tres ocasions per a marcar almenys un gol.<\/p>\n\n\n\n<p>D&#8217;un c\u00f3rner en contra, marquen el tercer gol els del Vilassar.<\/p>\n\n\n\n<p>Molt bona actuaci\u00f3 de la Grama i de cada jugador. Jugant aix\u00ed amb aquesta intensitat \u00e9s el cam\u00ed a seguir.<\/p>\n\n\n\n<p><\/p>\n\n\n\n<hr class=\"wp-block-separator is-style-dots\"\/>\n\n\n\n<p><\/p>\n\n\n\n<p>Vilassar de Mar 3 &#8211; Infantil \u201cB\u201d 0<\/p>\n\n\n\n<p>El pasado s\u00e1bado se jug\u00f3 la 14a jornada de los peque\u00f1os del Infantil \u201cB\u201d donde hubo una primera parte muy bien disputada por los nuestros f\u00edsicamente y t\u00e1cticamente, de las mejores partes que ha hecho en toda la temporada nuestro Infantil y m\u00e1s a\u00fan siendo contra el l\u00edder invicto.<\/p>\n\n\n\n<p>Los de la Grama llegaron unas 6-7 veces al \u00e1rea rival, los contrarios algunas veces menos, pero en el \u00faltimo minuto de la primera parte son los del Vilassar quienes marcan dos goles a bal\u00f3n parado de falta que los nuestros no supieron despejar bien.<\/p>\n\n\n\n<p>En la segunda parte se rompe un poco m\u00e1s el partido, pero aun as\u00ed los de la Grama siguen con una intensidad muy buena y teniendo un par o tres ocasiones para marcar al menos un gol.<\/p>\n\n\n\n<p>De un c\u00f3rner en contra, marcan el tercer gol los del Vilassar.<\/p>\n\n\n\n<p>Muy buena actuaci\u00f3n de la Grama y de cada jugador. Jugando as\u00ed con esta intensidad es el camino a seguir.<\/p>\n\n\n\n<!--nextpage-->\n\n\n\n<p>Infantil \u00abC\u00bb 0 &#8211; Europa 3<\/p>\n\n\n\n<p>Els de l&#8217;Infantil \u00abC\u00bb van jugar un partit que segons l&#8217;entrenador va ser bastant mal sobretot en el centre del camp, perqu\u00e8 l&#8217;Europa es va veure m\u00e9s potent. Els de la Grama feien molt de mal a contres tenint diverses ocasions perilloses.<\/p>\n\n\n\n<p>Toca millorar algunes coses i jugar amb m\u00e9s intensitat, seguir cap endavant i pujar a poc a poc amb esfor\u00e7.<\/p>\n\n\n\n<p><\/p>\n\n\n\n<hr class=\"wp-block-separator is-style-dots\"\/>\n\n\n\n<p><\/p>\n\n\n\n<p>Infantil \u201cC\u201d 0 &#8211; Europa 3<\/p>\n\n\n\n<p>Los del Infantil \u201cC\u201d jugaron un partido que seg\u00fan el entrenador fue bastante malo sobretodo en el centro del campo, porque el Europa se vio m\u00e1s potente. Los de la Grama hac\u00edan mucho da\u00f1o a contras teniendo varias ocasiones peligrosas.<\/p>\n\n\n\n<p>Toca mejorar algunas cosas y jugar con m\u00e1s intensidad, seguir hacia delante y subir poco a poco con esfuerzo.<br><\/p>\n","protected":false},"excerpt":{"rendered":"<p>Sant Andr\u00e9u 1 &#8211; Infantil \u00abA\u00bb 1 \u00abUn infantil que necessita m\u00e9s!\u00bb diu el t\u00e8cnic. El partit d&#8217;aquesta setmana passada era molt important per als de Brian Espinola i&#8230; Es va fallar. S&#8217;inicia la primera part on el Sant Andreu no volia la pilota, nom\u00e9s buscava pilotes llargues. La Grama ho va intentar, per\u00f2 errors [&hellip;]<\/p>\n","protected":false},"author":1,"featured_media":27683,"comment_status":"closed","ping_status":"closed","sticky":false,"template":"","format":"standard","meta":{"footnotes":""},"categories":[4,9],"tags":[],"class_list":["post-27809","post","type-post","status-publish","format-standard","has-post-thumbnail","hentry","category-base-inclusiu","category-infantils"],"_links":{"self":[{"href":"http:\/\/fegrama.cat\/web\/wp-json\/wp\/v2\/posts\/27809","targetHints":{"allow":["GET"]}}],"collection":[{"href":"http:\/\/fegrama.cat\/web\/wp-json\/wp\/v2\/posts"}],"about":[{"href":"http:\/\/fegrama.cat\/web\/wp-json\/wp\/v2\/types\/post"}],"author":[{"embeddable":true,"href":"http:\/\/fegrama.cat\/web\/wp-json\/wp\/v2\/users\/1"}],"replies":[{"embeddable":true,"href":"http:\/\/fegrama.cat\/web\/wp-json\/wp\/v2\/comments?post=27809"}],"version-history":[{"count":4,"href":"http:\/\/fegrama.cat\/web\/wp-json\/wp\/v2\/posts\/27809\/revisions"}],"predecessor-version":[{"id":27830,"href":"http:\/\/fegrama.cat\/web\/wp-json\/wp\/v2\/posts\/27809\/revisions\/27830"}],"wp:featuredmedia":[{"embeddable":true,"href":"http:\/\/fegrama.cat\/web\/wp-json\/wp\/v2\/media\/27683"}],"wp:attachment":[{"href":"http:\/\/fegrama.cat\/web\/wp-json\/wp\/v2\/media?parent=27809"}],"wp:term":[{"taxonomy":"category","embeddable":true,"href":"http:\/\/fegrama.cat\/web\/wp-json\/wp\/v2\/categories?post=27809"},{"taxonomy":"post_tag","embeddable":true,"href":"http:\/\/fegrama.cat\/web\/wp-json\/wp\/v2\/tags?post=27809"}],"curies":[{"name":"wp","href":"https:\/\/api.w.org\/{rel}","templated":true}]}}