{"id":27807,"date":"2020-01-27T12:14:22","date_gmt":"2020-01-27T11:14:22","guid":{"rendered":"http:\/\/fegrama.cat\/web\/?p=27807"},"modified":"2020-01-27T12:19:49","modified_gmt":"2020-01-27T11:19:49","slug":"els-empats-dels-alevins-i-la-victoria-del-f-i-g","status":"publish","type":"post","link":"http:\/\/fegrama.cat\/web\/els-empats-dels-alevins-i-la-victoria-del-f-i-g\/","title":{"rendered":"Els empats dels Alevins i la vict\u00f2ria del \u00abF\u00bb i \u00abG\u00bb."},"content":{"rendered":"\n<p>Alev\u00ed \u00abA\u00bb 4 &#8211; Vilassar de dalt 4<\/p>\n\n\n\n<p>Els de l&#8217;Alev\u00ed \u00abA\u00bb van jugar un molt bon partit gr\u00e0cies a un bon rival. Els contraris que van estar amb un plus d&#8217;intensitat durant tot el partit, es van avan\u00e7ar 0 a 2 en el primer quart i es va anar al descans amb 1-2.<\/p>\n\n\n\n<p>La Grama va sortir amb les coses m\u00e9s clares en la segona part, per\u00f2 en un contraatac van posar l&#8217;1 a 3 els del Vilassar. Els de la Fundaci\u00f3 van continuar intentant-ho i es van poder posar 3 a 4 i mancant 3 minuts es va poder posar el 4-4 que no va donar 1 punt que permet als nostres seguir a dalt en la taula.<\/p>\n\n\n\n<p><\/p>\n\n\n\n<hr class=\"wp-block-separator is-style-dots\"\/>\n\n\n\n<p><\/p>\n\n\n\n<p>Alev\u00edn \u00abA\u00bb 4 &#8211;&nbsp;Vilassar&nbsp;de&nbsp;dalt&nbsp;4<\/p>\n\n\n\n<p>Los del Alev\u00edn \u00abA\u00bb jugaron un muy buen partido gracias a un buen rival. Los contrarios estuvieron con un plus de intensidad durante todo el partido se adelantaron 0 a 2 en el primer cuarto y se fue al descanso con 1-2.&nbsp;<\/p>\n\n\n\n<p>La Grama salio con las cosas m\u00e1s claras en la segunda parte, pero en un&nbsp;contraataque&nbsp;pusieron el 1 a 3 los del&nbsp;Vilassar. Los de la&nbsp;Fundaci\u00f3&nbsp;siguieron intent\u00e1ndolo y se pudieron poner 3 a 4 y a falta de 3 minutos se pudo poner el 4-4 que no dio 1 punto que permite a los nuestros seguir arriba en la tabla.<\/p>\n\n\n\n<!--nextpage-->\n\n\n\n<p>Vic Riuprimer Refo Futbol Club 4 &#8211; Alev\u00ed \u00abB\u00bb 4<\/p>\n\n\n\n<p>Els jugadors de l&#8217;Alev\u00ed \u00abB\u00bb van treure un punt important\u00edssim en el camp del Vic Riuprimer. Despr\u00e9s d&#8217;un impecable primer quart, els nostres jugadors&nbsp;Jairo&nbsp;i&nbsp;Robben, posaven el 2-0, per\u00f2 la baixa intensitat de la segona habitaci\u00f3 de joc, donava l&#8217;oportunitat perqu\u00e8 Vic empat\u00e9s el partit. No obstant aix\u00f2, un altre encertat gol de&nbsp;Robben&nbsp;ens posava un per damunt al descans, en la tercera habitaci\u00f3 els nostres nois van aguantar el tipus a pesar que Vic ens torn\u00e9s a empatar, una habitaci\u00f3 i \u00faltim temps de joc molt disputat ens permetia posar-nos un per davant a quatre minuts del final, per\u00f2 despr\u00e9s d&#8217;una desafortunada jugada en el descompte, Vic aconseguia empatar el partit. Malgrat aix\u00f2 els nostres petits guerrers van tornar a demostrar que no hi ha camp que se&#8217;ls resisteixi.<\/p>\n\n\n\n<p><\/p>\n\n\n\n<hr class=\"wp-block-separator is-style-dots\"\/>\n\n\n\n<p><\/p>\n\n\n\n<p>Vic Riuprimer Refo Futbol Club 4 &#8211; Alev\u00edn \u00abB\u00bb 4<\/p>\n\n\n\n<p>Los jugadores del&nbsp;Alev\u00edn&nbsp;\u00abB\u00bb sacaron un punto&nbsp;important\u00edsimo&nbsp;en el campo del&nbsp;Vic&nbsp;Riuprimer. Tras un impecable primer cuarto, nuestros jugadores Jairo y&nbsp;Robben,&nbsp;pon\u00edan&nbsp;el 2-0, pero la baja intensidad del segundo cuarto de juego, daba la oportunidad para que&nbsp;Vic&nbsp;empatara el partido. No obstante, otro acertado gol de&nbsp;Robben&nbsp;nos&nbsp;pon\u00eda&nbsp;uno por encima al descanso, en el tercer cuarto nuestros chicos aguantaron el tipo a pesar de que&nbsp;Vic&nbsp;nos volviera a empatar, un cuarto y \u00faltimo tiempo de juego muy disputado nos&nbsp;permit\u00eda&nbsp;ponernos uno por delante a cuatro minutos del final, pero tras una desafortunada jugada en el descuento,&nbsp;Vic&nbsp;consegu\u00eda&nbsp;empatar&nbsp;el partido. A pesar de esto nuestros&nbsp;peque\u00f1os&nbsp;guerreros volvieron a demostrar que no hay campo que se les resista.<\/p>\n\n\n\n<!--nextpage-->\n\n\n\n<p>Martinenc 2- Alev\u00ed \u00abD\u00bb 2<\/p>\n\n\n\n<p>Partit dur en un dels camps m\u00e9s dif\u00edcils de la categoria. La Grama va comen\u00e7ar molt forta i imposant la seva manera de jugar i tenint el control del partit. Va aconseguir avan\u00e7ar-se amb un gran gol de falta i va poder marcar el segon en diverses ocasions clares abans d&#8217;arribar al descans. Despr\u00e9s de l&#8217;entretemps, els visitants van tornar a sortir arriscant, jugant des de darrere i sense donar cap opci\u00f3 al fet que els locals tinguessin la pilota. Per\u00f2 en una gran jugada individual, el Martinenc va aconseguir empatar per\u00f2, r\u00e0pidament, la Grama va tornar a avan\u00e7ar-se despr\u00e9s d&#8217;una gran jugada col\u00b7lectiva. Malgrat la gran millora en la tercera habitaci\u00f3, en l&#8217;\u00faltim els locals van aconseguir empatar una altra vegada el partit despr\u00e9s d&#8217;una jugada llarga. Despr\u00e9s d&#8217;aix\u00f2, cap dels dos equips van aconseguir anotar el gol de la vict\u00f2ria, malgrat tenir diferents ocasions clares. La Grama va aconseguir un punt important que li permet continuar estant l\u00edder.<\/p>\n\n\n\n<p><\/p>\n\n\n\n<hr class=\"wp-block-separator is-style-dots\"\/>\n\n\n\n<p><\/p>\n\n\n\n<p>Martinenc 2- Alev\u00edn \u201cD\u201d 2<\/p>\n\n\n\n<p>Partido duro en uno de los campos m\u00e1s dif\u00edciles de la categor\u00eda. La Grama empez\u00f3 muy fuerte e imponiendo su manera de jugar y teniendo el control del partido. Consigui\u00f3 adelantarse con un gran gol de falta y pudo marcar el segundo en varias ocasiones claras antes de llegar al descanso. Despu\u00e9s del entretiempo, los visitantes volvieron a salir arriesgando, jugando desde atr\u00e1s y sin dar ninguna opci\u00f3n a que los locales tuvieran el bal\u00f3n. Pero en una gran jugada individual, el Martinenc consigui\u00f3 empatar pero, r\u00e1pidamente, la Grama volvi\u00f3 a adelantarse tras una gran jugada colectiva. A pesar de la gran mejora en el tercer cuarto, en el \u00faltimo los locales consiguieron empatar otra vez el partido despu\u00e9s de una jugada larga. Despu\u00e9s de eso, ninguno de los dos equipos consiguieron anotar el gol de la victoria, pese a tener diferentes ocasiones claras. La Grama consigui\u00f3 un punto importante que le permite seguir estando l\u00edder.<\/p>\n\n\n\n<!--nextpage-->\n\n\n\n<p>Atl\u00e8tic La Palma 1 &#8211; Alev\u00ed \u00abF\u00bb 5<\/p>\n\n\n\n<p>La setmana passat els de l&#8217;Alev\u00ed \u00abF\u00bb van jugar un partit molt disputat, en el qual van ser tota l&#8217;estona perdent, ja que els va costar molt entrar en el partit. Encara aix\u00ed despr\u00e9s del descansa, ja va ser una altra cosa, el nostre Alev\u00ed va ser un equip molt m\u00e9s recognoscible i a poc a poc van caure els gols.<\/p>\n\n\n\n<p>Partit dif\u00edcil i vict\u00f2ria molt treballada.<\/p>\n\n\n\n<p><\/p>\n\n\n\n<hr class=\"wp-block-separator is-style-dots\"\/>\n\n\n\n<p><\/p>\n\n\n\n<p>Atl\u00e9tic La Palma 1 &#8211; Alev\u00edn \u201cF\u201d 5<\/p>\n\n\n\n<p>La semana pasado los del Alev\u00edn \u201cF\u201d jugaron un partido muy disputado, en el cual fueron todo el rato perdiendo, ya que les cost\u00f3 mucho entrar en el partido. A\u00fan as\u00ed despu\u00e9s descanso ya fue otra cosa, nuestro Alev\u00edn fue un equipo mucho m\u00e1s reconocible y poco a poco cayeron los goles.&nbsp;<\/p>\n\n\n\n<p>Partido dif\u00edcil y victoria muy trabajada.<\/p>\n\n\n\n<!--nextpage-->\n\n\n\n<p>Alev\u00ed \u00abG\u00bb 6 &#8211; Vilassar de Dalt 3<\/p>\n\n\n\n<p>El cap de setmana passat els nostres petits de l&#8217;Alev\u00ed \u00abG\u00bb van jugar un partit molt dif\u00edcil que els va fer posar-se a tercera posici\u00f3 vencent a un rival directe. Gols molt matiners, la pissarra dels nostres va donar resultat i van ficar 4 gols r\u00e0pids gr\u00e0cies a la pressi\u00f3 en la sortida de pilota rival. Un petit moment de distracci\u00f3 fa encaixar 3 gols als de la Grama, per\u00f2 ho saben tirar endavant.<\/p>\n\n\n\n<p>L&#8217;entrenador diu: molt content del treball i l&#8217;esfor\u00e7 dels nois.<\/p>\n\n\n\n<p><\/p>\n\n\n\n<hr class=\"wp-block-separator is-style-dots\"\/>\n\n\n\n<p><\/p>\n\n\n\n<p>Alev\u00edn \u201cG\u201d 6 &#8211; Vilassar de Dalt 3<\/p>\n\n\n\n<p>El fin de semana pasado nuestros peque\u00f1os del Alev\u00edn \u201cG\u201d jugaron un partido muy dif\u00edcil que les hizo ponerse en tercera posici\u00f3n venciendo a un rival directo. Goles muy tempraneros, la pizarra de los nuestros surgi\u00f3 efecto y metieron 4 goles r\u00e1pidos gracias a la presi\u00f3n en la salida de bal\u00f3n rival. Un peque\u00f1o momento de despiste hace encajar 3 goles a los de la Grama, pero lo saben sacar adelante.&nbsp;<\/p>\n\n\n\n<p>El entrenador dice: muy contento del trabajo y el esfuerzo de los chicos.<br><\/p>\n","protected":false},"excerpt":{"rendered":"<p>Alev\u00ed \u00abA\u00bb 4 &#8211; Vilassar de dalt 4 Els de l&#8217;Alev\u00ed \u00abA\u00bb van jugar un molt bon partit gr\u00e0cies a un bon rival. Els contraris que van estar amb un plus d&#8217;intensitat durant tot el partit, es van avan\u00e7ar 0 a 2 en el primer quart i es va anar al descans amb 1-2. La [&hellip;]<\/p>\n","protected":false},"author":1,"featured_media":27684,"comment_status":"closed","ping_status":"closed","sticky":false,"template":"","format":"standard","meta":{"footnotes":""},"categories":[10,4],"tags":[],"class_list":["post-27807","post","type-post","status-publish","format-standard","has-post-thumbnail","hentry","category-alevins","category-base-inclusiu"],"_links":{"self":[{"href":"http:\/\/fegrama.cat\/web\/wp-json\/wp\/v2\/posts\/27807","targetHints":{"allow":["GET"]}}],"collection":[{"href":"http:\/\/fegrama.cat\/web\/wp-json\/wp\/v2\/posts"}],"about":[{"href":"http:\/\/fegrama.cat\/web\/wp-json\/wp\/v2\/types\/post"}],"author":[{"embeddable":true,"href":"http:\/\/fegrama.cat\/web\/wp-json\/wp\/v2\/users\/1"}],"replies":[{"embeddable":true,"href":"http:\/\/fegrama.cat\/web\/wp-json\/wp\/v2\/comments?post=27807"}],"version-history":[{"count":7,"href":"http:\/\/fegrama.cat\/web\/wp-json\/wp\/v2\/posts\/27807\/revisions"}],"predecessor-version":[{"id":27832,"href":"http:\/\/fegrama.cat\/web\/wp-json\/wp\/v2\/posts\/27807\/revisions\/27832"}],"wp:featuredmedia":[{"embeddable":true,"href":"http:\/\/fegrama.cat\/web\/wp-json\/wp\/v2\/media\/27684"}],"wp:attachment":[{"href":"http:\/\/fegrama.cat\/web\/wp-json\/wp\/v2\/media?parent=27807"}],"wp:term":[{"taxonomy":"category","embeddable":true,"href":"http:\/\/fegrama.cat\/web\/wp-json\/wp\/v2\/categories?post=27807"},{"taxonomy":"post_tag","embeddable":true,"href":"http:\/\/fegrama.cat\/web\/wp-json\/wp\/v2\/tags?post=27807"}],"curies":[{"name":"wp","href":"https:\/\/api.w.org\/{rel}","templated":true}]}}