{"id":27804,"date":"2020-01-26T22:49:32","date_gmt":"2020-01-26T21:49:32","guid":{"rendered":"http:\/\/fegrama.cat\/web\/?p=27804"},"modified":"2020-01-26T23:21:38","modified_gmt":"2020-01-26T22:21:38","slug":"croniques-dels-benjamins-b-i-d-que-van-guanyar-per-golejada","status":"publish","type":"post","link":"http:\/\/fegrama.cat\/web\/croniques-dels-benjamins-b-i-d-que-van-guanyar-per-golejada\/","title":{"rendered":"Cr\u00f2niques dels Benjamins \u00abB\u00bb i \u00abD\u00bb que van guanyar per golejada!"},"content":{"rendered":"\n<p>Benjam\u00ed \u201cB\u201d 10 &#8211; Monta\u00f1esa 2<\/p>\n\n\n\n<p>Gran partit dels del Benjam\u00ed \u00abB\u00bb de la Grama. Un partit en el qual els nostres petits ho van donar tot. Cada partit que passa aquest equip va a m\u00e9s i es nota en la confian\u00e7a i ganes que tenen d&#8217;aprendre.<\/p>\n\n\n\n<p>Es comen\u00e7a el partit amb la primera habitaci\u00f3 de joc, en el qual es veu la superioritat dels nostres on la Muntanyesa es defensava i volia sortir en la contra el que feia que Grama no s&#8217;acabava de trobar c\u00f2moda, per\u00f2 aix\u00ed i tot jugant i intentant controlar el partit. S&#8217;arriba al descans amb un 3 a 2.<br>En la tercera habitaci\u00f3 de joc els de la Grama van sortir per totes una vegada m\u00e9s i r\u00e0pidament es van avan\u00e7ar. Van jugar molt&nbsp;r\u00e0pidament&nbsp;i la Muntanyesa no podia fer res contra el bon joc d&#8217;un equip com ho \u00e9s el Benjam\u00ed \u00abB\u00bb de la Grama que cada vegada juga millor. Els jugadors de la Fundaci\u00f3 ara van tots a l&#8217;una i es nota.<\/p>\n\n\n\n<p>Un partit per a acabar la primera volta amb la Vila Ol\u00edmpica i amb 34 punts dels 42 possibles.<\/p>\n\n\n\n<p><\/p>\n\n\n\n<hr class=\"wp-block-separator is-style-dots\"\/>\n\n\n\n<p><\/p>\n\n\n\n<p>Benjam\u00edn \u201cB\u201d 10 &#8211; Monta\u00f1esa 2<\/p>\n\n\n\n<p>Gran partido de los del Benjam\u00edn \u201cB\u201d de la Grama. Un partido en el que nuestros peque\u00f1os lo dieron todo. Cada partido que pasa este equipo va a m\u00e1s y se nota en la confianza y ganas que tienen de aprender.<\/p>\n\n\n\n<p>Se empieza el partido con el primer cuarto de juego, en el que se ve la superioridad de los nuestros donde la Monta\u00f1esa se defend\u00eda y quer\u00eda salir en la contra lo que hac\u00eda que Grama no se acababa de encontrar c\u00f3moda, pero aun as\u00ed jugando e intentando controlar el partido. Se llega al descanso con un 3 a 2.<\/p>\n\n\n\n<p>En el tercer cuarto de juego los de la Grama salieron a por todas una vez m\u00e1s y r\u00e1pidamente se avanzaron. Jugaron muy r\u00e1pido y la Monta\u00f1esa no pod\u00eda hacer nada contra el buen juego de un equipo como lo es el Benjam\u00edn \u201cB\u201d de la Grama que cada vez juega mejor. Los jugadores de la Fundaci\u00f3 ahora van todos a una y se nota.<\/p>\n\n\n\n<p>Un partido para acabar la primera vuelta con la Vila Ol\u00edmpica y con 34 puntos de los 42 posibles.<br><\/p>\n\n\n\n<!--nextpage-->\n\n\n\n<p>Benjam\u00ed \u00abD\u00bb 11- Escola&nbsp;Brafa&nbsp;2<\/p>\n\n\n\n<p>Els del Benjam\u00ed \u00abD\u00bb tornen a jugar despr\u00e9s de dues jornades de descans, incorporant-se en la jornada 13 en un partit dominat pels de la Grama el que es va veure reflectit en els resultats guanyant tres a zero.<br>En la segona habitaci\u00f3 de joc, desafortunadament els nostres es marquen un gol en pr\u00f2pia on els contraris redueixen dist\u00e0ncies, per\u00f2 tot seguit els de la Grama continuen lluitant i augmentant el marcador.<br>En el tercer i \u00faltima habitaci\u00f3 de joc, els de la Grama van tenir un joc m\u00e9s col\u00b7lectiu, realitzant m\u00e9s passades i dominant el joc, on el marcador va anar ampliant-se.<br>Al final en un mal rebuig marquen als nostres, per\u00f2 la part positiva \u00e9s que en aquest partit tots els jugadors que van jugar del Benjam\u00ed \u00abD\u00bb, van marcar gol.<\/p>\n\n\n\n<p><\/p>\n\n\n\n<hr class=\"wp-block-separator is-style-dots\"\/>\n\n\n\n<p><\/p>\n\n\n\n<p>Benjam\u00edn \u201cD\u201d 11- Escuela Brafa 2<\/p>\n\n\n\n<p>Los del Benjam\u00edn \u201cD\u201d vuelven a jugar despu\u00e9s de dos jornadas de descanso, incorpor\u00e1ndose en la jornada 13 en un partido dominado por los de la Grama lo que se vio reflejado en los resultados ganando tres a cero.<\/p>\n\n\n\n<p>En el segundo cuarto de juego, desafortunadamente los nuestros se marcan un gol en propia donde los contrarios reducen distancias, pero acto seguido los de la Grama siguen luchando y aumentando el marcador.<\/p>\n\n\n\n<p>En el tercer y \u00faltimo cuarto de juego, los de la Grama tuvieron un juego m\u00e1s colectivo, realizando m\u00e1s pases y dominando el juego, donde el marcador fue ampli\u00e1ndose.&nbsp;<\/p>\n\n\n\n<p>Al final en un mal despeje marcan a los nuestros, pero la parte positiva es que en este partido todos los jugadores que jugaron del Benjam\u00edn \u201cD\u201d, marcaron gol.<\/p>\n\n\n\n<!--nextpage-->\n\n\n\n<p>Bellvitge 15 &#8211; Benjam\u00ed \u00abE\u00bb 1<\/p>\n\n\n\n<p>Els nostres nois del Benjam\u00ed \u00abE\u00bb jugaven el seu partit setmanal contra un rival superior, un partit molt complicat en un camp gran que es va acabar notant perqu\u00e8 van agafar l&#8217;esquena dels nostres en diverses ocasions creant alguns \u00abu contra un\u00bb. Al final dels dos primers quarts els nostres es van&nbsp;anar&nbsp;al descans perdent 8 a 0.<\/p>\n\n\n\n<p>En els dos \u00faltims quarts l&#8217;equip va millorar i van estar m\u00e9s concentrats. Els de la Grama van jugar bastant millor arribant m\u00e9s a l&#8217;\u00e0rea rival i marcant fins i tot un gol.<\/p>\n\n\n\n<p><\/p>\n\n\n\n<hr class=\"wp-block-separator is-style-dots\"\/>\n\n\n\n<p><\/p>\n\n\n\n<p>Bellvitge 15 &#8211; Benjam\u00edn \u00abE\u00bb 1<\/p>\n\n\n\n<p>Nuestros chicos del Benjam\u00edn \u00abE\u00bb jugaban su partido semanal contra un rival superior, un partido muy complicado en un campo grande que se termin\u00f3 notando porque cogieron la espalda de los nuestros en varias ocasiones creando algunos \u00abuno contra uno\u00bb. Al final de los dos primeros cuartos los nuestros se fueron al descanso perdiendo 8 a 0.<\/p>\n\n\n\n<p>En los dos \u00faltimos cuartos el equipo mejor\u00f3 y estuvieron m\u00e1s concentrados. Los de la Grama jugaron bastante mejor llegando m\u00e1s al \u00e1rea rival y marcando incluso un gol.<\/p>\n","protected":false},"excerpt":{"rendered":"<p>Benjam\u00ed \u201cB\u201d 10 &#8211; Monta\u00f1esa 2 Gran partit dels del Benjam\u00ed \u00abB\u00bb de la Grama. Un partit en el qual els nostres petits ho van donar tot. Cada partit que passa aquest equip va a m\u00e9s i es nota en la confian\u00e7a i ganes que tenen d&#8217;aprendre. Es comen\u00e7a el partit amb la primera habitaci\u00f3 [&hellip;]<\/p>\n","protected":false},"author":1,"featured_media":27678,"comment_status":"closed","ping_status":"closed","sticky":false,"template":"","format":"standard","meta":{"footnotes":""},"categories":[4,11],"tags":[],"class_list":["post-27804","post","type-post","status-publish","format-standard","has-post-thumbnail","hentry","category-base-inclusiu","category-benjamins"],"_links":{"self":[{"href":"http:\/\/fegrama.cat\/web\/wp-json\/wp\/v2\/posts\/27804","targetHints":{"allow":["GET"]}}],"collection":[{"href":"http:\/\/fegrama.cat\/web\/wp-json\/wp\/v2\/posts"}],"about":[{"href":"http:\/\/fegrama.cat\/web\/wp-json\/wp\/v2\/types\/post"}],"author":[{"embeddable":true,"href":"http:\/\/fegrama.cat\/web\/wp-json\/wp\/v2\/users\/1"}],"replies":[{"embeddable":true,"href":"http:\/\/fegrama.cat\/web\/wp-json\/wp\/v2\/comments?post=27804"}],"version-history":[{"count":6,"href":"http:\/\/fegrama.cat\/web\/wp-json\/wp\/v2\/posts\/27804\/revisions"}],"predecessor-version":[{"id":27824,"href":"http:\/\/fegrama.cat\/web\/wp-json\/wp\/v2\/posts\/27804\/revisions\/27824"}],"wp:featuredmedia":[{"embeddable":true,"href":"http:\/\/fegrama.cat\/web\/wp-json\/wp\/v2\/media\/27678"}],"wp:attachment":[{"href":"http:\/\/fegrama.cat\/web\/wp-json\/wp\/v2\/media?parent=27804"}],"wp:term":[{"taxonomy":"category","embeddable":true,"href":"http:\/\/fegrama.cat\/web\/wp-json\/wp\/v2\/categories?post=27804"},{"taxonomy":"post_tag","embeddable":true,"href":"http:\/\/fegrama.cat\/web\/wp-json\/wp\/v2\/tags?post=27804"}],"curies":[{"name":"wp","href":"https:\/\/api.w.org\/{rel}","templated":true}]}}