{"id":27797,"date":"2020-01-26T20:32:03","date_gmt":"2020-01-26T19:32:03","guid":{"rendered":"http:\/\/fegrama.cat\/web\/?p=27797"},"modified":"2020-01-26T20:33:14","modified_gmt":"2020-01-26T19:33:14","slug":"amb-dret-a-somiar-2","status":"publish","type":"post","link":"http:\/\/fegrama.cat\/web\/amb-dret-a-somiar-2\/","title":{"rendered":"Amb dret a somiar"},"content":{"rendered":"\n<p class=\"has-medium-font-size\"><strong>Important vict\u00f2ria per la Grama contra el deg\u00e0 de Catalunya en un bon partit de futbol amb alternatives i emoci\u00f3 fins al xiulet final.<\/strong><\/p>\n\n\n\n<figure class=\"wp-block-image size-large\"><img loading=\"lazy\" decoding=\"async\" width=\"1024\" height=\"683\" src=\"http:\/\/fegrama.cat\/web\/wp-content\/uploads\/2020\/01\/6cfff599-09a3-4fa8-bba0-79e2969568d0-1024x683.jpg\" alt=\"\" class=\"wp-image-27798\" srcset=\"http:\/\/fegrama.cat\/web\/wp-content\/uploads\/2020\/01\/6cfff599-09a3-4fa8-bba0-79e2969568d0-1024x683.jpg 1024w, http:\/\/fegrama.cat\/web\/wp-content\/uploads\/2020\/01\/6cfff599-09a3-4fa8-bba0-79e2969568d0-300x200.jpg 300w, http:\/\/fegrama.cat\/web\/wp-content\/uploads\/2020\/01\/6cfff599-09a3-4fa8-bba0-79e2969568d0-768x512.jpg 768w, http:\/\/fegrama.cat\/web\/wp-content\/uploads\/2020\/01\/6cfff599-09a3-4fa8-bba0-79e2969568d0.jpg 1392w\" sizes=\"auto, (max-width: 1024px) 100vw, 1024px\" \/><figcaption>\u00d3scar Mu\u00f1oz va anotar el gol de la vict\u00f2ria  (FOTO: JOAN VILLAGRASA)<\/figcaption><\/figure>\n\n\n\n<p>-DBC- La Fundaci\u00f3 Esportiva Grama visitava al Palam\u00f3s en la divuitena jornada de lliga amb el partit de la primera volta a la mem\u00f2ria. Aquell partit de setembre, amb un 2-3 al marcador, va tombar de cop la in\u00e8rcia positiva de l\u2019equip durant tota la pretemporada i ens situava amb una primera derrota dolorosa. Mesos despr\u00e9s, amb canvi a la banqueta, Juanma Pons ha centrat l\u2019equip i ha aconseguit encetar 4 partits sense con\u00e8ixer la derrota. <\/p>\n\n\n\n<p>Per la visita a Palam\u00f3s, el m\u00edster de la Grama comptava amb dues baixes\nsensibles en zona defensiva com Juan Carlos i Pe\u00f1a per acumulaci\u00f3 de targetes.\nPer\u00f2, encara aix\u00ed, l\u2019onze inicial donava garanties. Luque en porteria; Rojas i\nVelasco al centre de la defensa; Michel i Jonathan als laterals; El doble pivot\nper Roger i Edu; Les bandes per Peris i \u00c1ngel; I la punta d\u2019atac per Obispo i\n\u00d3scar Mu\u00f1oz.<\/p>\n\n\n\n<p>Sense temps per contemplacions inicials, als 4 minuts de joc, una pilota\nllarga de Rojas la punxava \u00d3scar Mu\u00f1oz en posici\u00f3 d\u2019extrem esquerra. El\ndavanter colomenc, acostumat a rematar-les, va enviar una centrada\nmil\u00b7lim\u00e8trica al cor de l\u2019\u00e0rea on l\u2019esperava Dami\u00e1n Obispo, per rematar de cap\ni anotar el primer gol de la matinal.<\/p>\n\n\n\n<p>Ben d\u2019hora es posava el marcador favorable a una Grama que t\u00e9 les idees\nmolt clares. Tocava l\u2019embranzida del Palam\u00f3s i els nostres havien de mantenir\nel tipus plantats amb dos l\u00ednies de quatre que dificultaven la circulaci\u00f3 del\ndeg\u00e0 i, a la vegada, facilitaven la sortida r\u00e0pida i efica\u00e7 dels colomencs.<\/p>\n\n\n\n<p>Encara aix\u00ed, la va tenir el Palam\u00f3s als 13 minuts. Una pilota filtrada va\ndeixar sol a Pere Espu\u00f1a davant d\u2019Alex Luque. L\u2019extrem va intentar picar la\npilota per sota de les cames del porter sense \u00e8xit i el ref\u00fas va caure a les\nbotes de Dani Muela. Amb tota la porteria per ell, Muela va rematar amb\ncontund\u00e8ncia per\u00f2 va apar\u00e8ixer Edgar Velasco per treure la pilota sota pals.<\/p>\n\n\n\n<p>Sobrevivia la Grama a la primera gran ocasi\u00f3 del Palam\u00f3s i el partit es preveia amb una primera part amb control de pilota pels locals i contres letals pels visitants. Per\u00f2 la Grama va poder desempallegar-se d\u2019aquest control palamos\u00ed, i va tenir les ocasions m\u00e9s clares per ampliar l\u2019avantatge.<\/p>\n\n\n\n<p>Als 25 minuts, una bona internada a l\u2019\u00e0rea d\u2019Obispo va acabar amb un xut molt\najustadet a la dreta de Quinti. Cinc minuts despr\u00e9s, a la mitja hora de joc, de\nnou una bona internada d\u2019Obispo per banda dreta va acabar amb un xut creuat de\nRoger Peris que va sortir fora per ben poc i justament amb el temps complert de\nla primera part, \u00d3scar Mu\u00f1oz, va estar a punt de rematar una bona centrada de\nMichel. 0-1 al descans en una bona primera part.<\/p>\n\n\n\n<p>La represa ens va portar minuts d\u2019imprecisi\u00f3 per part d\u2019ambd\u00f3s equips. Cap de les dues esquadres era capa\u00e7 d\u2019enlla\u00e7ar passis i es cometien errades constants amb la pilota canviant de possessi\u00f3 a cada instant. Aix\u00ed fins al minut 55 on una extraordin\u00e0ria combinaci\u00f3 dels colomencs, despr\u00e9s d\u2019un intent de rematada d\u2019Oscar Mu\u00f1oz, va acabar a les botes d\u2019Obispo amb un remat que va tornar a fregar el pal dret de la porteria de Quinti.<\/p>\n\n\n\n<p>Primer gran av\u00eds de la Grama al que responia, als 60 minuts, Alexis S\u00e1nchez\nper banda esquerra amb una centrada que es va passejar per l\u2019\u00e0rea petita de la\nGrama. Moment que va escollir Juanma Pons per donar-li aire a l\u2019atac retirant\ndel terreny de joc Dami\u00e1n Obispo en el seu millor partit amb la samarreta blava\ni donant entrada a Crist\u00f3bal Le\u00f3n.<\/p>\n\n\n\n<p>Feia el mateix Joan Marmol amb un carrusel de canvis, tornant al sistema habitual\ndel deg\u00e0, donant m\u00e9s ofensivitat a l\u2019equip per\u00f2 deixant la defensa amb tres\nhomes. Als 75 minuts ho va tornar a intentar la Grama, de nou \u00d3scar Mu\u00f1oz, en\njugada personal, va rematar obligant a l\u2019aturada de Quinti.<\/p>\n\n\n\n<p>La recta final del partit ens havia de deparar els minuts m\u00e9s emocionants. Era\nevident el pas endavant del Palam\u00f3s buscant l\u2019empat i la Grama havia de\ndefensar-se i mostrar les seves cartes. Buba Jalow, que va substituir a \u00c1ngel\nGonz\u00e1lez, va tenir la seva ocasi\u00f3 al minut 79 amb un llan\u00e7ament escoradet a la\ndreta que va poder aturar Quinti. Responia el Palam\u00f3s als 82 minuts amb una ocasi\u00f3\nclara per Toni Rosell que va poder avortar \u00c1lex Luque. <\/p>\n\n\n\n<p>L\u2019\u00faltim canvi a les files de la Grama pretenia donar control al mig del\ncamp: Entrava Mar\u00e7al Llad\u00f3 en substituci\u00f3 de Roger Peris (min.83). Per\u00f2 el deg\u00e0\ndel futbol catal\u00e0 volia l\u2019empat i ho va aconseguir als 86 minuts. Una passada\nllargu\u00edssima, amb canvi de joc d\u2019esquerra a dreta, de Jos\u00e9 Mart\u00ednez, va superar\nals centrals de la Grama i va deixar sol davant de Luque a Adri Salas. El\ndavanter giron\u00ed no va fallar, va creuar la pilota amb seguretat anotant el valu\u00f3s\nempat pel Palam\u00f3s.<\/p>\n\n\n\n<p>Amb pocs minuts per davant tot feia preveure un patiment enorme pels\nvisitants en les acaballes del partit. Quedaven 4 minuts m\u00e9s l\u2019afegit i s\u2019esperava\nun cicl\u00f3 sobre la porteria de Luque per\u00f2 l\u2019esperit de la Grama \u00e9s incansable i\nen lloc de tancar-se a esperar el segon gol del deg\u00e0, els nostres van donar una\nlli\u00e7\u00f3 &nbsp;d\u2019orgull.<\/p>\n\n\n\n<p>Quatre minuts de temps afegit i &nbsp;res\nde tancar-se a defensar. Ho va intentar Jonathan Linares per banda esquerra, ho\nva intentar Michel Owono per banda dreta i als 94 minuts una centrada\nespectacular de Buba per banda dreta va poder rematar-la \u00d3scar Mu\u00f1oz obligant a\nuna m\u00e0 miraculosa de Quinti per enviar-la a c\u00f3rner.<\/p>\n\n\n\n<p>El corner, la \u00faltima jugada del partit, havia de ser el moment decisiu. Mar\u00e7al Llad\u00f3, l\u2019home del guant a la seva bota, va posar una bona centrada a dins de l\u2019\u00e0rea perqu\u00e8, despr\u00e9s d&#8217;una prologaci\u00f3 de Rojas al primer pal, aparegu\u00e9s el killer, el pitxitxi \u00d3scar Mu\u00f1oz, per anotar el segon gol sense temps per m\u00e9s i amb l\u2019alegria enorme de tota l\u2019expedici\u00f3 colomenca despla\u00e7ada a terres gironines.<\/p>\n\n\n\n<p>Tres punts d\u2019or que fiquen a la Grama en la pomada de l\u2019ascens gr\u00e0cies al treball d\u2019un grup hum\u00e0 que segueix creient en les seves possibilitats partit a partit i amb humilitat. Molts donaven a aquest equip per distanciat per\u00f2 sempre hem dit que queda molta lliga i que la segona volta promet emocions molt fortes. \u00a1No us les perdeu! El seg\u00fcent episodi ser\u00e0 diumenge vinent, a les 11:45h, a l\u2019Estadi de la Grama contra la U.E. Jonquera. <\/p>\n\n\n\n<p><a href=\"http:\/\/fcf.cat\/acta\/1920\/futbol-11\/primera-catalana\/grup-1\/1cat\/palamos-club-de-futbol-a\/1cat\/fundacio-esportiva-grama-a\">CLIQUEU PER VEURE L&#8217;ACTA DEL PARTIT<\/a><\/p>\n\n\n\n<p><a href=\"http:\/\/fcf.cat\/classificacio\/1920\/futbol-11\/primera-catalana\/grup-1\">CLIQUEU PER VEURE LA CLASSIFICACI\u00d3 DE 1CAT1<\/a><\/p>\n\n\n\n<hr class=\"wp-block-separator\"\/>\n\n\n\n<p class=\"has-medium-font-size\"><strong>Importante victoria para la Grama contra el decano de Catalu\u00f1a en un buen partido de f\u00fatbol con alternativas y emoci\u00f3n hasta el pitido final.<\/strong><\/p>\n\n\n\n<figure class=\"wp-block-image size-large\"><img loading=\"lazy\" decoding=\"async\" width=\"1024\" height=\"683\" src=\"http:\/\/fegrama.cat\/web\/wp-content\/uploads\/2020\/01\/f51ae3e9-18f0-4fc1-8c7b-fa5de2610033-1024x683.jpg\" alt=\"\" class=\"wp-image-27799\" srcset=\"http:\/\/fegrama.cat\/web\/wp-content\/uploads\/2020\/01\/f51ae3e9-18f0-4fc1-8c7b-fa5de2610033-1024x683.jpg 1024w, http:\/\/fegrama.cat\/web\/wp-content\/uploads\/2020\/01\/f51ae3e9-18f0-4fc1-8c7b-fa5de2610033-300x200.jpg 300w, http:\/\/fegrama.cat\/web\/wp-content\/uploads\/2020\/01\/f51ae3e9-18f0-4fc1-8c7b-fa5de2610033-768x512.jpg 768w, http:\/\/fegrama.cat\/web\/wp-content\/uploads\/2020\/01\/f51ae3e9-18f0-4fc1-8c7b-fa5de2610033.jpg 1392w\" sizes=\"auto, (max-width: 1024px) 100vw, 1024px\" \/><figcaption>\u00d3scar Mu\u00f1oz ha sido decisivo en Palam\u00f3s (FOTO: JOAN VILLAGRASA)<\/figcaption><\/figure>\n\n\n\n<p><br> La Fundaci\u00f3 Esportiva Grama visitaba al Palam\u00f3s en la decimoctava jornada de liga con el partido de la primera vuelta a la memoria. Aquel partido de septiembre, con un 2-3 en el marcador, tumb\u00f3 de golpe la inercia positiva del equipo durante toda la pretemporada y nos situaba con una primera derrota dolorosa. Meses despu\u00e9s, con cambio en el banquillo, Juanma Pons ha centrado al equipo y ha conseguido enlazar 4 partidos sin conocer la derrota.<\/p>\n\n\n\n<p><br> Para la visita a Palam\u00f3s, el mister de la Grama contaba con dos bajas sensibles en zona defensiva como Juan Carlos y Pe\u00f1a por acumulaci\u00f3n de tarjetas. Pero, a\u00fan as\u00ed, el once inicial daba garant\u00edas. Luque en porter\u00eda; Rojas y Velasco en el centro de la defensa; Michel y Jonathan en los laterales; El doble pivote para Roger y Edu; Las bandas para Peris y \u00c1ngel; Y la punta de ataque para Obispo y \u00d3scar Mu\u00f1oz. <\/p>\n\n\n\n<p><br> Sin tiempo para contemplaciones iniciales, a los 4 minutos de juego, un bal\u00f3n largo de Rojas lo pinchaba \u00d3scar Mu\u00f1oz en posici\u00f3n de extremo izquierdo. El delantero colomense, acostumbrado a rematarlas, envi\u00f3 un centro milim\u00e9trico al coraz\u00f3n del \u00e1rea donde la esperaba Dami\u00e1n Obispo para rematar de cabeza y anotar el primer tanto de la matinal.<\/p>\n\n\n\n<p><br> Muy temprano se pon\u00eda el marcador favorable a una Grama que tiene las ideas muy claras. Tocaba el empuje del Palam\u00f3s y los nuestros ten\u00edan que mantener el tipo plantados con dos l\u00edneas de cuatro que dificultaban la circulaci\u00f3n del decano y, a la vez, facilitaban la salida r\u00e1pida y eficaz de los colomenses.<\/p>\n\n\n\n<p><br> A\u00fan as\u00ed, la tuvo el Palam\u00f3s a los 13 minutos. Una pelota filtrada dej\u00f3 solo a Pere Espu\u00f1a ante Alex Luque. El extremo intent\u00f3 picar el bal\u00f3n por debajo de las piernas del portero sin \u00e9xito y el rechace cay\u00f3 en las botas de Dani Muela. Con toda la porter\u00eda para \u00e9l, Muela remat\u00f3 con contundencia pero apareci\u00f3 Edgar Velasco para sacar el bal\u00f3n bajo palos.<\/p>\n\n\n\n<p><br> Sobreviv\u00eda la Grama a la primera gran ocasi\u00f3n del Palam\u00f3s y el partido se preve\u00eda con una primera parte con control de bal\u00f3n para los locales y contras letales para los visitantes. Pero la Grama pudo desahcerse de este control del Palam\u00f3s  y tuvo las ocasiones m\u00e1s claras para ampliar la ventaja.<\/p>\n\n\n\n<p><br> A los 25 minutos, una buena internada en el \u00e1rea de Obispo acab\u00f3 con un disparo muy ajustadito a la derecha de Quinti. Cinco minutos despu\u00e9s, a la media hora de juego, de nuevo una buena internada de Obispo por banda derecha acab\u00f3 con un disparo cruzado de Roger Peris que sali\u00f3 fuera por poco y, justamente con el tiempo cumplido de la primera parte, \u00d3scar Mu\u00f1oz, estuvo a punto de rematar un buen centro de Michel. 0-1 al descanso en una buena primera parte.<\/p>\n\n\n\n<p><br> La reanudaci\u00f3n nos llev\u00f3 minutos de imprecisi\u00f3n por parte de ambos equipos. Ninguna de las dos escuadras era capaz de enlazar pases y se comet\u00edan errores constantes con el bal\u00f3n cambiando de posesi\u00f3n a cada instante. As\u00ed hasta el minuto 55 donde una extraordinaria combinaci\u00f3n de los colomenses, tras un intento de remate de Oscar Mu\u00f1oz, termin\u00f3 en las botas de Obispo con un remate que volvi\u00f3 a rozar el poste derecho de la porter\u00eda de Quinti.<\/p>\n\n\n\n<p>Primer gran aviso de la Grama al que respond\u00eda, a los 60 minutos, Alexis S\u00e1nchez por banda izquierda con un centro que se pase\u00f3 por el \u00e1rea peque\u00f1a de la Grama. Momento que escogi\u00f3 Juanma Pons para darle aire al ataque retirando del campo Dami\u00e1n Obispo, en su mejor partido con la camiseta azul, y dando entrada a Crist\u00f3bal Le\u00f3n.<\/p>\n\n\n\n<p><br> Hac\u00eda lo mismo Joan Marmol con un carrusel de cambios, volviendo al sistema habitual del decano, dando m\u00e1s ofensividad al equipo pero dejando la defensa con tres hombres. A los 75 minutos lo volvi\u00f3 a intentar la Grama, de nuevo \u00d3scar Mu\u00f1oz, en jugada personal, remat\u00f3 obligando a la parada de Quinti.<\/p>\n\n\n\n<p><br> La recta final del partido nos deb\u00eda deparar los minutos m\u00e1s emocionantes. Era evidente el paso adelante del Palam\u00f3s buscando el empate y la Grama deb\u00eda defenderse y mostrar sus cartas. Buba Jalow, que sustituy\u00f3 a \u00c1ngel Gonz\u00e1lez, tuvo su ocasi\u00f3n en el minuto 79 con un lanzamiento escorado a la derecha que pudo detener Quinti. Respond\u00eda el Palam\u00f3s a los 82 minutos en una ocasi\u00f3n clara para Toni Rosell que pudo abortar \u00c1lex Luque.<\/p>\n\n\n\n<p><br> El \u00faltimo cambio en las filas de la Grama pretend\u00eda dar control en medio del campo: Entraba Mar\u00e7al Llad\u00f3 en sustituci\u00f3n de Roger Peris (min.83). <\/p>\n\n\n\n<p>Pero el decano del f\u00fatbol catal\u00e1n quer\u00eda el empate y lo consigui\u00f3 a los 86 minutos. Un pase largu\u00edsimo, con cambio de juego de izquierda a derecha, de Jos\u00e9 Mart\u00ednez, super\u00f3 a los centrales de la Grama y dej\u00f3 solo ante Luque a Adri Salas. El delantero gerundense no fall\u00f3, cruz\u00f3 el bal\u00f3n con seguridad anotando el valioso empate para el Palam\u00f3s.<\/p>\n\n\n\n<p><br> Con pocos minutos por delante todo hac\u00eda prever un sufrimiento enorme para los visitantes en las postrimer\u00edas del partido. Quedaban 4 minutos m\u00e1s el a\u00f1adido y se esperaba un cicl\u00f3n sobre la porter\u00eda de Luque pero el esp\u00edritu de la Grama es incansable y en lugar de cerrarse a esperar el segundo gol del decano, los nuestros dieron una lecci\u00f3n de orgullo.<\/p>\n\n\n\n<p><br> Cuatro minutos de tiempo a\u00f1adido y nada de encerrarse a defender. Lo intent\u00f3 Jonathan Linares por banda izquierda, lo intent\u00f3 Michel Owono por banda derecha y a los 94 minutos un centro espectacular de Buba por banda derecha pudo rematarlo \u00d3scar Mu\u00f1oz obligando a una mano milagrosa de Quinti para enviarla a c\u00f3rner.<\/p>\n\n\n\n<p><br> El corner, la \u00faltima jugada del partido, deb\u00eda ser el momento decisivo. Mar\u00e7al Llad\u00f3, el hombre del guante en su bota, puso un buen centro dentro del \u00e1rea que, con una peinada de Rojas en el primer palo,  vio aparecer al killer, el pichichi \u00d3scar Mu\u00f1oz, para anotar el segundo gol sin tiempo para m\u00e1s y con la alegr\u00eda enorme de toda la expedici\u00f3n colomense desplazada a tierras gerundenses.<\/p>\n\n\n\n<p><br> Tres puntos de oro que meten en la Grama en la pomada del ascenso gracias al trabajo de un grupo humano que sigue creyendo en sus posibilidades partido a partido y con humildad. Muchos daban a este equipo por distanciado pero siempre hemos dicho que queda mucha liga y que la segunda vuelta promete emociones muy fuertes. \u00a1No te las pierdas! El siguiente episodio ser\u00e1 el pr\u00f3ximo domingo, a las 11: 45h, en el Estadio de la Grama contra la U.E. Jonquera.<\/p>\n\n\n\n<p><a href=\"http:\/\/fcf.cat\/acta\/1920\/futbol-11\/primera-catalana\/grup-1\/1cat\/palamos-club-de-futbol-a\/1cat\/fundacio-esportiva-grama-a\">CLICAD PARA VER EL ACTA DEL PARTIDO<\/a><\/p>\n\n\n\n<p><a href=\"http:\/\/fcf.cat\/classificacio\/1920\/futbol-11\/primera-catalana\/grup-1\">CLICAD PARA VER LA CLASIFICACI\u00d3N DE 1CAT1<\/a><\/p>\n","protected":false},"excerpt":{"rendered":"<p>Important vict\u00f2ria per la Grama contra el deg\u00e0 de Catalunya en un bon partit de futbol amb alternatives i emoci\u00f3 fins al xiulet final. -DBC- La Fundaci\u00f3 Esportiva Grama visitava al Palam\u00f3s en la divuitena jornada de lliga amb el partit de la primera volta a la mem\u00f2ria. Aquell partit de setembre, amb un 2-3 [&hellip;]<\/p>\n","protected":false},"author":1,"featured_media":27798,"comment_status":"closed","ping_status":"closed","sticky":false,"template":"","format":"standard","meta":{"footnotes":""},"categories":[4,5],"tags":[],"class_list":["post-27797","post","type-post","status-publish","format-standard","has-post-thumbnail","hentry","category-base-inclusiu","category-primer-equip"],"_links":{"self":[{"href":"http:\/\/fegrama.cat\/web\/wp-json\/wp\/v2\/posts\/27797","targetHints":{"allow":["GET"]}}],"collection":[{"href":"http:\/\/fegrama.cat\/web\/wp-json\/wp\/v2\/posts"}],"about":[{"href":"http:\/\/fegrama.cat\/web\/wp-json\/wp\/v2\/types\/post"}],"author":[{"embeddable":true,"href":"http:\/\/fegrama.cat\/web\/wp-json\/wp\/v2\/users\/1"}],"replies":[{"embeddable":true,"href":"http:\/\/fegrama.cat\/web\/wp-json\/wp\/v2\/comments?post=27797"}],"version-history":[{"count":2,"href":"http:\/\/fegrama.cat\/web\/wp-json\/wp\/v2\/posts\/27797\/revisions"}],"predecessor-version":[{"id":27802,"href":"http:\/\/fegrama.cat\/web\/wp-json\/wp\/v2\/posts\/27797\/revisions\/27802"}],"wp:featuredmedia":[{"embeddable":true,"href":"http:\/\/fegrama.cat\/web\/wp-json\/wp\/v2\/media\/27798"}],"wp:attachment":[{"href":"http:\/\/fegrama.cat\/web\/wp-json\/wp\/v2\/media?parent=27797"}],"wp:term":[{"taxonomy":"category","embeddable":true,"href":"http:\/\/fegrama.cat\/web\/wp-json\/wp\/v2\/categories?post=27797"},{"taxonomy":"post_tag","embeddable":true,"href":"http:\/\/fegrama.cat\/web\/wp-json\/wp\/v2\/tags?post=27797"}],"curies":[{"name":"wp","href":"https:\/\/api.w.org\/{rel}","templated":true}]}}