{"id":27795,"date":"2020-01-28T11:56:23","date_gmt":"2020-01-28T10:56:23","guid":{"rendered":"http:\/\/fegrama.cat\/web\/?p=27795"},"modified":"2020-01-28T11:56:24","modified_gmt":"2020-01-28T10:56:24","slug":"croniques-dels-cadets-amb-la-victoria-del-d-2","status":"publish","type":"post","link":"http:\/\/fegrama.cat\/web\/croniques-dels-cadets-amb-la-victoria-del-d-2\/","title":{"rendered":"Cr\u00f2niques dels Cadets amb la vict\u00f2ria del \u00abD\u00bb."},"content":{"rendered":"\n<p>Cadet \u00abA\u00bb 2 &#8211; Ca Rull 1<br><br>Un partit gris com la matinal del dissabte per als nostres nois del Cadet \u00abA\u00bb en el Municipal.<br>El partit comen\u00e7ava amb el conjunt Colomenc molt precipitat amb pilota i amb un joc bastant travat. Va ser precisament en una pilota llarga on arribaria&nbsp;l&#8217;1-0 obra del davanter Albert. La Fundaci\u00f3 lluny d&#8217;apoderar-se del domini del partit, continuava cometent molts errors en la circulaci\u00f3 de pilota. Amb 1-0 s&#8217;arribava al descans.<br>En la segona part els Colomencs van millorar alguna cosa, i despr\u00e9s de diverses jugades ben trenades, arribaria el 2-0 obra de&nbsp;Rub\u00e9n&nbsp;Cifuentes, qui despr\u00e9s de sortejar a diversos rivals en esl\u00e0lom, enviava la pilota al fons de les malles. Van ser els millors minuts dels blaus, que van tenir en diverses ocasions clares el 3-0. I com diu aquest; qui perdona el pot acabar pagant car&#8230; a la meitat de la segona part, serien els visitants els qui escur\u00e7arien dist\u00e0ncies i els qui sense crear massa ocasions de gol, si s&#8217;ensenyorien del partit. Els locals van saber sofrir i es van fer amb els 3 punts.<\/p>\n\n\n\n<p><\/p>\n\n\n\n<hr class=\"wp-block-separator is-style-dots\"\/>\n\n\n\n<p><\/p>\n\n\n\n<p>Cadete \u201cA\u201d 2 &#8211; Can&nbsp;Rull&nbsp;1<\/p>\n\n\n\n<p>Un partido gris como la matinal del s\u00e1bado para nuestros chicos del cadete A en el Municipal.<br>El partido empezaba con el conjunto&nbsp;Colomense&nbsp;muy precipitado con bal\u00f3n y con un juego bastante trabado. Fue precisamente en un bal\u00f3n largo donde llegar\u00eda el 1-0 obra del delantero Albert. La&nbsp;Fundaci\u00f3&nbsp;lejos de hacerse con el dominio del partido, segu\u00eda cometiendo muchos errores en la circulaci\u00f3n de bal\u00f3n. Con 1-0 se llegaba al descanso.<br>En la segunda parte los&nbsp;Colomenses&nbsp;mejoraron algo, y tras varias jugadas bien trenzadas, llegar\u00eda el 2-0 obra de Rub\u00e9n Cifuentes, quien tras sortear a varios rivales en slalom, enviaba el bal\u00f3n al fondo de las mallas. Fueron los mejores minutos de los azules, que tuvieron en varias ocasiones claras el 3-0. Y como dice el dicho; quien perdona lo puede acabar pagando caro&#8230;&nbsp;mediada&nbsp;la segunda mitad, ser\u00edan los visitantes quienes acortar\u00edan distancias y quienes sin crear demasiadas ocasiones de gol, si se adue\u00f1aban del partido. Los locales supieron sufrir y se hicieron con los 3 puntos.<\/p>\n\n\n\n<!--nextpage-->\n\n\n\n<p>Cadet \u00abC\u00bb 0 &#8211; Penya Anguera 2<\/p>\n\n\n\n<p>Aquest cap de setmana passat es va disputar a casa el partit dels del Cadet \u00abC\u00bb. Un partit en el qual els nostres van arrencar amb molta energia i mostrant les idees molt clares, fins que en el minut 9&#8242;&nbsp;en una falta lateral els visitants s&#8217;avancen. Aquest cop no va allunyar a la Grama de la seva missi\u00f3 i va continuar intentant-lo sense \u00e8xit. La segona part va costar una mica m\u00e9s, els visitants van generar&nbsp;diverses situacions&nbsp;de perill fins que en una altra falta, van sorprendre a tothom pujant el segon gol al marcador. La Grama ho va continuar intentant, per\u00f2 no va ser capa\u00e7 de retallar dist\u00e0ncies.<\/p>\n\n\n\n<p><\/p>\n\n\n\n<hr class=\"wp-block-separator is-style-dots\"\/>\n\n\n\n<p><\/p>\n\n\n\n<p>Cadete \u201cC\u201d 0 &#8211;&nbsp;Penya&nbsp;Anguera&nbsp;2<\/p>\n\n\n\n<p>Este fin de semana pasado se disput\u00f3 en casa el partido de los del Cadete \u201cC\u201d. Un partido en el que los nuestros arrancaron con mucha energ\u00eda y mostrando las ideas muy claras, hasta que en el minuto 9\u2019 en una falta lateral los visitantes se adelantan. Ese golpe no alej\u00f3 a la Grama de su misi\u00f3n y sigui\u00f3 intent\u00e1ndolo sin \u00e9xito. La segunda parte cost\u00f3 algo m\u00e1s, los visitantes generaron varias&nbsp;situaci\u00f3n&nbsp;de peligro hasta que en otra falta, sorprendieron a todo el mundo subiendo el segundo gol al marcador. La Grama lo sigui\u00f3 intentando, pero no fue capaz de recortar distancias.<\/p>\n\n\n\n<!--nextpage-->\n\n\n\n<p>Cadet \u201cD\u201d 5 &#8211; Sants 0<\/p>\n\n\n\n<p>La tarda del dissabte 25 els nostres nois del Cadet \u00abD\u00bb jugaven el seu partit a casa contra el Sants, un equip que es mant\u00e9 en la zona mitjana tirant a baixa a la taula de resultats.<br>Comen\u00e7a el partit on els contraris estaven tancats en la seva \u00e0rea esperant als de la Grama. Els nostres tenien el domini de la pilota i es van veure dues ocasions clares que no es van acabar de materialitzar, aix\u00ed doncs la t\u00f2nica de la primera part va ser aquesta on els nostres no van acabar d&#8217;estar encertats a porta. Per sort per a nosaltres i gr\u00e0cies a una jugada ben \u00abtrenada\u00bb, es va aconseguir el primer gol dels de la Fundaci\u00f3. Per conseg\u00fcent va arribar el descans amb el resultat d&#8217;un a zero en el marcador.<br>Durant el descans es van corregir alguns conceptes i els nostres nois van fer un pas m\u00e9s, tota l&#8217;estona darrere de la pilota, jugant cada vegada millor i fruit d&#8217;aquest bon joc van arribar les ocasions i els gols.<br>Important esmentar a&nbsp;\u00d2scar, el jugador de la Grama que va realitzar quatre gols en la segona part, per\u00f2 en conjunt a tot l&#8217;equip pel gran partit que ha fet que es puguin mantenir en la segona pla\u00e7a, a veure si es pot seguir aix\u00ed i mantenir-se en el partit de la setmana vinent contra el l\u00edder.<\/p>\n\n\n\n<p><\/p>\n\n\n\n<hr class=\"wp-block-separator is-style-dots\"\/>\n\n\n\n<p><\/p>\n\n\n\n<p>Cadete \u00abD\u00bb 5 &#8211; Sants 0<\/p>\n\n\n\n<p>La tarde del s\u00e1bado 25 nuestros chicos del Cadete \u201cD\u201d jugaban su partido en casa contra el Sants, un equipo que se mantiene en la zona media tirando a baja en la tabla de resultados.<\/p>\n\n\n\n<p>Empieza el partido donde los contrarios estaban cerrados en su \u00e1rea esperando a los de la Grama. Los nuestros ten\u00edan el dominio del bal\u00f3n y se vieron dos ocasiones claras que no se acabaron de materializar, as\u00ed pues la t\u00f3nica de la primera parte fue esta donde los nuestros no acabaron de estar acertados a puerta. Por suerte para nosotros y gracias a una jugada bien \u201ctrenzada\u201d, se consigui\u00f3 el primer gol de los de la Fundaci\u00f3. Por consiguiente lleg\u00f3 el descanso con el resultado de uno a cero en el marcador.<\/p>\n\n\n\n<p>Durante el descanso se corrigieron algunos conceptos y nuestros chicos dieron un paso m\u00e1s, todo el rato detr\u00e1s del bal\u00f3n, jugando cada vez mejor y fruto de este buen juego llegaron las ocasiones y los goles.<\/p>\n\n\n\n<p>Importante mencionar a Oscar, el jugador de la Grama que realiz\u00f3 cuatro goles en la segunda parte, pero en conjunto a todo el equipo por el gran partido que ha hecho que se puedan mantener en la segunda plaza, a ver si se puede seguir as\u00ed y mantenerse en el partido de la pr\u00f3xima semana contra el l\u00edder.<\/p>\n\n\n\n<!--nextpage-->\n\n\n\n<p>Viar\u00f3 2 &#8211; Cadet \u00abE\u00bb 0<\/p>\n\n\n\n<p>L&#8217;inici de partit que va jugar el dissabte el nostre Cadet \u00abE\u00bb va comen\u00e7ar molt igualat amb una primera part molt competida per tots dos equips. Els nostres tenien jugades molt bones en atac, de la mateixa manera que els locals. Aix\u00ed i tot cap dels dos equips arribava a finalitzar les jugades amb \u00e8xit. Es va acabar la primera part amb el marcador 0 a 0.<br>Se surt en la segona part, els nostres sabien que el partit s&#8217;ho podia emportar qualsevol dels dos equips. Aquesta part tamb\u00e9 va estar molt disputada per tots dos equips, els de la Grama van tenir moltes m\u00e9s ocasions que els contraris, per\u00f2 la pilota no entrava. Els del Viar\u00f3, estaven completament tancats en el seu camp i no generaven perill. En el minut 60&#8242;, s&#8217;avancen els contraris amb un 1 a 0 en el marcador despr\u00e9s d&#8217;una pilota que els nostres van treure malament en la defensa i que el davanter dels contraris se la va emportar en el rebot.<br>Aix\u00ed i tot, els de la Grama continuaven lluitant. En el minut 68&#8242; el rival va marcar el 2-0 en una acci\u00f3, en la qual li fan falta a dos jugadors dels nostres i el col\u00b7legiat no les va xiular, per la qual cosa la jugada continuava i arriba el segon gol.<br>Despr\u00e9s del segon gol, un dels jugadors del rival, provoca a un jugador de la Grama que ja tenia una groga per una falta que havia realitzat i en el moment que aquest jugador anava a ser canviat, sense haver passat res m\u00e9s, l&#8217;\u00e0rbitre no permet que se li canvi\u00ef i amb el jugador ja en la banqueta, l&#8217;expulsa. D&#8217;aquesta manera, el jugador que anava a entrar en el terreny de joc no va poder fer-lo i els de la Fundaci\u00f3 es van quedar amb 10 jugadors. Despr\u00e9s d&#8217;aix\u00f2, el porter dels nostres va anar a comentar les faltes que havien succe\u00eft en l&#8217;acci\u00f3 de gol i sense res m\u00e9s, el col\u00b7legiat li va treure vermella directa. Despr\u00e9s d&#8217;aix\u00f2, l&#8217;equip es queda amb 9 jugadors i sense porter. Faltaven 10 minuts perqu\u00e8 acab\u00e9s el partit. Finalment acaba el partit 2-0.<br><br>Dolors: Partit en el qual hem jugat b\u00e9, amb aspectes a millorar com sempre. Per\u00f2 amb tres expulsions injustes. No m&#8217;agrada comentar res dels \u00e0rbitres, ja que s\u00f3n aqu\u00ed per alguna cosa, per\u00f2 avui s&#8217;han realitzat tres expulsions injustes, la dels dos jugadors i la de l&#8217;entrenadora per intentar&nbsp;mediar&nbsp;amb l&#8217;\u00e0rbitre, despr\u00e9s de veure als dos expulsats plorant i sense deixar-li acabar, aquest ha tret vermella directa. Ara toca continuar treballant per a la setmana que ve.<\/p>\n\n\n\n<p><\/p>\n\n\n\n<hr class=\"wp-block-separator is-style-dots\"\/>\n\n\n\n<p><\/p>\n\n\n\n<p>Viar\u00f3 2 &#8211; Cadete \u201cE\u201d 0<\/p>\n\n\n\n<p>El inicio de partido que jug\u00f3 el s\u00e1bado nuestro Cadete \u201cE\u201d empez\u00f3 muy igualado con una primera parte muy competida por ambos equipos. Los nuestros ten\u00edan jugadas muy buenas en ataque, de la misma manera que los locales. Aun as\u00ed ning\u00fan equipo llegaba a finalizar las jugadas con \u00e9xito. Se acab\u00f3 la primera parte con el marcador 0 a 0.<\/p>\n\n\n\n<p>Se sale en la segunda parte, los nuestros sab\u00edan que el partido se lo pod\u00eda llevar cualquiera de los dos equipos. Esta parte tambi\u00e9n estuvo muy disputada por ambos equipos, los de la Grama tuvieron muchas m\u00e1s ocasiones que los contrarios, pero el bal\u00f3n no entraba. Los del Viar\u00f3, estaban completamente encerrados en su campo y no generaban peligro. En el minuto 60&#8242;, se adelantan los contrarios con un 1 a 0 en el marcador tras un bal\u00f3n que los nuestros sacaron mal en la defensa y que el delantero de los contrarios se la llev\u00f3 en el rebote.<\/p>\n\n\n\n<p>Aun as\u00ed, los de la Grama segu\u00edan luchando. En el minuto 68&#8242; el rival marc\u00f3 el 2-0 en una acci\u00f3n, en la cual le hacen falta a dos jugadores de los nuestros y el colegiado no las pit\u00f3, por lo que la jugada continuaba y llega el segundo gol.<\/p>\n\n\n\n<p>Tras el segundo gol, uno de los jugadores del rival, provoca a un jugador de la Grama que ya ten\u00eda una amarilla por una falta que hab\u00eda realizado y en el momento que dicho jugador iba a ser cambiado, sin haber pasado nada m\u00e1s, el \u00e1rbitro no permite que se le cambie y con el jugador ya en el banquillo, lo expulsa. De esta manera, el jugador que iba a entrar en el terreno de juego no pudo hacerlo y los de la Fundaci\u00f3 se quedaron con 10 jugadores. Tras esto, el portero de los nuestros fue a comentar las faltas que hab\u00edan sucedido en la acci\u00f3n de gol y sin nada m\u00e1s, el colegiado le sac\u00f3 roja directa. Despu\u00e9s de esto, el equipo se queda con 9 jugadores y sin portero. Faltaban 10 minutos para que acabara el partido. Finalmente acaba el partido 2-0.<\/p>\n\n\n\n<p>Dolors: Partido en el cual hemos jugado bien, con aspectos a mejorar como siempre. Pero con tres expulsiones injustas. No me gusta comentar nada de los \u00e1rbitros, ya que est\u00e1n ah\u00ed por algo, pero hoy se han realizado tres expulsiones injustas, la de los dos jugadores y la de la entrenadora por intentar mediar con el \u00e1rbitro, tras ver a los dos expulsados llorando y sin dejarle terminar, este ha sacado roja directa. Ahora toca seguir trabajando para la semana que viene.<br><\/p>\n","protected":false},"excerpt":{"rendered":"<p>Cadet \u00abA\u00bb 2 &#8211; Ca Rull 1 Un partit gris com la matinal del dissabte per als nostres nois del Cadet \u00abA\u00bb en el Municipal.El partit comen\u00e7ava amb el conjunt Colomenc molt precipitat amb pilota i amb un joc bastant travat. Va ser precisament en una pilota llarga on arribaria&nbsp;l&#8217;1-0 obra del davanter Albert. La [&hellip;]<\/p>\n","protected":false},"author":1,"featured_media":27689,"comment_status":"closed","ping_status":"closed","sticky":false,"template":"","format":"standard","meta":{"footnotes":""},"categories":[4,7],"tags":[],"class_list":["post-27795","post","type-post","status-publish","format-standard","has-post-thumbnail","hentry","category-base-inclusiu","category-cadets"],"_links":{"self":[{"href":"http:\/\/fegrama.cat\/web\/wp-json\/wp\/v2\/posts\/27795","targetHints":{"allow":["GET"]}}],"collection":[{"href":"http:\/\/fegrama.cat\/web\/wp-json\/wp\/v2\/posts"}],"about":[{"href":"http:\/\/fegrama.cat\/web\/wp-json\/wp\/v2\/types\/post"}],"author":[{"embeddable":true,"href":"http:\/\/fegrama.cat\/web\/wp-json\/wp\/v2\/users\/1"}],"replies":[{"embeddable":true,"href":"http:\/\/fegrama.cat\/web\/wp-json\/wp\/v2\/comments?post=27795"}],"version-history":[{"count":4,"href":"http:\/\/fegrama.cat\/web\/wp-json\/wp\/v2\/posts\/27795\/revisions"}],"predecessor-version":[{"id":27843,"href":"http:\/\/fegrama.cat\/web\/wp-json\/wp\/v2\/posts\/27795\/revisions\/27843"}],"wp:featuredmedia":[{"embeddable":true,"href":"http:\/\/fegrama.cat\/web\/wp-json\/wp\/v2\/media\/27689"}],"wp:attachment":[{"href":"http:\/\/fegrama.cat\/web\/wp-json\/wp\/v2\/media?parent=27795"}],"wp:term":[{"taxonomy":"category","embeddable":true,"href":"http:\/\/fegrama.cat\/web\/wp-json\/wp\/v2\/categories?post=27795"},{"taxonomy":"post_tag","embeddable":true,"href":"http:\/\/fegrama.cat\/web\/wp-json\/wp\/v2\/tags?post=27795"}],"curies":[{"name":"wp","href":"https:\/\/api.w.org\/{rel}","templated":true}]}}