{"id":27792,"date":"2020-01-26T22:57:21","date_gmt":"2020-01-26T21:57:21","guid":{"rendered":"http:\/\/fegrama.cat\/web\/?p=27792"},"modified":"2020-01-26T22:57:22","modified_gmt":"2020-01-26T21:57:22","slug":"lesforc-dels-prebenjamins-a-i-b","status":"publish","type":"post","link":"http:\/\/fegrama.cat\/web\/lesforc-dels-prebenjamins-a-i-b\/","title":{"rendered":"L&#8217;esfor\u00e7 dels Prebenjamins \u00abA\u00bb i \u00abB\u00bb."},"content":{"rendered":"\n<p>Prebenjam\u00ed\u00a0\u00abA\u00bb 4 &#8211; Muntanyesa 7<\/p>\n\n\n\n<p>Partit dels petits del\u00a0Prebenjam\u00ed \u00abA\u00bb que es presentava molt dif\u00edcil davant el l\u00edder, que finalment es va decantar per part d&#8217;ells per la pegada\u00a0de cara a\u00a0gol.<br>Un gol molt matiner de la Muntanyesa va deixar freds als nostres res m\u00e9s comen\u00e7ar. Aix\u00ed i tot en una bona jugada per banda els de la Grama aconsegueixen l&#8217;empat poc despr\u00e9s. Semblava que els nostres anaven a dominar la situaci\u00f3, per\u00f2 dos errors de falta de contund\u00e8ncia en defensa va costar primer dos gols en el primer quart i tres m\u00e9s en el segon. Amb 1-6 acabava la primera part.<br>En la represa i amb la xerrada en vestuaris els de la Fundaci\u00f3 van sortir sense complexos i a intentar fer-ho millor. La intensitat m\u00e9s alta i el joc m\u00e9s r\u00e0pid. Per sort, d\u00f3na els seus fruits i s&#8217;aconsegueixen dos gols. Un gol de l&#8217;equip rival\u00a0curta\u00a0la reacci\u00f3 local. Bolcats en atac els de la Grama aconsegueixen en l&#8217;\u00faltima habitaci\u00f3 de joc el 4-7 definitiu.<br>Les sensacions\u00a0van ser\u00a0bones, ja que\u00a0els nostres van ser de menys a m\u00e9s.<br>L&#8217;actitud de la segona part on la Grama va ser superior, \u00e9s la que cal intentar imposar en la segona volta que comen\u00e7a la setmana que ve.<\/p>\n\n\n\n<p><\/p>\n\n\n\n<hr class=\"wp-block-separator is-style-dots\"\/>\n\n\n\n<p><\/p>\n\n\n\n<p>Prebenjam\u00edn\u00a0\u201cA\u201d 4 &#8211; Monta\u00f1esa 7<\/p>\n\n\n\n<p>Partido de los peque\u00f1os del\u00a0Prebenjam\u00edn\u00a0\u201cA\u201d que se presentaba muy dif\u00edcil ante el l\u00edder, que finalmente se decant\u00f3 por parte de ellos por la pegada cara a gol.<br>Un gol muy tempranero de la Monta\u00f1esa dej\u00f3 fr\u00edos a los nuestros nada m\u00e1s empezar. Aun as\u00ed en una buena jugada por banda los de la Grama logran el empate poco despu\u00e9s. Parec\u00eda que los nuestros iban a dominar la situaci\u00f3n, pero dos errores de falta de contundencia en defensa cost\u00f3 primero dos goles en el primer cuarto y tres m\u00e1s en el segundo. Con 1-6 acababa la primera parte.<br>En la reanudaci\u00f3n y con la charla en vestuarios los de la\u00a0Fundaci\u00f3\u00a0salieron sin complejos y a intentar hacerlo mejor. La intensidad m\u00e1s alta y el juego m\u00e1s r\u00e1pido. Por suerte, da sus frutos y se consiguen dos goles. Un gol del equipo rival corta la reacci\u00f3n local. Volcados en ataque los de la Grama consiguen en el \u00faltimo cuarto de juego el 4-7 definitivo.<br>La\u00a0sensaciones\u00a0fueron buenas ya que los nuestros fueron de menos a m\u00e1s.<br>La actitud de la segunda parte donde la Grama fue superior, es la que hay que intentar imponer en la segunda vuelta que comienza la semana que viene.<\/p>\n\n\n\n<figure class=\"wp-block-image size-large\"><img loading=\"lazy\" decoding=\"async\" width=\"1024\" height=\"768\" src=\"http:\/\/fegrama.cat\/web\/wp-content\/uploads\/2020\/01\/PREB.-B-1024x768.jpeg\" alt=\"\" class=\"wp-image-27793\" srcset=\"http:\/\/fegrama.cat\/web\/wp-content\/uploads\/2020\/01\/PREB.-B-1024x768.jpeg 1024w, http:\/\/fegrama.cat\/web\/wp-content\/uploads\/2020\/01\/PREB.-B-300x225.jpeg 300w, http:\/\/fegrama.cat\/web\/wp-content\/uploads\/2020\/01\/PREB.-B-768x576.jpeg 768w, http:\/\/fegrama.cat\/web\/wp-content\/uploads\/2020\/01\/PREB.-B-1536x1152.jpeg 1536w, http:\/\/fegrama.cat\/web\/wp-content\/uploads\/2020\/01\/PREB.-B.jpeg 1600w\" sizes=\"auto, (max-width: 1024px) 100vw, 1024px\" \/><\/figure>\n\n\n\n<p>Prebenjam\u00ed \u201cB\u201d 6 &#8211; Trinitat Vella 1<\/p>\n\n\n\n<p>El dissabte 25 els nostres nois del Prebenjam\u00ed \u00abB\u00bb van sortir pressionant al rival des del minut 0!<\/p>\n\n\n\n<p>Tant d&#8217;esfor\u00e7, va fer que tan sols en el tercer minut de joc els de la Grama es posessin davant en el marcador, per\u00f2 aix\u00ed i tot van continuar jugant amb la mateixa estrat\u00e8gia i intensitat, sense conformar-se, pressionant al rival en tot moment, la qual cosa va sortir bastant b\u00e9 marxant al descans amb el resultat de 3 a 0 en el marcador, favorable per als nostres.<\/p>\n\n\n\n<p>Els de la Fundaci\u00f3, sortien amb alguns canvis de posicions el que va fer baixar el ritme i cometre algun error tant ofensivament com defensivament el que va acabar penalitzant als de la Grama amb un gol de l&#8217;equip contrari. L&#8217;entrenador va tornar a canviar posicions i gr\u00e0cies a la sort que va acompanyar als nostres, es van poder marcar tres gols, ja que la Trinitat no va saber aprofitar els errors de la Grama.<\/p>\n\n\n\n<p><\/p>\n\n\n\n<hr class=\"wp-block-separator is-style-dots\"\/>\n\n\n\n<p><\/p>\n\n\n\n<p>Prebenjam\u00edn \u201cB\u201d 6 &#8211; Trinitat Vella 1<\/p>\n\n\n\n<p>El s\u00e1bado 25 nuestros chicos del Prebenjam\u00edn \u201cB\u201d salieron presionando al rival \u00a1desde el minuto 0!<\/p>\n\n\n\n<p>Tanto esfuerzo ya hizo que tan solo en el tercer minuto de juego los de la Grama se pusieran delante en el marcador, pero aun as\u00ed siguieron jugando con la misma estrategia e intensidad, sin conformarse y presionando al rival en todo momento, lo que sali\u00f3 bastante bien y\u00e9ndose al descanso con el resultado de 3 a 0 en el marcador, favorable para los nuestros.<\/p>\n\n\n\n<p>Los de la Fundaci\u00f3, sal\u00edan con algunos cambios de posiciones lo que hizo bajar el ritmo y cometer alg\u00fan error tanto ofensivamente como defensivamente lo que acab\u00f3 penalizando a los de la Grama con un gol del equipo contrario. El entrenador volvi\u00f3 a cambiar posiciones y gracias a la suerte que acompa\u00f1\u00f3 a los nuestros, se pudieron marcar tres goles, ya que la Trinitat no supo aprovechar los errores de los nuestros.<\/p>\n\n\n\n<p><\/p>\n","protected":false},"excerpt":{"rendered":"<p>Prebenjam\u00ed\u00a0\u00abA\u00bb 4 &#8211; Muntanyesa 7 Partit dels petits del\u00a0Prebenjam\u00ed \u00abA\u00bb que es presentava molt dif\u00edcil davant el l\u00edder, que finalment es va decantar per part d&#8217;ells per la pegada\u00a0de cara a\u00a0gol.Un gol molt matiner de la Muntanyesa va deixar freds als nostres res m\u00e9s comen\u00e7ar. Aix\u00ed i tot en una bona jugada per banda els [&hellip;]<\/p>\n","protected":false},"author":1,"featured_media":27793,"comment_status":"closed","ping_status":"closed","sticky":false,"template":"","format":"standard","meta":{"footnotes":""},"categories":[4,12],"tags":[],"class_list":["post-27792","post","type-post","status-publish","format-standard","has-post-thumbnail","hentry","category-base-inclusiu","category-prebenjamins"],"_links":{"self":[{"href":"http:\/\/fegrama.cat\/web\/wp-json\/wp\/v2\/posts\/27792","targetHints":{"allow":["GET"]}}],"collection":[{"href":"http:\/\/fegrama.cat\/web\/wp-json\/wp\/v2\/posts"}],"about":[{"href":"http:\/\/fegrama.cat\/web\/wp-json\/wp\/v2\/types\/post"}],"author":[{"embeddable":true,"href":"http:\/\/fegrama.cat\/web\/wp-json\/wp\/v2\/users\/1"}],"replies":[{"embeddable":true,"href":"http:\/\/fegrama.cat\/web\/wp-json\/wp\/v2\/comments?post=27792"}],"version-history":[{"count":2,"href":"http:\/\/fegrama.cat\/web\/wp-json\/wp\/v2\/posts\/27792\/revisions"}],"predecessor-version":[{"id":27815,"href":"http:\/\/fegrama.cat\/web\/wp-json\/wp\/v2\/posts\/27792\/revisions\/27815"}],"wp:featuredmedia":[{"embeddable":true,"href":"http:\/\/fegrama.cat\/web\/wp-json\/wp\/v2\/media\/27793"}],"wp:attachment":[{"href":"http:\/\/fegrama.cat\/web\/wp-json\/wp\/v2\/media?parent=27792"}],"wp:term":[{"taxonomy":"category","embeddable":true,"href":"http:\/\/fegrama.cat\/web\/wp-json\/wp\/v2\/categories?post=27792"},{"taxonomy":"post_tag","embeddable":true,"href":"http:\/\/fegrama.cat\/web\/wp-json\/wp\/v2\/tags?post=27792"}],"curies":[{"name":"wp","href":"https:\/\/api.w.org\/{rel}","templated":true}]}}