{"id":27752,"date":"2020-01-20T00:52:29","date_gmt":"2020-01-19T23:52:29","guid":{"rendered":"http:\/\/fegrama.cat\/web\/?p=27752"},"modified":"2020-01-20T13:05:32","modified_gmt":"2020-01-20T12:05:32","slug":"cronica-infantil-a","status":"publish","type":"post","link":"http:\/\/fegrama.cat\/web\/cronica-infantil-a\/","title":{"rendered":"Cr\u00f2nica Infantils amb el partid\u00e0s del \u00abC\u00bb."},"content":{"rendered":"\n<p>Infantil \u201cA\u201d 0&nbsp; &#8211; Tecnofutbol 0.<\/p>\n\n\n\n<p>Gran imatge del nostre Infantil \u00abA\u00bb que va mer\u00e8ixer m\u00e9s.<\/p>\n\n\n\n<p>Els de Brian Espinola venien d&#8217;una derrota molt dura la setmana passada. Aquesta vegada van sortir amb molta actitud i molt bona col\u00b7locaci\u00f3 en el camp. Amb les nombroses baixes que tenia l&#8217;Infantil \u00abA\u00bb i amb jugadors convocats amb els nostres del \u00abB\u00bb. Els nostres nois van sortir per totes en la primera part, que va ser clar\u00edssimament dominada per la grama, ja que els contraris nom\u00e9s creaven perill a pilotes llargues. Una bona col\u00b7locaci\u00f3 per part de la Grama no donava lloc a cap error.<\/p>\n\n\n\n<p>Arriben a la segona part en la qual van sortir molt m\u00e9s ofensius i van tenir diverses ocasions. El Tecnofutbol nom\u00e9s es limitava a defensar i aguantar el resultat; cap xutada a porta d&#8217;ells. Per desgr\u00e0cia i una vegada m\u00e9s, el pal va evitar que la Grama s&#8217;emportessin els 3 punts i el marcador qued\u00e9s a 0-0.<\/p>\n\n\n\n<p>Brian Espinola: Molt bona feina. Avui vam haver de canviar la l\u00ednia defensiva i alguna posici\u00f3 per les nombroses baixes que ten\u00edem, per\u00f2 s&#8217;ha competit fins al final i no els puc atribuir res. Una altra vegada els pals o el poc encert a porteria no ens fan portar-nos els 3 PUNTS. Ja estem pensant en la setmana que ve amb moltes ganes de demostrar perqu\u00e8 per a nosaltres \u00e9s una final.<\/p>\n\n\n\n<p><\/p>\n\n\n\n<hr class=\"wp-block-separator is-style-dots\"\/>\n\n\n\n<p><\/p>\n\n\n\n<p>Infantil \u201cA\u201d 0\u00a0 &#8211; Tecnofutbol 0.<\/p>\n\n\n\n<p>Gran imagen de nuestro Infantil \u201cA\u201d que mereci\u00f3 m\u00e1s.<\/p>\n\n\n\n<p>Los de Brian Espinola ven\u00edan de una derrota muy dura la semana pasada. Esta vez salieron con mucha actitud y muy buena colocaci\u00f3n en el campo. Con las numerosas bajas que ten\u00eda el Infantil \u201cA\u201d y con jugadores convocados con los nuestros del \u201cB\u201d. Nuestros chicos salieron a por todas en la primera parte, que fue clar\u00edsimamente dominada por la grama ya que los contrarios solo creaban peligro a balones largos. Una buena colocaci\u00f3n por parte de la Grama no daba lugar a ning\u00fan error.<\/p>\n\n\n\n<p>Llegan a la segunda parte en la que salieron mucho m\u00e1s ofensivos y tuvieron varias ocasiones. El Tecnofutbol solo se limitaba a defender y aguantar el resultado; ning\u00fan chute a puerta de ellos. Por desgracia y una vez m\u00e1s, el palo evit\u00f3 que la Grama se llevaran los 3 puntos y el marcador quedase a 0-0.<\/p>\n\n\n\n<p>Brian Espinola: Muy buen trabajo. Hoy tuvimos que cambiar la l\u00ednea defensiva y alguna posici\u00f3n por las numerosas bajas que ten\u00edamos, pero se ha competido hasta el final y no les puedo achacar nada. Otra vez los palos o el poco acierto a porter\u00eda no nos hacen llevarnos los 3 PUNTOS. Ya estamos pensando en la semana que viene con muchas ganas de demostrar porque para nosotros es una final.<\/p>\n\n\n\n<!--nextpage-->\n\n\n\n<p>Infantil \u00abB\u00bb 3 &#8211; Guineueta 1<\/p>\n\n\n\n<p>Els de l&#8217;Infantil \u00abB\u00bb jugaven el seu partit setmanal, que era la 13a jornada, controlant completament la zona i pressionant. Va haver-hi moltes oportunitats per a marcar. A la poca estona es va perdre una mica el control del partit que va ser on els contraris van marcar el 0 a 1. Just abans d&#8217;acabar la primera part la Grama els empata en una acci\u00f3 de robatori i amb bona assist\u00e8ncia.<br>Arriba la segona part i els de la Grama surten m\u00e9s concentrats i tornen a tenir el control. Els contraris no troben ocasi\u00f3, per\u00f2 els nostres en dos contraatacs aconsegueixen marcar els dos gols restants.<br><\/p>\n\n\n\n<p><\/p>\n\n\n\n<hr class=\"wp-block-separator is-style-dots\"\/>\n\n\n\n<p><\/p>\n\n\n\n<p>Infantil \u00abB\u00bb 3 &#8211; Guineueta 1<\/p>\n\n\n\n<p>Los del Infantil \u201cB\u201d jugaban su partido semanal, que era la 13a jornada, controlando completamente la zona y presionando. Hubo muchas oportunidades para marcar. Al poco rato se perdi\u00f3 un poco el control del partido que fue donde los contrarios marcaron el 0 a 1. Justo antes de acabar la primera parte la Grama los empata en una acci\u00f3n de robo y con buena asistencia.<\/p>\n\n\n\n<p>Llega la segunda parte y los de la Grama salen m\u00e1s concentrados y vuelven a tener el control. Los contrarios no encuentran ocasi\u00f3n, pero los nuestros en dos contraataques consiguen marcar los dos goles restantes.<br><\/p>\n\n\n\n<!--nextpage-->\n\n\n\n<p>Cinc Copes 1 &#8211; Infantil \u00abC\u00bb 3<\/p>\n\n\n\n<p>La setmana passada els nostres nois de l&#8217;Infantil \u00abC\u00bb van jugar un molt bon partit contra un contrari molt fort i atacant a la seva casa. Va haver-hi p\u00e8rdues de pilota cont\u00ednues per part dels contraris i els nostres no donaven ni una passada dolenta. De seguida va arribar el gol de la Grama. No es van&nbsp;anar&nbsp;de partit i a pocs minuts van empatar els del Cinc Copes, als de la Fundaci\u00f3. En la primera part, ni en la segona es va lluitar al complet fins que va arribar el segon gol de la Grama en el qual els contraris no van abaixar la gu\u00e0rdia, malgrat aix\u00f2 els nostres van estar molt superiors robant la pilota en els atacs del contrari. En una falta a la vora de l&#8217;\u00e0rea va ser quan va arribar el tercer gol i ja amb aquest resultat no van poder amb els de la Grama&#8230;&nbsp;PARTID\u00c0SSSSSS!!!<\/p>\n\n\n\n<p><\/p>\n\n\n\n<hr class=\"wp-block-separator is-style-dots\"\/>\n\n\n\n<p><\/p>\n\n\n\n<p>Cinc Copes 1 &#8211; Infantil \u201cC\u201d 3<\/p>\n\n\n\n<p>La semana pasada nuestros chicos del Infantil \u201cC\u201d jugaron un muy buen partido contra un contrario muy fuerte y atacante en su casa. Hubo p\u00e9rdidas de&nbsp;bal\u00f3n continuas&nbsp;por parte de los contrarios y los nuestros no daban ni un pase malo. Enseguida lleg\u00f3 el gol de la Grama. No se fueron de partido y a pocos minutos empataron los del Cinc Copes, a los de la&nbsp;Fundaci\u00f3. En la primera parte, ni en la segunda se luch\u00f3 al completo hasta que lleg\u00f3 el segundo gol de la Grama en el que los contrarios no bajaron la guardia, a pesar de eso los nuestros estuvieron muy superiores robando el bal\u00f3n en los ataques del contrario. En una falta al borde del \u00e1rea fue cuando lleg\u00f3 el tercer gol y ya con ese resultado no pudieron con los de la Grama&#8230; \u00a1\u00a1\u00a1PARTIDAZO!!!<\/p>\n","protected":false},"excerpt":{"rendered":"<p>Infantil \u201cA\u201d 0&nbsp; &#8211; Tecnofutbol 0. Gran imatge del nostre Infantil \u00abA\u00bb que va mer\u00e8ixer m\u00e9s. Els de Brian Espinola venien d&#8217;una derrota molt dura la setmana passada. Aquesta vegada van sortir amb molta actitud i molt bona col\u00b7locaci\u00f3 en el camp. Amb les nombroses baixes que tenia l&#8217;Infantil \u00abA\u00bb i amb jugadors convocats amb [&hellip;]<\/p>\n","protected":false},"author":1,"featured_media":27692,"comment_status":"closed","ping_status":"closed","sticky":false,"template":"","format":"standard","meta":{"footnotes":""},"categories":[4,9],"tags":[],"class_list":["post-27752","post","type-post","status-publish","format-standard","has-post-thumbnail","hentry","category-base-inclusiu","category-infantils"],"_links":{"self":[{"href":"http:\/\/fegrama.cat\/web\/wp-json\/wp\/v2\/posts\/27752","targetHints":{"allow":["GET"]}}],"collection":[{"href":"http:\/\/fegrama.cat\/web\/wp-json\/wp\/v2\/posts"}],"about":[{"href":"http:\/\/fegrama.cat\/web\/wp-json\/wp\/v2\/types\/post"}],"author":[{"embeddable":true,"href":"http:\/\/fegrama.cat\/web\/wp-json\/wp\/v2\/users\/1"}],"replies":[{"embeddable":true,"href":"http:\/\/fegrama.cat\/web\/wp-json\/wp\/v2\/comments?post=27752"}],"version-history":[{"count":5,"href":"http:\/\/fegrama.cat\/web\/wp-json\/wp\/v2\/posts\/27752\/revisions"}],"predecessor-version":[{"id":27772,"href":"http:\/\/fegrama.cat\/web\/wp-json\/wp\/v2\/posts\/27752\/revisions\/27772"}],"wp:featuredmedia":[{"embeddable":true,"href":"http:\/\/fegrama.cat\/web\/wp-json\/wp\/v2\/media\/27692"}],"wp:attachment":[{"href":"http:\/\/fegrama.cat\/web\/wp-json\/wp\/v2\/media?parent=27752"}],"wp:term":[{"taxonomy":"category","embeddable":true,"href":"http:\/\/fegrama.cat\/web\/wp-json\/wp\/v2\/categories?post=27752"},{"taxonomy":"post_tag","embeddable":true,"href":"http:\/\/fegrama.cat\/web\/wp-json\/wp\/v2\/tags?post=27752"}],"curies":[{"name":"wp","href":"https:\/\/api.w.org\/{rel}","templated":true}]}}