{"id":27749,"date":"2020-01-17T19:20:08","date_gmt":"2020-01-17T18:20:08","guid":{"rendered":"http:\/\/fegrama.cat\/web\/?p=27749"},"modified":"2020-01-17T19:20:09","modified_gmt":"2020-01-17T18:20:09","slug":"la-primera-derrota-de-la-temporada-pels-inclusius","status":"publish","type":"post","link":"http:\/\/fegrama.cat\/web\/la-primera-derrota-de-la-temporada-pels-inclusius\/","title":{"rendered":"La primera derrota de la temporada pels Inclusius."},"content":{"rendered":"\n<figure class=\"wp-block-image size-large\"><img loading=\"lazy\" decoding=\"async\" width=\"1024\" height=\"768\" src=\"http:\/\/fegrama.cat\/web\/wp-content\/uploads\/2020\/01\/WhatsApp-Image-2020-01-16-at-19.39.33-1024x768.jpeg\" alt=\"\" class=\"wp-image-27750\" srcset=\"http:\/\/fegrama.cat\/web\/wp-content\/uploads\/2020\/01\/WhatsApp-Image-2020-01-16-at-19.39.33-1024x768.jpeg 1024w, http:\/\/fegrama.cat\/web\/wp-content\/uploads\/2020\/01\/WhatsApp-Image-2020-01-16-at-19.39.33-300x225.jpeg 300w, http:\/\/fegrama.cat\/web\/wp-content\/uploads\/2020\/01\/WhatsApp-Image-2020-01-16-at-19.39.33-768x576.jpeg 768w, http:\/\/fegrama.cat\/web\/wp-content\/uploads\/2020\/01\/WhatsApp-Image-2020-01-16-at-19.39.33-1536x1152.jpeg 1536w, http:\/\/fegrama.cat\/web\/wp-content\/uploads\/2020\/01\/WhatsApp-Image-2020-01-16-at-19.39.33.jpeg 1600w\" sizes=\"auto, (max-width: 1024px) 100vw, 1024px\" \/><figcaption>Dalt d&#8217;esquerra a dreta: David Rodriguez, Jofre Ruiz, Nicol\u00e1s Diaz, Jose Antonio Collada, Rafael Rojano i Daniel Caba\u00f1as.<br>Sota d&#8217;esquerra a dreta: Manuel Garrido, Miguel S\u00e1nchez, Youssef, Jes\u00fas Luna, Daniel Salinas<br>i Mamadou.<\/figcaption><\/figure>\n\n\n\n<p>El dimecres dia 15 de gener els nostres Inclusius de la\u00a0Grama\u00a0van disputar el seu corresponent partit de lliga en la poblaci\u00f3 de Cornell\u00e0 de Llobregat, amb una derrota pel resultat de 5 a 2. \u00c9s la primera derrota en molt de temps dels nostres inclusius que fins ara no havien perdut.<br>Abans d&#8217;arribar al descans, ja ten\u00edem el marcador en contra amb un 2 a 0 en \u201cel llumin\u00f3s\u201d. I una vegada comen\u00e7ada la segona part, avan\u00e7ada una mica d&#8217;aquesta, es van poder retallar dist\u00e0ncies, per\u00f2 el Cornell\u00e0 va saber reaccionar arribant a marcar 3 gols m\u00e9s, on els nostres van refutar \u201cmaquillant\u201d el resultat, sumant aquest definitiu 5 a 2 final.<br>\u00c9s important destacar que els nostres van lluitar molt, els dos pals que van fer i la gran actuaci\u00f3 del porter del Cornell\u00e0.<br>Els golejadors d&#8217;aquesta setmana van ser Alberto\u00a0Vela\u00a0i Daniel Salines.<\/p>\n\n\n\n<!--nextpage-->\n\n\n\n<p>El mi\u00e9rcoles d\u00eda 15 de enero nuestros Inclusivos de la Grama disputaron su correspondiente partido de liga en la poblaci\u00f3n de Cornell\u00e1 de Llobregat, con una derrota por el resultado de 5 a 2. Es la primera derrota en mucho tiempo de nuestros inclusivos que hasta ahora no hab\u00edan perdido.\u00a0<\/p>\n\n\n\n<p>Antes de llegar al descanso, ya ten\u00edamos el marcador en contra con un 2 a 0 en \u201cel luminoso\u201d. Y una vez empezada la segunda parte, avanzada un poco de esta, se pudieron recortar distancias, pero el Cornell\u00e1 supo reaccionar llegando a marcar 3 goles m\u00e1s, d\u00f3nde los nuestros refutaron \u201cmaquillando\u201d el resultado, sumando ese definitivo 5 a 2 final.<\/p>\n\n\n\n<p>Es importante destacar que los nuestros lucharon mucho, los dos postes que hicieron y la gran actuaci\u00f3n del portero del Cornell\u00e1.<\/p>\n\n\n\n<p>Los goleadores de esta semana fueron Alberto Vela y Daniel Salinas.<br><\/p>\n","protected":false},"excerpt":{"rendered":"<p>El dimecres dia 15 de gener els nostres Inclusius de la\u00a0Grama\u00a0van disputar el seu corresponent partit de lliga en la poblaci\u00f3 de Cornell\u00e0 de Llobregat, amb una derrota pel resultat de 5 a 2. \u00c9s la primera derrota en molt de temps dels nostres inclusius que fins ara no havien perdut.Abans d&#8217;arribar al descans, ja [&hellip;]<\/p>\n","protected":false},"author":1,"featured_media":27750,"comment_status":"closed","ping_status":"closed","sticky":false,"template":"","format":"standard","meta":{"footnotes":""},"categories":[4,1256],"tags":[],"class_list":["post-27749","post","type-post","status-publish","format-standard","has-post-thumbnail","hentry","category-base-inclusiu","category-inclusiu"],"_links":{"self":[{"href":"http:\/\/fegrama.cat\/web\/wp-json\/wp\/v2\/posts\/27749","targetHints":{"allow":["GET"]}}],"collection":[{"href":"http:\/\/fegrama.cat\/web\/wp-json\/wp\/v2\/posts"}],"about":[{"href":"http:\/\/fegrama.cat\/web\/wp-json\/wp\/v2\/types\/post"}],"author":[{"embeddable":true,"href":"http:\/\/fegrama.cat\/web\/wp-json\/wp\/v2\/users\/1"}],"replies":[{"embeddable":true,"href":"http:\/\/fegrama.cat\/web\/wp-json\/wp\/v2\/comments?post=27749"}],"version-history":[{"count":1,"href":"http:\/\/fegrama.cat\/web\/wp-json\/wp\/v2\/posts\/27749\/revisions"}],"predecessor-version":[{"id":27751,"href":"http:\/\/fegrama.cat\/web\/wp-json\/wp\/v2\/posts\/27749\/revisions\/27751"}],"wp:featuredmedia":[{"embeddable":true,"href":"http:\/\/fegrama.cat\/web\/wp-json\/wp\/v2\/media\/27750"}],"wp:attachment":[{"href":"http:\/\/fegrama.cat\/web\/wp-json\/wp\/v2\/media?parent=27749"}],"wp:term":[{"taxonomy":"category","embeddable":true,"href":"http:\/\/fegrama.cat\/web\/wp-json\/wp\/v2\/categories?post=27749"},{"taxonomy":"post_tag","embeddable":true,"href":"http:\/\/fegrama.cat\/web\/wp-json\/wp\/v2\/tags?post=27749"}],"curies":[{"name":"wp","href":"https:\/\/api.w.org\/{rel}","templated":true}]}}